{"id":430,"date":"2014-03-14T22:38:11","date_gmt":"2014-03-15T02:38:11","guid":{"rendered":"http:\/\/sporek.com\/blog\/?p=430"},"modified":"2014-03-16T12:17:56","modified_gmt":"2014-03-16T16:17:56","slug":"polityczne-prostytuty-tutki","status":"publish","type":"post","link":"https:\/\/sporek.com\/blog\/?p=430","title":{"rendered":"Polityczne prostytuty (tutki)"},"content":{"rendered":"<p><strong style=\"font-weight: normal\"><\/p>\n<p dir=\"ltr\" style=\"line-height: 1.15; margin-top: 0pt; margin-bottom: 0pt\" id=\"docs-internal-guid-71a04e08-c399-1507-5935-6a86ace0ed92\"><span style=\"color: #000000; font-family: Verdana; font-size: 13px; font-style: normal; font-variant: normal; font-weight: normal; text-decoration: none; vertical-align: baseline; background-color: transparent\">Zupe\u0142nie nie jestem zaskoczony sonda\u017cami, w kt\u00f3rych takie partie, jak do niedawna PJN, czy Solidarna Polska spadaj\u0105 poni\u017cej progu wyborczego. Ja nie wiem, czy ci ludzie naprawd\u0119 my\u015bl\u0105, \u017ce spo\u0142ecze\u0144stwo jest takie, jak m\u00f3wi o nim T. L., \u00a0czyli nie jest g\u0142upie, jest bardzo g\u0142upie? <!--more-->Przecie\u017c ludzie widz\u0105. Zw\u0142aszcza ludzie, dla kt\u00f3rych takie s\u0142owa, jak lojalno\u015b\u0107, uczciwo\u015b\u0107 maj\u0105 nadal t\u0119 wysok\u0105 warto\u015b\u0107, jak\u0105 mia\u0142y zawsze. Oczywi\u015bcie, dzi\u0119ki politykom Platformy te s\u0142owa mocno si\u0119 zdewaluowa\u0142y, &#8211; pami\u0119tamy Zdzicha, Rycha, Krzycha. Ale to marginesy spo\u0142eczne. <\/span><\/p>\n<p dir=\"ltr\" style=\"line-height: 1.15; margin-top: 0pt; margin-bottom: 0pt\"><span style=\"color: #000000; font-family: Verdana; font-size: 13px; font-style: normal; font-variant: normal; font-weight: normal; text-decoration: none; vertical-align: baseline; background-color: transparent\">Jak mo\u017ce liczy\u0107 na spo\u0142eczne poparcie pose\u0142, kt\u00f3ry zaliczy\u0142 sze\u015b\u0107 partii, zarzeka\u0142 si\u0119, \u017ce do tej si\u00f3dmej na pewno nie wst\u0105pi i w\u0142a\u015bnie z tej si\u00f3dmej ubiega si\u0119 o parlament europejski. A i do tego parlamentu zarzeka\u0142 si\u0119, \u017ce nie b\u0119dzie kandydowa\u0142. <\/span><\/p>\n<p dir=\"ltr\" style=\"line-height: 1.15; margin-top: 0pt; margin-bottom: 0pt\"><span style=\"color: #000000; font-family: Verdana; font-size: 13px; font-style: normal; font-variant: normal; font-weight: normal; text-decoration: none; vertical-align: baseline; background-color: transparent\">Je\u015bli Micha\u0142 Kami\u0144ski uzyska aprobat\u0119 wyborc\u00f3w, to znaczy\u0107 to b\u0119dzie tylko jedno: polskie spo\u0142ecze\u0144stwo upad\u0142o ni\u017cej, ni\u017c upa\u015b\u0107 mog\u0142o.<\/span><\/p>\n<p dir=\"ltr\" style=\"line-height: 1.15; margin-top: 0pt; margin-bottom: 0pt\"><span style=\"color: #000000; font-family: Verdana; font-size: 13px; font-style: normal; font-variant: normal; font-weight: normal; text-decoration: none; vertical-align: baseline; background-color: transparent\">\u201eB\u0119d\u0119 na pewno gryz\u0142 ziemi\u0119, aby odnie\u015b\u0107 zwyci\u0119stwo dla ca\u0142ej formacji politycznej\u201d &#8211; m\u00f3wi dzi\u015b Micha\u0142 Kami\u0144ski, zapowiadaj\u0105c kampani\u0119 wyborc z\u0105 dla\u2026 PO<\/span><\/p>\n<p dir=\"ltr\" style=\"line-height: 1.15; margin-top: 0pt; margin-bottom: 0pt\"><span style=\"color: #000000; font-family: Verdana; font-size: 13px; font-style: normal; font-variant: normal; font-weight: normal; text-decoration: none; vertical-align: baseline; background-color: transparent\">Kiedy\u015b gryz\u0142 ziemi\u0119 dla PiSu i \u015bp. Prezydenta Lecha Kaczy\u0144skiego, krytykuj\u0105c rz\u0105d Tuska:<\/span><\/p>\n<p dir=\"ltr\" style=\"line-height: 1.15; margin-top: 0pt; margin-bottom: 0pt\"><span style=\"color: #000000; font-family: Verdana; font-size: 13px; font-style: italic; font-variant: normal; font-weight: normal; text-decoration: none; vertical-align: baseline; background-color: transparent\">\u201eNasz rz\u0105d zajmuje si\u0119 poklepywaniem po ramieniu\u201d. <\/span><span style=\"color: #000000; font-family: Verdana; font-size: 13px; font-style: normal; font-variant: normal; font-weight: normal; text-decoration: none; vertical-align: baseline; background-color: transparent\">I samego Tuska: \u201eTo plastikowy premier i czego si\u0119 dotknie, to zamienia si\u0119 w g\u2026.\u201d.<\/span><\/p>\n<p dir=\"ltr\" style=\"line-height: 1.15; margin-top: 0pt; margin-bottom: 0pt\"><span style=\"color: #000000; font-family: Verdana; font-size: 13px; font-style: normal; font-variant: normal; font-weight: normal; text-decoration: none; vertical-align: baseline; background-color: transparent\">Dzi\u015b m\u00f3wi, \u017ce tych s\u0142\u00f3w \u017ca\u0142uje i za nie przeprasza. \u00a0<\/span><\/p>\n<p dir=\"ltr\" style=\"line-height: 1.15; margin-top: 0pt; margin-bottom: 0pt\"><span style=\"color: #000000; font-family: Verdana; font-size: 13px; font-style: normal; font-variant: normal; font-weight: normal; text-decoration: none; vertical-align: baseline; background-color: transparent\">Ja ucz\u0119 mojego 6-letniego wnuka, \u017ceby \u017cy\u0142 tak, aby nie musie\u0107 przeprasza\u0107. <\/span><\/p>\n<p dir=\"ltr\" style=\"line-height: 1.15; margin-top: 0pt; margin-bottom: 0pt\"><span style=\"color: #000000; font-family: Verdana; font-size: 13px; font-style: normal; font-variant: normal; font-weight: normal; text-decoration: none; vertical-align: baseline; background-color: transparent\">Kabotyni typu Kami\u0144ski powinni by\u0107 przez spo\u0142ecze\u0144stwo odsuwani daleko od politycznego koryta. Tak, jak Putin powinien by\u0107 zignorowany przez wszystkie rz\u0105dy licz\u0105cych si\u0119 pa\u0144stw, \u00a0w ONZ powinni opuszcza\u0107 sal\u0119, kiedy przemawia. Bo tacy ludzi stanowi\u0105 swoje, w\u0142asne prawa i teorie nt prawdy, uczciwo\u015bci i lojalno\u015bci<\/span><\/p>\n<p dir=\"ltr\" style=\"line-height: 1.15; margin-top: 0pt; margin-bottom: 0pt\"><span style=\"color: #000000; font-family: Verdana; font-size: 13px; font-style: normal; font-variant: normal; font-weight: normal; text-decoration: none; vertical-align: baseline; background-color: transparent\">Ot, cho\u0107by rzeczony Kami\u0144ski. On m\u00f3wi, \u017ce to\u2026ewolucja.<\/span><\/p>\n<p dir=\"ltr\" style=\"line-height: 1.15; margin-top: 0pt; margin-bottom: 0pt\"><span style=\"color: #000000; font-family: Verdana; font-size: 13px; font-style: normal; font-variant: normal; font-weight: normal; text-decoration: none; vertical-align: baseline; background-color: transparent\">I zostaje rozgrzeszony. \u00a0Ale przez kogo? A no, D. Tuska (wysoka poprzeczka uczciwo\u015bci, niech to licho): \u201eCiesz\u0119 si\u0119, \u017ce spotykam si\u0119 z takimi lud\u017ami, tak\u017ce, jak Micha\u0142 Kami\u0144ski, kt\u00f3rzy zmieniaj\u0105 opini\u0119 na temat \u00a0Platformy i chc\u0105 nam pom\u00f3c utrzyma\u0107 stabilno\u015b\u0107 polityczn\u0105.\u201d I dodaje: \u201eJa bardzo chc\u0119 wygra\u0107 te wybory, poniewa\u017c stawka jest wi\u0119ksza, ni\u017c kiedykolwiek\u201d.<\/span><\/p>\n<p dir=\"ltr\" style=\"line-height: 1.15; margin-top: 0pt; margin-bottom: 0pt\"><span style=\"color: #000000; font-family: Verdana; font-size: 13px; font-style: normal; font-variant: normal; font-weight: normal; text-decoration: none; vertical-align: baseline; background-color: transparent\">I tu si\u0119 pan Tusk pomyli\u0142 i powiedzia\u0142 prawd\u0119. \u201cStawka jest wi\u0119ksza, ni\u017c kiedykolwiek\u201d. I to prawda w\u0142a\u015bnie: 96 polskich Ofiar znad Smole\u0144ska i przymilanie do Putina; 100 Ofiar na Majdanie i Tusk pr\u0119\u017cy musku\u0142y, robi gro\u017ane miny. \u015ap. Prezydenta, Lecha Kaczynskiego poniewiera\u0142 za \u017cycia, s\u0142ucha\u0107 nie chcia\u0142, a dzi\u015b czarne, na bia\u0142ym wysz\u0142o, \u017ce zamordowany Lech Kaczy\u0144ski wiedzia\u0142, co m\u00f3wi i, co najgorsze powiedzia\u0142 wielce prorocze s\u0142owa.<\/span><\/p>\n<p dir=\"ltr\" style=\"line-height: 1.15; margin-top: 0pt; margin-bottom: 0pt\"><span style=\"color: #000000; font-family: Verdana; font-size: 13px; font-style: normal; font-variant: normal; font-weight: normal; text-decoration: none; vertical-align: baseline; background-color: transparent\">Ale Tusk nie ma na my\u015bli pa\u0144stwa polskiego m\u00f3wi\u0105c o \u201cstawce\u201d. On wie, \u017ce \u00a0czeka go trybuna\u0142 stanu, on wie, \u017ce nadejdzie czas rozliczenia: stoczni\u0119 w Gda\u0144sku, port w \u015awinouj\u015bciu, gaz, pendolino, stadion, autostrady, OFE, radary, afery i to wszystko, co przesun\u0119\u0142o Polsk\u0119 na kraj przepa\u015bci gospodarczej.<\/span><\/p>\n<p dir=\"ltr\" style=\"line-height: 1.15; margin-top: 0pt; margin-bottom: 10pt\"><span style=\"color: #000000; font-family: Verdana; font-size: 13px; font-style: normal; font-variant: normal; font-weight: normal; text-decoration: none; vertical-align: baseline; background-color: transparent\">Ale wr\u00f3\u0107my do Micha\u0142a Kami\u0144skiego. Zaliczy\u0142 by\u0142 ten \u201cwybitny\u201d polityk nast\u0119puj\u0105ce ugrupowania polityczne: Narodowe Odrodzenie Polski, Zjednoczenie Chrze\u015bcija\u0144sko-Narodowe, <\/span><span style=\"color: #000000; font-family: Verdana; font-size: 13px; font-style: normal; font-variant: normal; font-weight: normal; text-decoration: none; vertical-align: baseline; background-color: transparent\">Akcja Wyborcza Solidarno\u015b\u0107, Przymierze Prawicy, PiS, PJN no i teraz \u2026 Platforma. Po drodze zd\u0105\u017cy\u0142 Pinochetowi wr\u0119czy\u0107 medalion z Matk\u0105 Bosk\u0105 (kompletna paranoja). <\/span><span style=\"color: #000000; font-family: Verdana; font-size: 13px; font-style: normal; font-variant: normal; font-weight: normal; text-decoration: none; vertical-align: baseline; background-color: transparent\">A oto, co m\u00f3wi\u0142 niedawno w programie \u201cMin\u0119\u0142a20\u201d: \u00a0<\/span><span style=\"color: #000000; font-family: Verdana; font-size: 13px; font-style: normal; font-variant: normal; font-weight: bold; text-decoration: none; vertical-align: baseline; background-color: transparent\">\u201eJeszcze raz podkre\u015bl\u0119, do Platformy si\u0119 nie wybieram, chocia\u017c wielu mi to zarzuca\u0142o, nie zamierzam wst\u0119powa\u0107\u201d.<\/span><\/p>\n<p dir=\"ltr\" style=\"line-height: 1.15; margin-top: 0pt; margin-bottom: 10pt\"><span style=\"color: #000000; font-family: Verdana; font-size: 13px; font-style: normal; font-variant: normal; font-weight: bold; text-decoration: none; vertical-align: baseline; background-color: transparent\"><\/span><span style=\"color: #000000; font-family: Verdana; font-size: 13px; font-style: normal; font-variant: normal; font-weight: normal; text-decoration: none; vertical-align: baseline; background-color: transparent\">Dziennikarka \u201eMin\u0119\u0142a 20\u201d: &#8211; jednak nie, na pewno?<\/span><\/p>\n<p dir=\"ltr\" style=\"line-height: 1.15; margin-top: 0pt; margin-bottom: 0pt\"><span style=\"color: #000000; font-family: Verdana; font-size: 13px; font-style: normal; font-variant: normal; font-weight: normal; text-decoration: none; vertical-align: baseline; background-color: transparent\">Kami\u0144ski: &#8211; Nie b\u0119d\u0119 wst\u0119powa\u0142 do tej partii\u201d.<\/span><\/p>\n<p dir=\"ltr\" style=\"line-height: 1.15; margin-top: 0pt; margin-bottom: 0pt\"><span style=\"color: #000000; font-family: Verdana; font-size: 13px; font-style: normal; font-variant: normal; font-weight: normal; text-decoration: none; vertical-align: baseline; background-color: transparent\">Dziennikarka: &#8211; A do parlamentu europejskiego pan si\u0119 wybiera?<\/span><\/p>\n<p dir=\"ltr\" style=\"line-height: 1.15; margin-top: 0pt; margin-bottom: 0pt\"><span style=\"color: #000000; font-family: Verdana; font-size: 13px; font-style: normal; font-variant: normal; font-weight: normal; text-decoration: none; vertical-align: baseline; background-color: transparent\">Kami\u0144ski: &#8211; Do parlamentu europejskiego \u00a0te\u017c nie b\u0119d\u0119 kandydowa\u0142.<\/span><\/p>\n<p dir=\"ltr\" style=\"line-height: 1.15; margin-top: 0pt; margin-bottom: 0pt\"><span style=\"color: #000000; font-family: Verdana; font-size: 13px; font-style: normal; font-variant: normal; font-weight: normal; text-decoration: none; vertical-align: baseline; background-color: transparent\">Jak pokaza\u0142a przysz\u0142o\u015b\u0107 obydwie deklaracje okaza\u0142y si\u0119 k\u0142amstwem, przepraszam, &#8211; ewolucj\u0105.<\/span><\/p>\n<p dir=\"ltr\" style=\"line-height: 1.15; margin-top: 0pt; margin-bottom: 0pt\"><span style=\"color: #000000; font-family: Verdana; font-size: 13px; font-style: normal; font-variant: normal; font-weight: normal; text-decoration: none; vertical-align: baseline; background-color: transparent\">Jaki\u015b dziennikarz Wiadomo\u015bci zapyta\u0142 Beat\u0119 Kemp\u0119, czy w polityce istnieje co\u015b takiego, jak wierno\u015b\u0107, uczciwo\u015b\u0107, mi\u0142o\u015b\u0107. Pos\u0142anka jednym tchem wyrecytowa\u0142a: nie ma mi\u0142o\u015bci, nie ma wierno\u015bci, nie ma uczciwo\u015bci w polityce. <\/span><\/p>\n<p dir=\"ltr\" style=\"line-height: 1.15; margin-top: 0pt; margin-bottom: 0pt\"><span style=\"color: #000000; font-family: Verdana; font-size: 13px; font-style: normal; font-variant: normal; font-weight: normal; text-decoration: none; vertical-align: baseline; background-color: transparent\">No, mia\u0142 si\u0119 te\u017c kogo zapyta\u0107\u2026? \u00a0Oj, przepraszam, m\u00f3g\u0142 jeszcze zapyta\u0107 Ziobr\u0119, albo Kurskiego, a w og\u00f3le m\u00f3g\u0142 zacz\u0105\u0107 od Kluzik-Rostkowskiej &#8211; najwy\u017csze standardy uczciwo\u015bci \u00a0i lojalno\u015bci.<\/span><\/p>\n<p dir=\"ltr\" style=\"line-height: 1.15; margin-top: 0pt; margin-bottom: 0pt\"><span style=\"color: #000000; font-family: Verdana; font-size: 13px; font-style: normal; font-variant: normal; font-weight: normal; text-decoration: none; vertical-align: baseline; background-color: transparent\">Wszyscy oni wjechali \u00a0do wielkiej polityki na plecach braci Kaczy\u0144skich i wszyscy oni zas\u0142u\u017cyli, aby nie oddawa\u0107 na nich nawet \u0107wier\u0107 g\u0142osu. \u00a0<\/span><\/p>\n<p dir=\"ltr\" style=\"line-height: 1.15; margin-top: 0pt; margin-bottom: 0pt\"><span style=\"color: #000000; font-family: Verdana; font-size: 13px; font-style: normal; font-variant: normal; font-weight: normal; text-decoration: none; vertical-align: baseline; background-color: transparent\">Tuskowi, jak zwykle wt\u00f3ruje pose\u0142-ornitolog, kt\u00f3ry m\u00f3wi: \u201eBardzo si\u0119 ciesz\u0119, \u017ce z partii podpalaczy Polski przeszed\u0142 do partii ludzi odpowiedzialnych za Polsk\u0119. \u00a0Nie rozumiem tych z\u0142o\u015bliwo\u015bci, jakiego\u015b festiwalu pomyj, kt\u00f3re si\u0119 wylewa na \u00a0koleg\u0119 Kami\u0144skiego\u201d.<\/span><\/p>\n<p dir=\"ltr\" style=\"line-height: 1.15; margin-top: 0pt; margin-bottom: 0pt\"><span style=\"color: #000000; font-family: Verdana; font-size: 13px; font-style: normal; font-variant: normal; font-weight: normal; text-decoration: none; vertical-align: baseline; background-color: transparent\">A czeg\u00f3\u017c mo\u017cna si\u0119 spodziewa\u0107 po Niesio\u0142owskim\u2026? <\/span><\/p>\n<p dir=\"ltr\" style=\"line-height: 1.15; margin-top: 0pt; margin-bottom: 0pt\"><span style=\"color: #000000; font-family: Verdana; font-size: 13px; font-style: normal; font-variant: normal; font-weight: normal; text-decoration: none; vertical-align: baseline; background-color: transparent\">Nic nie poradz\u0105, ani Tusk, ani Niesio\u0142owski &#8211; nawet media g\u0142\u00f3wnego nurtu kpi\u0105, szydz\u0105 i \u015bmiej\u0105 si\u0119 z Kami\u0144skiego. Standardy stosowane przez obecnie rz\u0105dz\u0105c\u0105 ekip\u0119 s\u0105 doprawdy niewiarygodnie \u017cenuj\u0105co niskie. <\/span><\/p>\n<p><\/strong><strong style=\"font-weight: normal\"><span style=\"color: #000000; font-family: Calibri; font-size: 15px; font-style: normal; font-variant: normal; font-weight: normal; text-decoration: none; vertical-align: baseline; background-color: transparent\"><\/span><br \/>\n<\/strong><\/p>\n","protected":false},"excerpt":{"rendered":"<p>Zupe\u0142nie nie jestem zaskoczony sonda\u017cami, w kt\u00f3rych takie partie, jak do niedawna PJN, czy Solidarna Polska spadaj\u0105 poni\u017cej progu wyborczego. Ja nie wiem, czy ci ludzie naprawd\u0119 my\u015bl\u0105, \u017ce spo\u0142ecze\u0144stwo jest takie, jak m\u00f3wi o nim T. L., \u00a0czyli nie jest g\u0142upie, jest bardzo g\u0142upie?<\/p>\n","protected":false},"author":2,"featured_media":0,"comment_status":"open","ping_status":"open","sticky":false,"template":"","format":"standard","meta":[],"categories":[4],"tags":[],"_links":{"self":[{"href":"https:\/\/sporek.com\/blog\/index.php?rest_route=\/wp\/v2\/posts\/430"}],"collection":[{"href":"https:\/\/sporek.com\/blog\/index.php?rest_route=\/wp\/v2\/posts"}],"about":[{"href":"https:\/\/sporek.com\/blog\/index.php?rest_route=\/wp\/v2\/types\/post"}],"author":[{"embeddable":true,"href":"https:\/\/sporek.com\/blog\/index.php?rest_route=\/wp\/v2\/users\/2"}],"replies":[{"embeddable":true,"href":"https:\/\/sporek.com\/blog\/index.php?rest_route=%2Fwp%2Fv2%2Fcomments&post=430"}],"version-history":[{"count":0,"href":"https:\/\/sporek.com\/blog\/index.php?rest_route=\/wp\/v2\/posts\/430\/revisions"}],"wp:attachment":[{"href":"https:\/\/sporek.com\/blog\/index.php?rest_route=%2Fwp%2Fv2%2Fmedia&parent=430"}],"wp:term":[{"taxonomy":"category","embeddable":true,"href":"https:\/\/sporek.com\/blog\/index.php?rest_route=%2Fwp%2Fv2%2Fcategories&post=430"},{"taxonomy":"post_tag","embeddable":true,"href":"https:\/\/sporek.com\/blog\/index.php?rest_route=%2Fwp%2Fv2%2Ftags&post=430"}],"curies":[{"name":"wp","href":"https:\/\/api.w.org\/{rel}","templated":true}]}}