{"id":431,"date":"2014-03-17T22:48:55","date_gmt":"2014-03-18T02:48:55","guid":{"rendered":"http:\/\/sporek.com\/blog\/?p=431"},"modified":"2014-03-17T23:34:29","modified_gmt":"2014-03-18T03:34:29","slug":"do-euro-parlamentu","status":"publish","type":"post","link":"https:\/\/sporek.com\/blog\/?p=431","title":{"rendered":"Do Euro-Parlamentu!!!"},"content":{"rendered":"<p><span style=\"color: #000000; font-family: Arial; font-size: 15px; font-style: normal; font-variant: normal; font-weight: normal; text-decoration: none; vertical-align: baseline; background-color: transparent\"><\/span><span style=\"color: #000000; font-family: Arial; font-size: 13px; font-style: normal; font-variant: normal; font-weight: normal; text-decoration: none; vertical-align: baseline; background-color: transparent\">14 tysi\u0119cy euro miesi\u0119cznie \u2013 tyle wynosi pensja Cz\u0142onka Parlamentu Europejskiego\u201d. Tak rozpoczyna si\u0119 informacja telewizyjna na jednej z niemieckich stacji. Bohaterem tych wiadomo\u015bci jest kolejny EuroPOse\u0142 \u2013 Tadeusz Zwiefka.<!--more--><\/span><\/p>\n<p><strong style=\"font-weight: normal\"><\/p>\n<p dir=\"ltr\" style=\"line-height: 1.15; margin-top: 0pt; margin-bottom: 0pt\"><span style=\"color: #000000; font-family: Arial; font-size: 13px; font-style: normal; font-variant: normal; font-weight: normal; text-decoration: none; vertical-align: baseline; background-color: transparent\">Spikerka m\u00f3wi dalej: \u201eTo, \u017ce ci panowie i panie pracuj\u0105 bardzo ma\u0142o zosta\u0142o ju\u017c wielokrotnie ujawnione. Jednak\u017ce te skandaliczne historie najwyra\u017aniej nie zawstydzi\u0142y ich i nie spowodowa\u0142y, \u017ce zmienili swoje zachowanie. Wci\u0105\u017c mamy cz\u0142onk\u00f3w, kt\u00f3rzy podpisuj\u0105 rejestr obecno\u015bci i zaraz potem biegiem znikaj\u0105, by rozpocz\u0105\u0107 sw\u00f3j wcze\u015bniejszy weekend. Ci, kt\u00f3rzy o tym informuj\u0105 (dziennikarze), musz\u0105 natychmiast opu\u015bci\u0107 budynek. M\u00f3j kolega z pracy, Thomas Meier, zosta\u0142 wyrzucony z budynku Unii Europejskiej\u201d.<\/span><\/p>\n<p dir=\"ltr\" style=\"line-height: 1.15; margin-top: 0pt; margin-bottom: 0pt\"><span style=\"color: #000000; font-family: Arial; font-size: 13px; font-style: normal; font-variant: normal; font-weight: normal; text-decoration: none; vertical-align: baseline; background-color: transparent\">Film pokazuje dalej, \u017ce z budynku Parlamentu Europejskiego wyrzuca si\u0119 dziennikarzy, kt\u00f3rzy maj\u0105 aktualne akredytacje, zezwolenia, itp, zachowuj\u0105 si\u0119 poprawnie, ale, niestety zadaj\u0105 trudne pytania. Najtrudniejszym jest pytanie o zarobki europos\u0142\u00f3w.<\/span><\/p>\n<p dir=\"ltr\" style=\"line-height: 1.15; margin-top: 0pt; margin-bottom: 0pt\"><span style=\"color: #000000; font-family: Arial; font-size: 13px; font-style: normal; font-variant: normal; font-weight: normal; text-decoration: none; vertical-align: baseline; background-color: transparent\">Oto zarobki europos\u0142\u00f3w:<\/span><\/p>\n<p dir=\"ltr\" style=\"line-height: 1.15; margin-top: 0pt; margin-bottom: 0pt\"><span style=\"color: #000000; font-family: Arial; font-size: 13px; font-style: normal; font-variant: normal; font-weight: normal; text-decoration: none; vertical-align: baseline; background-color: transparent\">7.339.00 euro &#8211; pensja podstawowa,<\/span><\/p>\n<p dir=\"ltr\" style=\"line-height: 1.15; margin-top: 0pt; margin-bottom: 0pt\"><span style=\"color: #000000; font-family: Arial; font-size: 13px; font-style: normal; font-variant: normal; font-weight: normal; text-decoration: none; vertical-align: baseline; background-color: transparent\">3.980.00 wolny od podatku dodatek do pensji,<\/span><\/p>\n<p dir=\"ltr\" style=\"line-height: 1.15; margin-top: 0pt; margin-bottom: 0pt\"><span style=\"color: #000000; font-family: Arial; font-size: 13px; font-style: normal; font-variant: normal; font-weight: normal; text-decoration: none; vertical-align: baseline; background-color: transparent\"> \u00a0284.00 za ka\u017cdy dzie\u0144 w parlamencie. Takich dni europos\u0142owie maj\u0105 \u015brednio 12 w miesi\u0105cu. Bez specjalnego wysi\u0142ku mo\u017cna policzy\u0107, \u017ce daje to kwot\u0119 3.408 euro.<\/span><\/p>\n<p dir=\"ltr\" style=\"line-height: 1.15; margin-top: 0pt; margin-bottom: 0pt\"><span style=\"color: #000000; font-family: Arial; font-size: 13px; font-style: normal; font-variant: normal; font-weight: normal; text-decoration: none; vertical-align: baseline; background-color: transparent\">\u201eZusammen\u201d, jak relacjonuje niemiecki korespondent, europose\u0142 dostaje 14.727 Euro. Mo\u017cna \u017cy\u0107? A jak! Kto\u015b t\u0119 Uni\u0119 Europejsk\u0105 nie\u017ale wykombinowa\u0142\u2026<\/span><\/p>\n<p dir=\"ltr\" style=\"line-height: 1.15; margin-top: 0pt; margin-bottom: 0pt\"><span style=\"color: #000000; font-family: Arial; font-size: 13px; font-style: normal; font-variant: normal; font-weight: normal; text-decoration: none; vertical-align: baseline; background-color: transparent\">Bohaterem tego filmu na youtube jest, jak ju\u017c wspomnia\u0142em, kolejny, kompromituj\u0105cy Polsk\u0119 EuroPOse\u0142, Tadeusz Zwiefka. Niemieccy dziennikarze filmuj\u0105 naszego \u201eeuro\u201d, jak ucieka, a to do windy, a to do jakiego\u015b pokoju. \u017benada wi\u0119ksza jeszcze od tej w wydaniu Protasiewicza, co to paszportem dyplomatycznym macha\u0142 przed kamerami, a na przej\u015bciu granicznym poucza\u0142 celnika o zakazie wymawiania s\u0142owa\u201d raus\u201d, bo jemu kojarzy si\u0119 to z II Wojn\u0105 \u015awiatow\u0105 (urodzi\u0142 si\u0119 w 1967 roku, \u017ce te\u017c mu si\u0119 to nie kojarzy z Beatlesami\u2026, no c\u00f3\u017c, za m\u0142ody. \u00a0Pewnie w ko\u0142ysce s\u0142ucha\u0142 Help, albo inne Yesterday). Og\u00f3lnie wyj\u0105tkowy kretyn, \u00a0rozgarni\u0119ty, jak kupa li\u015bci. No, ale europose\u0142, wicie, rozumicie.<\/span><\/p>\n<p dir=\"ltr\" style=\"line-height: 1.15; margin-top: 0pt; margin-bottom: 0pt\"><span style=\"color: #000000; font-family: Arial; font-size: 13px; font-style: normal; font-variant: normal; font-weight: normal; text-decoration: none; vertical-align: baseline; background-color: transparent\">A kt\u00f3z te\u017c wybiera si\u0119 teraz z tej platformersko-sld-owsko-p-kotowej ferajny zarobi\u0107 troch\u0119 grosza niewiele robi\u0105c w przestronnych budynkach Euro-parlamentu? O, Kochani, to ci dopiero Elita \u2013 Jelita:<\/span><\/p>\n<p dir=\"ltr\" style=\"line-height: 1.15; margin-top: 0pt; margin-bottom: 0pt\"><span style=\"color: #000000; font-family: Arial; font-size: 13px; font-style: normal; font-variant: normal; font-weight: normal; text-decoration: none; vertical-align: baseline; background-color: transparent\">Oty\u0142a J\u0119drzejczak &#8211; PO (przepraszam, Otylia), &#8211; zawsze lubi\u0142a p\u0142ywa\u0107\u2026<\/span><\/p>\n<p dir=\"ltr\" style=\"line-height: 1.15; margin-top: 0pt; margin-bottom: 0pt\"><span style=\"color: #000000; font-family: Arial; font-size: 13px; font-style: normal; font-variant: normal; font-weight: normal; text-decoration: none; vertical-align: baseline; background-color: transparent\">Bogdan Wenta &#8211; PO \u2013 trener. My\u015bla\u0142em, \u017ce ten gostek ma troch\u0119 godno\u015bci\u2026<\/span><\/p>\n<p dir=\"ltr\" style=\"line-height: 1.15; margin-top: 0pt; margin-bottom: 0pt\"><span style=\"color: #000000; font-family: Arial; font-size: 13px; font-style: normal; font-variant: normal; font-weight: normal; text-decoration: none; vertical-align: baseline; background-color: transparent\">Maciej \u017burawski &#8211; SLD \u2013 by\u0142y pi\u0142karz. Ups. I co on tam b\u0119dzie robi\u0142? \u0141awka rezerwowych?<\/span><\/p>\n<p dir=\"ltr\" style=\"line-height: 1.15; margin-top: 0pt; margin-bottom: 0pt\"><span style=\"color: #000000; font-family: Arial; font-size: 13px; font-style: normal; font-variant: normal; font-weight: normal; text-decoration: none; vertical-align: baseline; background-color: transparent\">Wronika Marczuk-Pazura \u00a0\u2013 SLD \u2013 aktorka \u00a0(Ten Pazura taki mi si\u0119 wydawa\u0142 zdrowy \u00a0pogl\u0105dowo. \u00a0A mo\u017ce to tylko przed Poloni\u0105\u2026?)<\/span><\/p>\n<p dir=\"ltr\" style=\"line-height: 1.15; margin-top: 0pt; margin-bottom: 0pt\"><span style=\"color: #000000; font-family: Arial; font-size: 13px; font-style: normal; font-variant: normal; font-weight: normal; text-decoration: none; vertical-align: baseline; background-color: transparent\">Micha\u0142 Kami\u0144ski \u2013 PO \u2013 by\u0142y rzecznik Prezydenta Lecha Kaczy\u0144skiego!) \u2013 3 partie w ci\u0105gu 41 miesi\u0119cy! To si\u0119 nazywa parcie na mamon\u0119.<\/span><\/p>\n<p dir=\"ltr\" style=\"line-height: 1.15; margin-top: 0pt; margin-bottom: 0pt\"><span style=\"color: #000000; font-family: Arial; font-size: 13px; font-style: normal; font-variant: normal; font-weight: normal; text-decoration: none; vertical-align: baseline; background-color: transparent\">Micha\u0142 B\u0105kiewicz &#8211; SLD \u2013 siatkarz. Niewiele ugra\u0142 na boisku, liczy, \u017ce ugra w Europie\u2026?<\/span><\/p>\n<p dir=\"ltr\" style=\"line-height: 1.15; margin-top: 0pt; margin-bottom: 0pt\"><span style=\"color: #000000; font-family: Arial; font-size: 13px; font-style: normal; font-variant: normal; font-weight: normal; text-decoration: none; vertical-align: baseline; background-color: transparent\">Anna Jesie\u0144 \u2013 SLD \u2013 lekkoatletka. Jesie\u0144 \u017cycia chce sp\u0119dzi\u0107 w wielkim \u015bwiecie\u2026?<\/span><\/p>\n<p dir=\"ltr\" style=\"line-height: 1.15; margin-top: 0pt; margin-bottom: 0pt\"><span style=\"color: #000000; font-family: Arial; font-size: 13px; font-style: normal; font-variant: normal; font-weight: normal; text-decoration: none; vertical-align: baseline; background-color: transparent\">Ewa W\u00f3jcik \u2013 Tw\u00f3j Ruch \u2013 \u201eNo i wybrali ch\u2026 na papie\u017ca\u201d , to w\u0142a\u015bnie ta, tak, tak. W teatrze przecie\u017c nie zarobi tyle, co w Europarlamencie.<\/span><\/p>\n<p dir=\"ltr\" style=\"line-height: 1.15; margin-top: 0pt; margin-bottom: 0pt\"><span style=\"color: #000000; font-family: Arial; font-size: 13px; font-style: normal; font-variant: normal; font-weight: normal; text-decoration: none; vertical-align: baseline; background-color: transparent\">Izabella \u0141ukomska-Py\u017calska \u2013 Tw\u00f3j Ruch \u2013 by\u0142a modelka Playboya.<\/span><\/p>\n<p dir=\"ltr\" style=\"line-height: 1.15; margin-top: 0pt; margin-bottom: 0pt\"><span style=\"color: #000000; font-family: Arial; font-size: 13px; font-style: normal; font-variant: normal; font-weight: normal; text-decoration: none; vertical-align: baseline; background-color: transparent\">Kochani, to nie \u017cart. To polscy kandydaci do Europarlamentu. Jedynej instytucji na \u015bwiecie, w kt\u00f3rej zwykli pos\u0142owie zarabiaj\u0105 wi\u0119cej, ni\u017c np. Kanclerz, Angela Merkel. Jedynej instytucji na \u015bwiecie, w kt\u00f3rej pos\u0142owie mog\u0105 podpisa\u0107 obecno\u015b\u0107 i od razu da\u0107 dyla do samolotu, czyli po prostu kra\u015b\u0107 spo\u0142eczne pieni\u0105dze. Jedynej instytucji na \u015bwiecie, z kt\u00f3rej budynk\u00f3w wyrzucani s\u0105 legalnie pracuj\u0105cy dziennikarze demaskuj\u0105cy z\u0142odziejskie praktyki europos\u0142\u00f3w. Polscy euro-pos\u0142owie maj\u0105 jeszcze t\u0119 szans\u0119, \u017ce niekt\u00f3rzy pos\u0142uj\u0105 w rodzimym parlamencie i jak zd\u0105\u017c\u0105 na wcze\u015bniejszy samolot, to si\u0119 za\u0142api\u0105 wczesnym popo\u0142udniem na Wiejskiej, podpisz\u0105 list\u0119 obecno\u015bci i dopiero wtedy, ca\u0142kiem ju\u017c zm\u0119czeni gonitw\u0105 za mamon\u0105, dyla do domciu na zas\u0142u\u017cony wypoczynek. Tak, to mo\u017cna \u017cy\u0107. No, to ja si\u0119 nie dziwi\u0119, \u017ce si\u0119 tak pchaj\u0105. A jaki\u015b test z angielskiego chocia\u017cby, nie przyda\u0142by si\u0119? <\/span><span style=\"color: #000000; font-family: Arial; font-size: 13px; font-style: normal; font-variant: normal; font-weight: normal; text-decoration: none; vertical-align: baseline; background-color: transparent\">Pisa\u0142em \u00a0w poprzednim artykule o braku uczciwo\u015bci, lojalno\u015bci, etc. To na koniec jeszcze o mistrzach, nad mistrze. I tylko w Polsce mo\u017cliwe, aby ludzie tak niskich instynkt\u00f3w zachowawczo-spo\u0142ecznych mogli dochodzi\u0107 tak wysoko.<\/span><\/p>\n<p dir=\"ltr\" style=\"line-height: 1.15; margin-top: 0pt; margin-bottom: 0pt\"><span style=\"color: #000000; font-family: Arial; font-size: 13px; font-style: normal; font-variant: normal; font-weight: normal; text-decoration: none; vertical-align: baseline; background-color: transparent\">Micha\u0142 Kami\u0144ski \u2013 3 partie w 41 miesi\u0119cy. Przemys\u0142aw Wipler, ten, co to niby przez pomy\u0142k\u0119 dosta\u0142 wp\u2026. od policjant\u00f3w, a by\u0142 bardzo grzeczny \u2013 3 partie w 31 miesi\u0119cy. Panowie, cho\u0107by\u015bcie si\u0119 nie wiem jak starali tego rekordu nie pobijecie: Joanna Kluzik-Rostkowska: 3 partie w 7 miesi\u0119cy!! W nagrod\u0119 zosta\u0142a ministrem o\u015bwiaty. Tak wi\u0119c w Polsce hipokryzja, brak zasad moralnych, zdrada idea\u0142\u00f3w, koleg\u00f3w, przyjaci\u00f3\u0142, mo\u017ce zaprowadzi\u0107 na ministerialny sto\u0142ek. Pod jednym wszak\u017ce warunkiem: Ten najwy\u017cszy i najwa\u017cniejszy, tzw. prezes rady ministr\u00f3w te\u017c musi nie mie\u0107 ani zasad, ani idea\u0142\u00f3w,.<\/span><\/p>\n<p dir=\"ltr\" style=\"line-height: 1.15; margin-top: 0pt; margin-bottom: 0pt\"><span style=\"color: #000000; font-family: Arial; font-size: 13px; font-style: normal; font-variant: normal; font-weight: normal; text-decoration: none; vertical-align: baseline; background-color: transparent\">Oj, Polsko, Ty biedna.<\/span><span style=\"color: #000000; font-family: Arial; font-size: 15px; font-style: normal; font-variant: normal; font-weight: bold; text-decoration: none; vertical-align: baseline; background-color: transparent\"> <\/span><\/p>\n<p><span style=\"color: #000000; font-family: Arial; font-size: 15px; font-style: normal; font-variant: normal; font-weight: normal; text-decoration: none; vertical-align: baseline; background-color: transparent\"><\/span><\/p>\n<p dir=\"ltr\" style=\"line-height: 1.15; margin-top: 0pt; margin-bottom: 0pt\">Ale nas uczono o Zawiszy Czarnym, dzi\u015b doktoryzuj\u0105 si\u0119 z nauk o&#8230;gejach.<\/p>\n<p><strong style=\"font-weight: normal\"><\/p>\n<p dir=\"ltr\" style=\"line-height: 1.15; margin-top: 0pt; margin-bottom: 0pt\" id=\"docs-internal-guid-dc82fb08-d33a-b7dd-8ce3-7cfb03af0877\">&nbsp;<\/p>\n<p><\/strong><\/p>\n<p dir=\"ltr\" style=\"line-height: 1.15; margin-top: 0pt; margin-bottom: 0pt\" id=\"docs-internal-guid-dc82fb08-d33a-b7dd-8ce3-7cfb03af0877\">&nbsp;<\/p>\n<p><strong style=\"font-weight: normal\"><\/p>\n<p dir=\"ltr\" style=\"line-height: 1.15; margin-top: 0pt; margin-bottom: 0pt\" id=\"docs-internal-guid-dc82fb08-d33a-b7dd-8ce3-7cfb03af0877\">&nbsp;<\/p>\n<p><\/strong><\/p>\n<p dir=\"ltr\" style=\"line-height: 1.15; margin-top: 0pt; margin-bottom: 0pt\">&nbsp;<\/p>\n<p dir=\"ltr\" style=\"line-height: 1.15; margin-top: 0pt; margin-bottom: 0pt\">&nbsp;<\/p>\n<p><\/strong><\/p>\n<p dir=\"ltr\" style=\"line-height: 1.15; margin-top: 0pt; margin-bottom: 0pt\">&nbsp;<\/p>\n<p dir=\"ltr\" style=\"line-height: 1.15; margin-top: 0pt; margin-bottom: 0pt\">&nbsp;<\/p>\n","protected":false},"excerpt":{"rendered":"<p>14 tysi\u0119cy euro miesi\u0119cznie \u2013 tyle wynosi pensja Cz\u0142onka Parlamentu Europejskiego\u201d. Tak rozpoczyna si\u0119 informacja telewizyjna na jednej z niemieckich stacji. Bohaterem tych wiadomo\u015bci jest kolejny EuroPOse\u0142 \u2013 Tadeusz Zwiefka.<\/p>\n","protected":false},"author":2,"featured_media":0,"comment_status":"open","ping_status":"open","sticky":false,"template":"","format":"standard","meta":[],"categories":[4],"tags":[],"_links":{"self":[{"href":"https:\/\/sporek.com\/blog\/index.php?rest_route=\/wp\/v2\/posts\/431"}],"collection":[{"href":"https:\/\/sporek.com\/blog\/index.php?rest_route=\/wp\/v2\/posts"}],"about":[{"href":"https:\/\/sporek.com\/blog\/index.php?rest_route=\/wp\/v2\/types\/post"}],"author":[{"embeddable":true,"href":"https:\/\/sporek.com\/blog\/index.php?rest_route=\/wp\/v2\/users\/2"}],"replies":[{"embeddable":true,"href":"https:\/\/sporek.com\/blog\/index.php?rest_route=%2Fwp%2Fv2%2Fcomments&post=431"}],"version-history":[{"count":0,"href":"https:\/\/sporek.com\/blog\/index.php?rest_route=\/wp\/v2\/posts\/431\/revisions"}],"wp:attachment":[{"href":"https:\/\/sporek.com\/blog\/index.php?rest_route=%2Fwp%2Fv2%2Fmedia&parent=431"}],"wp:term":[{"taxonomy":"category","embeddable":true,"href":"https:\/\/sporek.com\/blog\/index.php?rest_route=%2Fwp%2Fv2%2Fcategories&post=431"},{"taxonomy":"post_tag","embeddable":true,"href":"https:\/\/sporek.com\/blog\/index.php?rest_route=%2Fwp%2Fv2%2Ftags&post=431"}],"curies":[{"name":"wp","href":"https:\/\/api.w.org\/{rel}","templated":true}]}}