{"id":432,"date":"2014-03-24T20:29:56","date_gmt":"2014-03-25T00:29:56","guid":{"rendered":"http:\/\/sporek.com\/blog\/?p=432"},"modified":"2014-03-24T20:36:07","modified_gmt":"2014-03-25T00:36:07","slug":"pali-sie%e2%80%a6","status":"publish","type":"post","link":"https:\/\/sporek.com\/blog\/?p=432","title":{"rendered":"Pali si\u0119\u2026"},"content":{"rendered":"<p> &#8230;pod ty\u0142kiem Tuska (przepraszam za t\u0119 form\u0119, ale nic innego nie przychodzi mi do g\u0142owy). A poniewa\u017c jest kiepskim politykiem -zawsze by\u0142 kiepski, mia\u0142 jedynie dobrych piarowc\u00f3w-, to zaczyna wygadywa\u0107 niewiarygodne bzdury. <!--more-->Najwi\u0119ksz\u0105 jest ta, \u017ce jak PO nie wygra wybor\u00f3w, to b\u0119dzie wojna, a dok\u0142adnie: b\u0119dzie wojna, jak wygra PiS. Trzeba mie\u0107 nie pokolei pod czaszk\u0105, \u017ceby takie rzeczy wygadywa\u0107 i boj\u0119 si\u0119, \u017ce ten premier narobi nam pod koniec swojego niechlubnego rz\u0105dzenia wi\u0119cej wstydu, ni\u017c wszyscy razem wzi\u0119ci platformersi przynosz\u0105cy nam wstyd na mi\u0119dzynarodowej arenie.<br \/>\nW \u015blad za debilnym o\u015bwiadczeniem o wojnie posz\u0142o jeszcze bardziej debilne stwierdzenie -przypuszczenie, \u017ce polskie dzieci mog\u0105 1 wrze\u015bnia w og\u00f3le nie  p\u00f3j\u015b\u0107 do szko\u0142y. Kojarzy si\u0119 to bardzo \u017ale, ale jak wida\u0107 nie Tuskowi. O historii Polski premier wie tyle, ile jego by\u0142y minister, z \u201cBydgoszczu\u201d-g\u0142\u00f3wny ksi\u0119gowy, od pog\u0142\u0119biania dziury bud\u017cetowej -,  wie na temat odmiany nazw polskich miast przez przypadki.<br \/>\nTusk wygadywa\u0142 te brednie maj\u0105c przed sob\u0105 ca\u0142\u0105 swoj\u0105 \u015bwit\u0119 i jeszcze Kliczk\u0119 w pierwszym rz\u0119dzie (co Kliczko robi na sp\u0119dzie PO??? &#8211; zg\u0142upia\u0142, czy co)? Tusk lubi pr\u0119\u017cy\u0107 musku\u0142y, kiedy jest w \u2026 kupie. Pami\u0119tamy t\u0119 jego wypowied\u017a z \u201cNocnej zmiany\u201d: \u201cPanowie policzmy si\u0119\u201d. To oddaje jego charakter. W pojedynk\u0119 jest cie\u0144ki, ale w ci\u017cbie, &#8211; gieroj.<br \/>\nTylko mina ju\u017c nie ta; te przestraszone oczka, lataj\u0105ce, jak mewy nad falami Ba\u0142tyku. A ma si\u0119 czego ba\u0107, oj ma. I to w\u0142a\u015bnie jest najwi\u0119kszy pow\u00f3d do walki na \u015bmier\u0107 i \u017cycie w wyborach. A kt\u00f3\u017c nie ba\u0142by si\u0119 trybuna\u0142u stanu, kt\u00f3\u017c nie ba\u0142by si\u0119 wi\u0119zienia? Ten facet powinien sko\u0144czy\u0107 w wi\u0119zieniu, za wszystko, co pod jego przyw\u00f3dztwem jego partia uczyni\u0142a Polsce, Polakom; m\u0142odym, starym i najm\u0142odszym; zdrowym, chorym i niepe\u0142nosprawnym. Cwaniacy z PO i PSL, za ka\u017cde z o\u015bmiu lat ich fatalnego rz\u0105dzenia powinni dosta\u0107 co najmniej dwa lata za kratkami.<br \/>\nJeszcze jednym pokazem niskiego IQ premiera RP jest  kolejne wywo\u0142ywanie wojny polsko-polskiej. Niespodziewanie i zaraz po tym, jak partie opozycyjne zadeklarowa\u0142y jedno\u015b\u0107 w kwestii Ukrainy. Wida\u0107 ju\u017c, jak na d\u0142oni: kampania wyborcza rozpocz\u0119ta i b\u0119dzie bezpardonow\u0105 walk\u0105 rz\u0105dz\u0105cych\u2026 ze wszystkimi, a najbardziej z PiSem.<br \/>\nAle, przypominam: &#8211; rz\u0105dz\u0105cym ju\u017c nie o Polsk\u0119 idzie: po pierwsze sto\u0142ki w Europie i europejskie emeryturki, po drugie od\u0142o\u017cy\u0107 w czasie wyroki trybuna\u0142u stanu za zniszczenie gospodarki, afery, sprzeda\u017c maj\u0105tku na niekorzystnych warunkach, krzywdz\u0105cych Polsk\u0119, no i Smole\u0144sk. Tu boli najbardziej. S\u0142usznie powiedzia\u0142a jedna z Wd\u00f3w, po tym, kiedy og\u0142oszono, (po czterech latach), \u017ce z bada\u0144 wynika, i\u017c Genera\u0142 B\u0142asik nie by\u0142 pijany i nie wydawa\u0142 rozkaz\u00f3w, \u017ce \u201cz tymi panami nie ma ochoty rozmawia\u0107 o rehabilitacji poleg\u0142ych, bo tam nie ma z kim rozmawia\u0107\u201d.<br \/>\nPolsk\u0105 rz\u0105dz\u0105 \u017ali ludzie, &#8211;  pozbawieni serca, sumienia i rozumu (patrz zachowanie ornitologa Niesio\u0142owskiego w stosunku do matek niepe\u0142nosprawnych dzieci, &#8211; wronom okaza\u0142by wi\u0119cej serca, ni\u017c tym cierpi\u0105cym ludziom. Ale to wyj\u0105tkowo prymitywny facet). I jak ka\u017cdy z\u0142y, kt\u00f3ry boi si\u0119 kary b\u0119d\u0105 robi\u0107 wszystko, \u017ceby zniszczy\u0107 przeciwnik\u00f3w w nadchodz\u0105cych wyborach. Liczy\u0107 si\u0119 b\u0119dzie przytomno\u015b\u0107 umys\u0142\u00f3w g\u0142osuj\u0105cych. My\u015bl\u0119, \u017ce Polacy maj\u0105 ju\u017c do\u015b\u0107 k\u0142amstw, fa\u0142szu, ignorancji, przest\u0119pstw, afer i wyg\u0142up\u00f3w POlityk\u00f3w i PSLityk\u00f3w. Ale te\u017c mam nadzieje, \u017ce Polacy dostrzegli w ubieg\u0142ym tygodniu zaprzedanie si\u0119 w\u0142adzy S\u0105du Najwy\u017cszego, kt\u00f3ry oczy\u015bci\u0142 z zarzut\u00f3w pos\u0142ank\u0119 Sawick\u0105. Kobiet\u0119 ze spo\u0142ecznym zaufaniem, kt\u00f3ra da\u0142a si\u0119 podpu\u015bci\u0107, przyj\u0119\u0142a \u0142ap\u00f3wk\u0119, powo\u0142a\u0142a si\u0119 na poselskie koneksje, ale\u2026 by\u0142a z PO i nie ma takiej sprawiedliwo\u015bci w POlsce, aby \u201cpos\u0142aniec\u201d z PO m\u00f3g\u0142 zosta\u0107 skazany.<br \/>\nOdsy\u0142am do znakomitej, ameryka\u0144skiej opowie\u015bci filmowej,  opartej na faktach, z lat 80-tych minionego stulecia, w kt\u00f3rej zdemaskowano i SKAZANO (a nie uniewinniono, jak w POlsce) sze\u015bciu kongresmen\u00f3w, jednego senatora i dw\u00f3ch szejk\u00f3w!!!.  \u201cAmerican Hustle\u201d  &#8211; Ameryka\u0144ski szwindel (przekr\u0119t). Do zdemaskowania skorumpowanych kongresmen\u00f3w FBI u\u017cy\u0142o w\u0142a\u015bnie podstawionych agent\u00f3w. Konkluzja jest jasna i klarowna: polityk wybrany przez podatnik\u00f3w musi by\u0107 czysty, jak \u0142za i nie mo\u017ce da\u0107 si\u0119 przekupi\u0107. Je\u015bli tak nie jest, to s\u0105dy nie maj\u0105 w\u0105tpliwo\u015bci.<br \/>\nTyle, \u017ce historia  Sawickiej dzieje si\u0119 w POlsce, a tam przest\u0119pc\u0105 nie jest ten, kt\u00f3ry bierze \u0142ap\u00f3wk\u0119, proponuje \u201ckr\u0119cenie lewych lod\u00f3w\u201d na szerok\u0105 skal\u0119. Tam, w POlsce przest\u0119pc\u0105 jest ten, kt\u00f3ry takiego POlityka nakryje na braniu \u0142ap\u00f3wki, i snuciu plan\u00f3w okradania spo\u0142ecze\u0144stwa i pa\u0144stwa. Tak jest w\u0142a\u015bnie za PO i PSL. Panowie, my wam ju\u017c dzi\u0119kujemy. WON!<br \/>\nJe\u015bli PO, PSL i SLD przecisn\u0105 za pomoc\u0105 wyborc\u00f3w \u201cswoich\u201d do parlamentu Europejskiego, to znaczy, \u017ce spo\u0142ecze\u0144stwo ma du\u017cy problem z rozumem i odwag\u0105.<\/p>\n","protected":false},"excerpt":{"rendered":"<p>&#8230;pod ty\u0142kiem Tuska (przepraszam za t\u0119 form\u0119, ale nic innego nie przychodzi mi do g\u0142owy). A poniewa\u017c jest kiepskim politykiem -zawsze by\u0142 kiepski, mia\u0142 jedynie dobrych piarowc\u00f3w-, to zaczyna wygadywa\u0107 niewiarygodne bzdury.<\/p>\n","protected":false},"author":2,"featured_media":0,"comment_status":"open","ping_status":"open","sticky":false,"template":"","format":"standard","meta":[],"categories":[4],"tags":[],"_links":{"self":[{"href":"https:\/\/sporek.com\/blog\/index.php?rest_route=\/wp\/v2\/posts\/432"}],"collection":[{"href":"https:\/\/sporek.com\/blog\/index.php?rest_route=\/wp\/v2\/posts"}],"about":[{"href":"https:\/\/sporek.com\/blog\/index.php?rest_route=\/wp\/v2\/types\/post"}],"author":[{"embeddable":true,"href":"https:\/\/sporek.com\/blog\/index.php?rest_route=\/wp\/v2\/users\/2"}],"replies":[{"embeddable":true,"href":"https:\/\/sporek.com\/blog\/index.php?rest_route=%2Fwp%2Fv2%2Fcomments&post=432"}],"version-history":[{"count":0,"href":"https:\/\/sporek.com\/blog\/index.php?rest_route=\/wp\/v2\/posts\/432\/revisions"}],"wp:attachment":[{"href":"https:\/\/sporek.com\/blog\/index.php?rest_route=%2Fwp%2Fv2%2Fmedia&parent=432"}],"wp:term":[{"taxonomy":"category","embeddable":true,"href":"https:\/\/sporek.com\/blog\/index.php?rest_route=%2Fwp%2Fv2%2Fcategories&post=432"},{"taxonomy":"post_tag","embeddable":true,"href":"https:\/\/sporek.com\/blog\/index.php?rest_route=%2Fwp%2Fv2%2Ftags&post=432"}],"curies":[{"name":"wp","href":"https:\/\/api.w.org\/{rel}","templated":true}]}}