{"id":433,"date":"2014-03-26T12:29:31","date_gmt":"2014-03-26T16:29:31","guid":{"rendered":"http:\/\/sporek.com\/blog\/?p=433"},"modified":"2014-03-26T12:31:45","modified_gmt":"2014-03-26T16:31:45","slug":"pinokio","status":"publish","type":"post","link":"https:\/\/sporek.com\/blog\/?p=433","title":{"rendered":"Pinokio"},"content":{"rendered":"<p><strong style=\"font-weight: normal\"><\/p>\n<p dir=\"ltr\" style=\"line-height: 1.15; margin-top: 0pt; margin-bottom: 0pt\" id=\"docs-internal-guid-88f75635-ff38-566c-678a-d832f9206f9e\"><span style=\"color: #000000; font-family: Verdana; font-size: 13px; font-style: normal; font-variant: normal; font-weight: normal; text-decoration: none; vertical-align: baseline; background-color: transparent\">Byle wygra\u0107 wybory, a potem, byle do nast\u0119pnych wybor\u00f3w. To z\u0142ota zasada Z\u0142otoustego Tuska. Dzi\u015b musi si\u0119 zmierzy\u0107 z rodzicami niepe\u0142nosprawnych dzieci, protestuj\u0105cych na sejmowych korytarzach. Wracaj\u0105 do niego jego w\u0142asne s\u0142owa sprzed siedmiu lat, wyg\u0142aszane w patetycznym tonie z sejmowej m\u00f3wnicy:<!--more--><\/span><span style=\"color: #000000; font-family: Verdana; font-size: 13px; font-style: normal; font-variant: normal; font-weight: normal; text-decoration: none; vertical-align: baseline; background-color: #ffffff\">\u201e<\/span><span style=\"color: #000000; font-family: Verdana; font-size: 13px; font-style: italic; font-variant: normal; font-weight: normal; text-decoration: none; vertical-align: baseline; background-color: #ffffff\">Pomoc ze strony pa\u0144stwa maj\u0105 otrzymywa\u0107 ci najs\u0142absi, a nie ci najsilniejsi. Chcemy pom\u00f3c, tak\u017ce poprzez wzrost p\u0142ac, nie tym, kt\u00f3rzy najskuteczniej potrafi\u0105 walczy\u0107 o swoje prawa, ale tym, kt\u00f3rzy pozbawieni s\u0105 szansy twardego egzekwowania swoich praw i korzy\u015bci. Sprawiedliwe pa\u0144stwo bierze pod opiek\u0119 zawsze najs\u0142abszych, nigdy najsilniejszych(&#8230;)<\/span><\/p>\n<p><\/strong><strong style=\"font-weight: normal\"><\/p>\n<p dir=\"ltr\" style=\"line-height: 1.15; margin-top: 0pt; margin-bottom: 0pt\"><span style=\"color: #000000; font-family: Verdana; font-size: 13px; font-style: normal; font-variant: normal; font-weight: normal; text-decoration: none; vertical-align: baseline; background-color: transparent\">Taki to by\u0142 Janosik. I co z tego zosta\u0142o? NIC. Jak zreszt\u0105 ze wszystkiego, co obiecywa\u0142. Najlepiej wysz\u0142o temu premierowi i jego rz\u0105dowi sprzedawanie Polski, najlepiej wysz\u0142a im likwidacja armii, najlepiej wychodzi\u0142o im zamiatanie afer pod dywan. <\/span><\/p>\n<p dir=\"ltr\" style=\"line-height: 1.15; margin-top: 0pt; margin-bottom: 0pt\"><span style=\"color: #000000; font-family: Verdana; font-size: 13px; font-style: normal; font-variant: normal; font-weight: normal; text-decoration: none; vertical-align: baseline; background-color: transparent\">Przypomn\u0119 jeszcze inn\u0105 sentencj\u0119 Z\u0142otoustego Tuska: <\/span><\/p>\n<p dir=\"ltr\" style=\"line-height: 1.3636; margin-top: 0pt; margin-bottom: 0pt\"><span style=\"color: #000000; font-family: Verdana; font-size: 13px; font-style: italic; font-variant: normal; font-weight: normal; text-decoration: none; vertical-align: baseline; background-color: #ffffff\">To ludzie, kt\u00f3rzy nie maj\u0105 zdrowotnych ogranicze\u0144 musz\u0105 zrozumie\u0107, \u017ce w niepe\u0142nosprawnych tkwi wielki, pozytywny potencja\u0142. Je\u015bli zrozumiemy t\u0119 prawd\u0119, to edukacja, doradztwo, rehabilitacja i praca stan\u0105 si\u0119 dla niepe\u0142nosprawnych bardziej dost\u0119pne. Mam nadziej\u0119, panie marsza\u0142ku, i t\u0119 pro\u015bb\u0119 i apel zg\u0142aszam w imieniu tak\u017ce niepe\u0142nosprawnych zasiadaj\u0105cych w tej izbie. \u017be znakiem czasu b\u0119dzie tak\u017ce taka zmiana tego miejsca, kt\u00f3ra umo\u017cliwi niepe\u0142nosprawnym zabieranie g\u0142osu z tego miejsca<\/span><span style=\"color: #000000; font-family: Verdana; font-size: 13px; font-style: normal; font-variant: normal; font-weight: normal; text-decoration: none; vertical-align: baseline; background-color: #ffffff\">\u201d.<\/span><\/p>\n<p dir=\"ltr\" style=\"line-height: 1.15; margin-top: 0pt; margin-bottom: 0pt\"><span style=\"color: #000000; font-family: Verdana; font-size: 13px; font-style: normal; font-variant: normal; font-weight: normal; text-decoration: none; vertical-align: baseline; background-color: transparent\">Naprawd\u0119 z tym premierem, z tym rz\u0105dem nie ma ju\u017c co dyskutowa\u0107. Ich wszystkich trzeba odusn\u0105\u0107 od w\u0142adzy, a zaraz potem rozliczy\u0107 ze wszystkiego, co ukradli, co sprzedali za bezcen, co przehandlowali dla w\u0142asnych korzy\u015bci. Rozliczy\u0107 za stworzenie pa\u0144stwa byle jakiego; bez honoru, prawdy, patriotyzmu, historii, tradycji. Won z tymi \u201cambitnymi\u201d prostakami, przeci\u0119tniakami, won z chamami z Bi\u0142goraja, ksi\u0119gowymi z \u201cBydgoszczu\u201d, ornitologami, peda\u0142ami, babami-ch\u0142opami, tramwajarkami. <\/span><\/p>\n<p dir=\"ltr\" style=\"line-height: 1.15; margin-top: 0pt; margin-bottom: 0pt\"><span style=\"color: #000000; font-family: Verdana; font-size: 13px; font-style: normal; font-variant: normal; font-weight: normal; text-decoration: none; vertical-align: baseline; background-color: transparent\">Narodzie, obud\u017a si\u0119 wreszcie!!!!!!!!!!!!!!!!!!!!!!!!!<\/span><\/p>\n<p><\/strong><\/p>\n","protected":false},"excerpt":{"rendered":"<p>Byle wygra\u0107 wybory, a potem, byle do nast\u0119pnych wybor\u00f3w. To z\u0142ota zasada Z\u0142otoustego Tuska. Dzi\u015b musi si\u0119 zmierzy\u0107 z rodzicami niepe\u0142nosprawnych dzieci, protestuj\u0105cych na sejmowych korytarzach. Wracaj\u0105 do niego jego w\u0142asne s\u0142owa sprzed siedmiu lat, wyg\u0142aszane w patetycznym tonie z sejmowej m\u00f3wnicy:<\/p>\n","protected":false},"author":2,"featured_media":0,"comment_status":"open","ping_status":"open","sticky":false,"template":"","format":"standard","meta":[],"categories":[4],"tags":[],"_links":{"self":[{"href":"https:\/\/sporek.com\/blog\/index.php?rest_route=\/wp\/v2\/posts\/433"}],"collection":[{"href":"https:\/\/sporek.com\/blog\/index.php?rest_route=\/wp\/v2\/posts"}],"about":[{"href":"https:\/\/sporek.com\/blog\/index.php?rest_route=\/wp\/v2\/types\/post"}],"author":[{"embeddable":true,"href":"https:\/\/sporek.com\/blog\/index.php?rest_route=\/wp\/v2\/users\/2"}],"replies":[{"embeddable":true,"href":"https:\/\/sporek.com\/blog\/index.php?rest_route=%2Fwp%2Fv2%2Fcomments&post=433"}],"version-history":[{"count":0,"href":"https:\/\/sporek.com\/blog\/index.php?rest_route=\/wp\/v2\/posts\/433\/revisions"}],"wp:attachment":[{"href":"https:\/\/sporek.com\/blog\/index.php?rest_route=%2Fwp%2Fv2%2Fmedia&parent=433"}],"wp:term":[{"taxonomy":"category","embeddable":true,"href":"https:\/\/sporek.com\/blog\/index.php?rest_route=%2Fwp%2Fv2%2Fcategories&post=433"},{"taxonomy":"post_tag","embeddable":true,"href":"https:\/\/sporek.com\/blog\/index.php?rest_route=%2Fwp%2Fv2%2Ftags&post=433"}],"curies":[{"name":"wp","href":"https:\/\/api.w.org\/{rel}","templated":true}]}}