{"id":434,"date":"2014-03-28T14:45:53","date_gmt":"2014-03-28T18:45:53","guid":{"rendered":"http:\/\/sporek.com\/blog\/?p=434"},"modified":"2014-03-28T14:48:14","modified_gmt":"2014-03-28T18:48:14","slug":"list-dyrektora","status":"publish","type":"post","link":"https:\/\/sporek.com\/blog\/?p=434","title":{"rendered":"List dyrektora"},"content":{"rendered":"<p dir=\"ltr\" style=\"line-height: 1.15; margin-top: 0pt; margin-bottom: 0pt\"><span style=\"color: #000000; font-family: Verdana; font-size: 13px; font-style: normal; font-variant: normal; font-weight: normal; text-decoration: none; vertical-align: baseline; background-color: #ffffff\">Poni\u017cej publikuj\u0119 list cz\u0142onkini Rady Dyrektor\u00f3w P-SF Unii Kredytowej, Pani Marzeny Wojczulanis.<!--more--><\/span><\/p>\n<p dir=\"ltr\" style=\"line-height: 1.15; margin-top: 0pt; margin-bottom: 0pt\"><span style=\"color: #000000; font-family: Verdana; font-size: 13px; font-style: normal; font-variant: normal; font-weight: normal; text-decoration: none; vertical-align: baseline; background-color: #ffffff\">Zwracam si\u0119 do Was wszystkich, jako demokratycznie wybranych przedstawicieli naszych cz\u0142onk\u00f3w o natychmiastow\u0105 reakcj\u0119 i wszcz\u0119cie dzia\u0142a\u0144 w celu zabezpieczenia zbli\u017caj\u0105cych si\u0119 wybor\u00f3w. Moje pro\u015bby skierowane do przewodnicz\u0105cego Matyszczyka zosta\u0142y jak zwykle potraktowane w spos\u00f3b cyniczny i wr\u0119cz bezczelny ignoruj\u0105c postulaty moje i cz\u0142onk\u00f3w PSFCU. Z tego powodu dyskusj\u0119 z nim na ten temat uwa\u017cam niestety za bezsensown\u0105. Zgodnie z wieloletnimi \u017c\u0105daniami naszych cz\u0142onk\u00f3w, a po\u015br\u00f3d nich os\u00f3b ubiegaj\u0105cych si\u0119 o wyb\u00f3r do Rady Dyrektor\u00f3w, musimy zrobi\u0107 wszystko, aby nadchodz\u0105ce wybory zosta\u0142y przeprowadzone w spos\u00f3b klarowny i zgodny z tymi \u017c\u0105daniami. Jak wiecie postulowa\u0142am, aby utworzona zosta\u0142a komisja cz\u0142onkowska do nadzoru nad wyborami, a tak\u017ce, aby g\u0142osy oddane w wyborach by\u0142y przez ni\u0105 sprawdzone i policzone podczas Rocznego Walnego Zebrania Sprawozdawczo &#8211; Wyborczego.<\/span><\/p>\n<p dir=\"ltr\" style=\"line-height: 1.15; margin-top: 0pt; margin-bottom: 0pt\"><span style=\"color: #000000; font-family: Verdana; font-size: 13px; font-style: normal; font-variant: normal; font-weight: normal; text-decoration: none; vertical-align: baseline; background-color: #ffffff\">Jak wiecie podczas Zebrania Specjalnego w marcu 2012 roku ustanawiany zosta\u0142 precedens, kt\u00f3ry powinni\u015bmy zastosowa\u0107 w stosunku do najbli\u017cszych wybor\u00f3w. Procedury takie zapewni\u0105 kontrol\u0119 nad jawno\u015bci\u0105 i uczciwo\u015bci\u0105 wybor\u00f3w, oraz spowoduj\u0105, \u017ce cz\u0142onkowie po raz pierwszy ca\u0142kowicie zaufaj\u0105 wynikom wybor\u00f3w. Komisja taka musi sk\u0142ada\u0107 si\u0119, z co najmniej 9 os\u00f3b i powinna by\u0107 stworzona na drodze losowania wybranych przedstawicieli z po\u015br\u00f3d cz\u0142onk\u00f3w. Aby taka komisja powsta\u0142a nale\u017cy natychmiast og\u0142osi\u0107 jej ukonstytuowanie poprzez zawieszenie og\u0142osze\u0144 na drzwiach oddzia\u0142\u00f3w i zamieszczenie og\u0142osze\u0144 w polskich mediach. Wyb\u00f3r cz\u0142onk\u00f3w komisji nast\u0105pi na drodze losowania podczas Zebrania Wyborczego\/Informacyjnego, kt\u00f3re musimy zwo\u0142a\u0107 w po\u0142owie kwietnia i wylosowa\u0107 tam na oczach cz\u0142onk\u00f3w osoby, kt\u00f3re b\u0119d\u0105 nadzorowa\u0107 wybory. Zebranie to tak\u017ce pos\u0142u\u017cy, aby przedstawi\u0107 kandydat\u00f3w i ich programy wyborcze naszym cz\u0142onkom.<\/span><\/p>\n<p dir=\"ltr\" style=\"line-height: 1.15; margin-top: 0pt; margin-bottom: 10pt\"><span style=\"color: #000000; font-family: Verdana; font-size: 13px; font-style: normal; font-variant: normal; font-weight: normal; text-decoration: none; vertical-align: baseline; background-color: #ffffff\">Pisz\u0119 do was w j\u0119zyku polskim gdy\u017c list ten zostanie upubliczniony w\u015br\u00f3d naszych cz\u0142onk\u00f3w poprzez gazety i ulotki. Mam nadziej\u0119, \u017ce wszyscy cz\u0142onkowie Rady s\u0105 jednog\u0142o\u015bnie za uczciwymi wyborami i wespr\u0105 moje postulaty, oraz bez zw\u0142oki przyst\u0105pi\u0105 do konstruktywnego, wsp\u00f3lnego dzia\u0142ania w celu zabezpieczenia jawno\u015bci wybor\u00f3w. Pragn\u0119 was r\u00f3wnie\u017c zapewni\u0107, \u017ce nie omieszkam poinformowa\u0107 cz\u0142onk\u00f3w naszej organizacji, kto w Radzie Dyrektor\u00f3w jest zwolennikiem przeprowadzania wybor\u00f3w w formie zakamuflowanej i niezgodnej z \u017c\u0105daniami naszych cz\u0142onk\u00f3w &#8211; w\u0142a\u015bcicieli PSFUK.<\/span><\/p>\n<p dir=\"ltr\" style=\"line-height: 1.15; margin-top: 0pt; margin-bottom: 10pt\">Marzena Wojczulanis<\/p>\n<p><span style=\"color: #000000; font-family: Arial; font-size: 15px; font-style: normal; font-variant: normal; font-weight: normal; text-decoration: none; vertical-align: baseline; background-color: transparent\"><\/span><\/p>\n","protected":false},"excerpt":{"rendered":"<p>Poni\u017cej publikuj\u0119 list cz\u0142onkini Rady Dyrektor\u00f3w P-SF Unii Kredytowej, Pani Marzeny Wojczulanis.<\/p>\n","protected":false},"author":2,"featured_media":0,"comment_status":"open","ping_status":"open","sticky":false,"template":"","format":"standard","meta":[],"categories":[3],"tags":[],"_links":{"self":[{"href":"https:\/\/sporek.com\/blog\/index.php?rest_route=\/wp\/v2\/posts\/434"}],"collection":[{"href":"https:\/\/sporek.com\/blog\/index.php?rest_route=\/wp\/v2\/posts"}],"about":[{"href":"https:\/\/sporek.com\/blog\/index.php?rest_route=\/wp\/v2\/types\/post"}],"author":[{"embeddable":true,"href":"https:\/\/sporek.com\/blog\/index.php?rest_route=\/wp\/v2\/users\/2"}],"replies":[{"embeddable":true,"href":"https:\/\/sporek.com\/blog\/index.php?rest_route=%2Fwp%2Fv2%2Fcomments&post=434"}],"version-history":[{"count":0,"href":"https:\/\/sporek.com\/blog\/index.php?rest_route=\/wp\/v2\/posts\/434\/revisions"}],"wp:attachment":[{"href":"https:\/\/sporek.com\/blog\/index.php?rest_route=%2Fwp%2Fv2%2Fmedia&parent=434"}],"wp:term":[{"taxonomy":"category","embeddable":true,"href":"https:\/\/sporek.com\/blog\/index.php?rest_route=%2Fwp%2Fv2%2Fcategories&post=434"},{"taxonomy":"post_tag","embeddable":true,"href":"https:\/\/sporek.com\/blog\/index.php?rest_route=%2Fwp%2Fv2%2Ftags&post=434"}],"curies":[{"name":"wp","href":"https:\/\/api.w.org\/{rel}","templated":true}]}}