{"id":435,"date":"2014-04-01T00:39:40","date_gmt":"2014-04-01T04:39:40","guid":{"rendered":"http:\/\/sporek.com\/blog\/?p=435"},"modified":"2014-09-15T21:41:42","modified_gmt":"2014-09-16T01:41:42","slug":"intelektualisci%e2%80%a6","status":"publish","type":"post","link":"https:\/\/sporek.com\/blog\/?p=435","title":{"rendered":"Intelektuali\u015bci\u2026"},"content":{"rendered":"<p><strong style=\"font-weight: normal\"><\/p>\n<p dir=\"ltr\" style=\"line-height: 1.15; margin-top: 0pt; margin-bottom: 0pt\" id=\"docs-internal-guid-97c3048b-1b95-01be-febd-fdbc90553a4b\"><span style=\"color: #000000; font-family: Verdana; font-size: 13px; font-style: normal; font-variant: normal; font-weight: normal; text-decoration: none; vertical-align: baseline; background-color: transparent\">Drogi Michale, dziwne rzeczy dziej\u0105 si\u0119 w Rzeczypospolitej, a\u017c dziw, \u017ce Naj\u015bwi\u0119tsza Panienka tak cierpliwie na to patrzy.<!--more--><\/span><\/p>\n<p dir=\"ltr\" style=\"line-height: 1.15; margin-top: 0pt; margin-bottom: 0pt\"><span style=\"color: #000000; font-family: Verdana; font-size: 13px; font-style: normal; font-variant: normal; font-weight: normal; text-decoration: none; vertical-align: baseline; background-color: transparent\">W stolicy naszej, dasz wiar\u0119, przyjacielu &#8211; marsz si\u0119 odby\u0142 niedowiark\u00f3w. Zali\u017c to koniec \u015bwiata idzie, czy jakie inne nieszcz\u0119\u015bcie?<\/span><\/p>\n<p dir=\"ltr\" style=\"line-height: 1.15; margin-top: 0pt; margin-bottom: 0pt\"><span style=\"color: #000000; font-family: Verdana; font-size: 13px; font-style: normal; font-variant: normal; font-weight: normal; text-decoration: none; vertical-align: baseline; background-color: transparent\">Idziesz sobie Waszmo\u015b\u0107 wyobrazi\u0107, \u017ce tak zwani \u201cintelektuali\u015bci\u201d ow\u0105 \u201cprocesyj\u0119\u201d ateist\u00f3w wsparli swoim rzekomym autorytetem. Intelektuali\u015bci, jak z koziego ty\u0142ka tr\u0105bki..<\/span><\/p>\n<p dir=\"ltr\" style=\"line-height: 1.15; margin-top: 0pt; margin-bottom: 0pt\"><span style=\"color: #000000; font-family: Verdana; font-size: 13px; font-style: normal; font-variant: normal; font-weight: normal; text-decoration: none; vertical-align: baseline; background-color: transparent\">Ot, profesor jeden si\u0119 znalaz\u0142, co to z Ruchu P-kota chce do Europy. Oj, wie, ch\u0142opina co robi. Mamona, Drogi Michale, ot co. Ju\u017c za darmo nikt dla Ojczyzny zrobi\u0107 nic nie chce, a co tu gada\u0107 o \u017cycia oddaniu za Najja\u015bniejsz\u0105. Oj, u\u017cy\u0142by\u015b Ty swej szabelki, u\u017cy\u0142.<\/span><\/p>\n<p dir=\"ltr\" style=\"line-height: 1.15; margin-top: 0pt; margin-bottom: 0pt\"><span style=\"color: #000000; font-family: Verdana; font-size: 13px; font-style: normal; font-variant: normal; font-weight: normal; text-decoration: none; vertical-align: baseline; background-color: transparent\">Ali\u015bci intelekt pana profesorowy dziwnie niskich lot\u00f3w, \u017ceby nie powiedzie\u0107, \u017ce o debilizm jaki\u015b zakrawa. Z jednej strony g\u0119be profes\u00f3r drze, \u017ce ateistom jest i w Boga nie wierzy, bo Boga nima, a z drugiej\u2026 przeciwko Bogu i wierze protestuje. Ciemny to cz\u0142ek okrutnie, a jeszcze parciany worek na si\u0119 za\u0142o\u017cy\u0142 i \u0142eb pod top\u00f3r nastawia\u0142. Przezwisko jakie\u015b dziwnie nie polskie ma; jaki\u015b Ataman, czy Hataman, tak jakos. A ja si\u0119 jeno pytam, co im si\u0119 tu dzieje w tym kraju? Czy ich, no, tych ateist\u00f3w na stos rzucaj\u0105, czy jako\u015b inaczej molestuj\u0105, \u017ce musz\u0105 procesyje urz\u0105dza\u0107? Nie wiem, alem i niczego takowego nie s\u0142ysza\u0142. Wiem jeno, \u017ce jakby za naszych czas\u00f3w taka procesja przesz\u0142a przez miasto, to by si\u0119 wszyscy ze \u015bmiechu zanie\u015bli. Michale, Kochany, \u017bo\u0142nierzyku ty nasz najwspanialszy, a to Ci powiem, \u017ce jak patrz\u0119 tak przez wieki na lechickie plemi\u0119, to nie mog\u0119 nie odnie\u015b\u0107 influencji, \u017ce to plemi\u0119 g\u0142upieje z latami.<\/span><\/p>\n<p dir=\"ltr\" style=\"line-height: 1.15; margin-top: 0pt; margin-bottom: 0pt\"><span style=\"color: #000000; font-family: Verdana; font-size: 13px; font-style: normal; font-variant: normal; font-weight: normal; text-decoration: none; vertical-align: baseline; background-color: transparent\">Pami\u0119tasz, co by\u0142o ongi\u015b najlepszym towarem eksportowym na wsch\u00f3d?<\/span><\/p>\n<p dir=\"ltr\" style=\"line-height: 1.15; margin-top: 0pt; margin-bottom: 0pt\"><span style=\"color: #000000; font-family: Verdana; font-size: 13px; font-style: normal; font-variant: normal; font-weight: normal; text-decoration: none; vertical-align: baseline; background-color: transparent\">No w\u0142a\u015bnie, &#8211; wpierdol. Od Chrobrego tak by\u0142o. To przecie nasi i tylko nasi byli na Kremlu i tak dali popali\u0107, \u017ce do dzi\u015b nasze wycofanie obchodz\u0105 tam, jako najwi\u0119ksze \u015bwi\u0119to.<\/span><\/p>\n<p dir=\"ltr\" style=\"line-height: 1.15; margin-top: 0pt; margin-bottom: 0pt\"><span style=\"color: #000000; font-family: Verdana; font-size: 13px; font-style: normal; font-variant: normal; font-weight: normal; text-decoration: none; vertical-align: baseline; background-color: transparent\">A teraz co? Wp\u00f3\u0142 sk\u0142onieni, oczka rozbiegane i pod europejsk\u0105 sp\u00f3dnic\u0119 si\u0119 chowaj\u0105.<\/span><\/p>\n<p dir=\"ltr\" style=\"line-height: 1.15; margin-top: 0pt; margin-bottom: 0pt\"><span style=\"color: #000000; font-family: Verdana; font-size: 13px; font-style: normal; font-variant: normal; font-weight: normal; text-decoration: none; vertical-align: baseline; background-color: transparent\">Bywaj, Michale. Cni mi si\u0119 za Tob\u0105 wielce, ale wiem, \u017ce Ci dobrze z Ba\u015bk\u0105 na Pana Bo\u017cym dworze, to i sied\u017a, ale czasem szepnij co\u015b temu i owemu, co przy w\u0142adzy siedz\u0105, \u017ceby pomni na histori\u0119, pokazali kto Lach, kim by\u0142 Jagie\u0142\u0142o, kto Czarnieckim by\u0142, a, \u017ce i potem mielim\u0107 Anders\u00f3w, rotmistrz\u00f3w Pileckich, genera\u0142\u00f3w Sosenkowskich, \u017bo\u0142nierzy Wykl\u0119tych i ca\u0142\u0105 plejad\u0119 wielkich bohater\u00f3w. Co, wstydz\u0105 si\u0119 ich? <\/span><\/p>\n<p dir=\"ltr\" style=\"line-height: 1.15; margin-top: 0pt; margin-bottom: 0pt\"><span style=\"color: #000000; font-family: Verdana; font-size: 13px; font-style: normal; font-variant: normal; font-weight: normal; text-decoration: none; vertical-align: baseline; background-color: transparent\">Strasznie w\u0105skie umys\u0142y maj\u0105 dzi\u015b rz\u0105dz\u0105cy Najja\u015bniejsz\u0105 Rzecz\u0105pospolit\u0105.<\/span><\/p>\n<p dir=\"ltr\" style=\"line-height: 1.15; margin-top: 0pt; margin-bottom: 0pt\"><span style=\"color: #000000; font-family: Verdana; font-size: 13px; font-style: normal; font-variant: normal; font-weight: normal; text-decoration: none; vertical-align: baseline; background-color: transparent\">Bywaj, Rycerzu niez\u0142omny.<\/span><\/p>\n<p dir=\"ltr\" style=\"line-height: 1.15; margin-top: 0pt; margin-bottom: 0pt\"><span style=\"color: #000000; font-family: Verdana; font-size: 13px; font-style: normal; font-variant: normal; font-weight: normal; text-decoration: none; vertical-align: baseline; background-color: transparent\">Tw\u00f3j Onufry.<\/span><\/p>\n<p><\/strong><\/p>\n","protected":false},"excerpt":{"rendered":"<p>Drogi Michale, dziwne rzeczy dziej\u0105 si\u0119 w Rzeczypospolitej, a\u017c dziw, \u017ce Naj\u015bwi\u0119tsza Panienka tak cierpliwie na to patrzy.<\/p>\n","protected":false},"author":2,"featured_media":0,"comment_status":"open","ping_status":"open","sticky":false,"template":"","format":"standard","meta":[],"categories":[4],"tags":[],"_links":{"self":[{"href":"https:\/\/sporek.com\/blog\/index.php?rest_route=\/wp\/v2\/posts\/435"}],"collection":[{"href":"https:\/\/sporek.com\/blog\/index.php?rest_route=\/wp\/v2\/posts"}],"about":[{"href":"https:\/\/sporek.com\/blog\/index.php?rest_route=\/wp\/v2\/types\/post"}],"author":[{"embeddable":true,"href":"https:\/\/sporek.com\/blog\/index.php?rest_route=\/wp\/v2\/users\/2"}],"replies":[{"embeddable":true,"href":"https:\/\/sporek.com\/blog\/index.php?rest_route=%2Fwp%2Fv2%2Fcomments&post=435"}],"version-history":[{"count":0,"href":"https:\/\/sporek.com\/blog\/index.php?rest_route=\/wp\/v2\/posts\/435\/revisions"}],"wp:attachment":[{"href":"https:\/\/sporek.com\/blog\/index.php?rest_route=%2Fwp%2Fv2%2Fmedia&parent=435"}],"wp:term":[{"taxonomy":"category","embeddable":true,"href":"https:\/\/sporek.com\/blog\/index.php?rest_route=%2Fwp%2Fv2%2Fcategories&post=435"},{"taxonomy":"post_tag","embeddable":true,"href":"https:\/\/sporek.com\/blog\/index.php?rest_route=%2Fwp%2Fv2%2Ftags&post=435"}],"curies":[{"name":"wp","href":"https:\/\/api.w.org\/{rel}","templated":true}]}}