{"id":437,"date":"2014-04-25T14:33:19","date_gmt":"2014-04-25T18:33:19","guid":{"rendered":"http:\/\/sporek.com\/blog\/?p=437"},"modified":"2014-04-25T21:55:48","modified_gmt":"2014-04-26T01:55:48","slug":"euro-wybory","status":"publish","type":"post","link":"https:\/\/sporek.com\/blog\/?p=437","title":{"rendered":"Euro-Wybory"},"content":{"rendered":"<p><span style=\"color: #000000; font-family: Verdana; font-size: 13px; font-style: normal; font-variant: normal; font-weight: normal; text-decoration: none; vertical-align: baseline; background-color: transparent\">Niekt\u00f3rzy kandydaci sami ograniczaj\u0105 mo\u017cliwo\u015b\u0107 wybrania ich do parlamentu europejskiego, ba, robi\u0105 to nawet ca\u0142e ugrupowania, \u017ce wymieni\u0119 te dwa, kt\u00f3re i bez ostatnich eksces\u00f3w nie s\u0105 warte funta k\u0142ak\u00f3w: SLD i Tw\u00f3j Ruch. <!--more-->To, \u017ce jaki\u015b opas\u0142y ch\u0142op w babskiej sukni nie ma ochoty g\u0142osowa\u0107 za ustaw\u0105 o Papie\u017cu, jest jako\u015b tam do zrozumienia, ale \u017ce si\u0119dz\u0105cy za bab\u0105-ch\u0142opem, profesor-pose\u0142 Iwi\u0144ski, zawsze popisuj\u0105cy si\u0119 znajomo\u015bci\u0105 obcych j\u0119zyk\u00f3w, kultur innych kraj\u00f3w, siedzi naburmuszony, to naprawd\u0119 trudne do zrozumienia.<\/span><\/p>\n<p><strong style=\"font-weight: normal\"><\/p>\n<p dir=\"ltr\" style=\"line-height: 1.15; margin-top: 0pt; margin-bottom: 0pt\"><span style=\"color: #000000; font-family: Verdana; font-size: 13px; font-style: normal; font-variant: normal; font-weight: normal; text-decoration: none; vertical-align: baseline; background-color: transparent\">A niech tam, pal licho ca\u0142y ten &#8222;ruch\u201d i ten sojusz lewizny demokratycznej. Dziwi\u0142bym si\u0119, gdyby ludziska jeszcze chcieli na te ugrupowania<strong> <\/strong>zag\u0142osowa\u0107.<\/span><\/p>\n<p dir=\"ltr\" style=\"line-height: 1.15; margin-top: 0pt; margin-bottom: 0pt\"><span style=\"color: #000000; font-family: Verdana; font-size: 13px; font-style: normal; font-variant: normal; font-weight: normal; text-decoration: none; vertical-align: baseline; background-color: transparent\">Szale\u0144stwo wyborcze ruszy\u0142o ca\u0142\u0105 par\u0105 &#8211; najwi\u0119cej, p\u00f3ki co, zarobi\u0142, niezrzeszony w \u017cadnej polskiej partii\u2026 Paul McCartney . Posz\u0142o w miliony, kt\u00f3re dla niego akurat znaczenia \u017cadnego nie maj\u0105. Mia\u0142yby natomiast ogromne dla dom\u00f3w dziecka, biednych rodzin, jakiego\u015b sparali\u017cowanego cz\u0142owieka, czekaj\u0105cego na pomoc dobrych ludzi, jakiej\u015b, nieuregulowanej rzeczki, kt\u00f3ra na jesieni mo\u017ce si\u0119 za to zem\u015bci\u0107, itd, itp. To mo\u017ce z tego powodu pani ministra w r\u00f3\u017cowej sp\u00f3dnicy dostawa\u0142a drgawek\u2026?<\/span><\/p>\n<p dir=\"ltr\" style=\"line-height: 1.15; margin-top: 0pt; margin-bottom: 0pt\"><span style=\"color: #000000; font-family: Verdana; font-size: 13px; font-style: normal; font-variant: normal; font-weight: normal; text-decoration: none; vertical-align: baseline; background-color: transparent\">Chc\u0119 przypomnie\u0107 tylko, \u017ce dzi\u015b niejaki Donald Tusk, lata po Europie, jak z pi\u00f3rkiem w odbycie, i za\u0142atwia, to, o co zabiega\u0142 \u015bp. Prezydent Kaczy\u0144ski. Tylko, \u017ce wtedy Go wy\u015bmiewano, &#8211; kto najbardziej? A no, rodacy, na czele \u00a0z lataj\u0105cym dzi\u015b Donaldem.<\/span><\/p>\n<p dir=\"ltr\" style=\"line-height: 1.15; margin-top: 0pt; margin-bottom: 0pt\"><span style=\"color: #000000; font-family: Verdana; font-size: 13px; font-style: normal; font-variant: normal; font-weight: normal; text-decoration: none; vertical-align: baseline; background-color: transparent\">Nie b\u0119d\u0119 si\u0119 wdawa\u0142 w opisy idiotyzm\u00f3w, przedwyborczych, ale przez kilka najbli\u017cszych dni b\u0119d\u0119 jedynie zamieszcza\u0142 wykaz<\/span><\/p>\n<p><\/strong><span style=\"color: #000000; font-family: Verdana; font-size: 13px; font-style: normal; font-variant: normal; font-weight: bold; text-decoration: none; vertical-align: baseline; background-color: transparent\">Niekt\u00f3rych skutk\u00f3w dzia\u0142ania opresyjnych rz\u0105d\u00f3w koalicji PO &#8211; PSL.<\/span><strong style=\"font-weight: normal\"> <\/strong><\/p>\n<p><strong style=\"font-weight: normal\"><\/p>\n<p dir=\"ltr\" style=\"line-height: 1.15; margin-top: 0pt; margin-bottom: 0pt\"><span style=\"color: #000000; font-family: Verdana; font-size: 13px; font-style: normal; font-variant: normal; font-weight: bold; text-decoration: underline; vertical-align: baseline; background-color: transparent\">Finanse publiczne, gospodarka<\/span><\/p>\n<p><\/strong><strong style=\"font-weight: normal\"><\/p>\n<p dir=\"ltr\" style=\"line-height: 1.15; margin-top: 0pt; margin-bottom: 0pt\"><span style=\"color: #000000; font-family: Verdana; font-size: 13px; font-style: normal; font-variant: normal; font-weight: normal; text-decoration: none; vertical-align: baseline; background-color: transparent\">*\u00a0Podwy\u017cka podstawowej stawki VAT z 22% na 23 %.<\/span><\/p>\n<p dir=\"ltr\" style=\"line-height: 1.15; margin-top: 0pt; margin-bottom: 0pt\"><span style=\"color: #000000; font-family: Verdana; font-size: 13px; font-style: normal; font-variant: normal; font-weight: normal; text-decoration: none; vertical-align: baseline; background-color: transparent\">*\u00a0Podwy\u017cka stawki VAT z 7% na 8% (leki, budownictwo mieszkaniowe).<\/span><\/p>\n<p dir=\"ltr\" style=\"line-height: 1.15; margin-top: 0pt; margin-bottom: 0pt\"><span style=\"color: #000000; font-family: Verdana; font-size: 13px; font-style: normal; font-variant: normal; font-weight: normal; text-decoration: none; vertical-align: baseline; background-color: transparent\">*\u00a0Podwy\u017cka stawki VAT na nieprzetworzon\u0105 \u017cywno\u015b\u0107 z 3 % do 5 %.<\/span><\/p>\n<p dir=\"ltr\" style=\"line-height: 1.15; margin-top: 0pt; margin-bottom: 0pt\"><span style=\"color: #000000; font-family: Verdana; font-size: 13px; font-style: normal; font-variant: normal; font-weight: normal; text-decoration: none; vertical-align: baseline; background-color: transparent\">*\u00a0Podwy\u017cka stawki VAT na produkty obj\u0119te dotychczas preferencjami podatkowymi (ubranka dzieci\u0119ce z 8% na 23 %, ksi\u0105\u017cki z 0 % na 5 %).<\/span><\/p>\n<p dir=\"ltr\" style=\"line-height: 1.15; margin-top: 0pt; margin-bottom: 0pt\"><span style=\"color: #000000; font-family: Verdana; font-size: 13px; font-style: normal; font-variant: normal; font-weight: normal; text-decoration: none; vertical-align: baseline; background-color: transparent\">*\u00a0Podwy\u017cka akcyzy, m.in. na olej opa\u0142owy, gaz ziemny, alkohol, papierosy.<\/span><\/p>\n<p dir=\"ltr\" style=\"line-height: 1.15; margin-top: 0pt; margin-bottom: 0pt\"><span style=\"color: #000000; font-family: Verdana; font-size: 13px; font-style: normal; font-variant: normal; font-weight: normal; text-decoration: none; vertical-align: baseline; background-color: transparent\">*\u00a0Podniesienie sk\u0142adki rentowej dla przedsi\u0119biorc\u00f3w z 4,5% do 6,5%.<\/span><\/p>\n<p dir=\"ltr\" style=\"line-height: 1.15; margin-top: 0pt; margin-bottom: 0pt\"><span style=\"color: #000000; font-family: Verdana; font-size: 13px; font-style: normal; font-variant: normal; font-weight: normal; text-decoration: none; vertical-align: baseline; background-color: transparent\">*\u00a0Zamro\u017cenie prog\u00f3w podatkowych, koszt\u00f3w uzyskania przychodu i kwoty wolnej od podatku, co wobec wzrostu inflacji oznacza automatyczne zwi\u0119kszenie obci\u0105\u017ce\u0144.<\/span><\/p>\n<p dir=\"ltr\" style=\"line-height: 1.15; margin-top: 0pt; margin-bottom: 0pt\"><span style=\"color: #000000; font-family: Verdana; font-size: 13px; font-style: normal; font-variant: normal; font-weight: normal; text-decoration: none; vertical-align: baseline; background-color: transparent\">*\u00a0Zamiast obiecywanej likwidacji podatku Belki rozszerzono jego zakres na zyski z<\/span><span style=\"color: #000000; font-family: Verdana; font-size: 13px; font-style: normal; font-variant: normal; font-weight: normal; text-decoration: none; vertical-align: baseline; background-color: transparent\">jednodniowych lokat bankowych.<\/span><\/p>\n<p><\/strong><strong style=\"font-weight: normal\"><\/p>\n<p dir=\"ltr\" style=\"line-height: 1.15; margin-top: 0pt; margin-bottom: 0pt\"><span style=\"color: #000000; font-family: Verdana; font-size: 13px; font-style: normal; font-variant: normal; font-weight: normal; text-decoration: none; vertical-align: baseline; background-color: transparent\">* Obci\u0105\u017cenie podatkiem \u201emiedziowym\u201d sp\u00f3\u0142ki KGHM, kt\u00f3ra p\u0142aci ok. 6,5 mln z\u0142<\/span><span style=\"color: #000000; font-family: Verdana; font-size: 13px; font-style: normal; font-variant: normal; font-weight: normal; text-decoration: none; vertical-align: baseline; background-color: transparent\"><strong> <\/strong>daniny dziennie.<\/span><\/p>\n<p><\/strong><strong style=\"font-weight: normal\"><\/p>\n<p dir=\"ltr\" style=\"line-height: 1.15; margin-top: 0pt; margin-bottom: 0pt\"><span style=\"color: #000000; font-family: Verdana; font-size: 13px; font-style: normal; font-variant: normal; font-weight: normal; text-decoration: none; vertical-align: baseline; background-color: transparent\">* Obci\u0105\u017cenia Funduszu Ubezpiecze\u0144 Spo\u0142ecznych z tytu\u0142u niesp\u0142aconych po\u017cyczek z bud\u017cetu pa\u0144stwa w latach 2009 &#8211; 2014 wynios\u0105 \u0142\u0105cznie 37,7 mld z\u0142.<\/span><\/p>\n<p dir=\"ltr\" style=\"line-height: 1.15; margin-top: 0pt; margin-bottom: 0pt\"><span style=\"color: #000000; font-family: Verdana; font-size: 13px; font-style: normal; font-variant: normal; font-weight: normal; text-decoration: none; vertical-align: baseline; background-color: transparent\">*\u00a0Wzrost Pa\u0144stwowego D\u0142ugu Publicznego w stosunku do 2007 roku o 363,2 mld z\u0142, tj. o 68,9%.<\/span><\/p>\n<p dir=\"ltr\" style=\"line-height: 1.15; margin-top: 0pt; margin-bottom: 0pt\"><span style=\"color: #000000; font-family: Verdana; font-size: 13px; font-style: normal; font-variant: normal; font-weight: normal; text-decoration: none; vertical-align: baseline; background-color: transparent\">* Zwi\u0119kszenie \u0142\u0105cznego d\u0142ugu firm i gospodarstw domowych do 78 % PKB na koniec 2012 roku (w 2000 roku wynosi\u0142 on 37% PKB ).<\/span><\/p>\n<p dir=\"ltr\" style=\"line-height: 1.15; margin-top: 0pt; margin-bottom: 0pt\"><span style=\"color: #000000; font-family: Verdana; font-size: 13px; font-style: normal; font-variant: normal; font-weight: normal; text-decoration: none; vertical-align: baseline; background-color: transparent\">*\u00a0Spadek oszcz\u0119dno\u015bci gospodarstw domowych z oko\u0142o 12% \u2013 14% na prze\u0142omie<\/span><\/p>\n<p dir=\"ltr\" style=\"line-height: 1.15; margin-top: 0pt; margin-bottom: 0pt\"><span style=\"color: #000000; font-family: Verdana; font-size: 13px; font-style: normal; font-variant: normal; font-weight: normal; text-decoration: none; vertical-align: baseline; background-color: transparent\">poprzedniej dekady do oko\u0142o 2% &#8211; 5%.<\/span><\/p>\n<p dir=\"ltr\" style=\"line-height: 1.15; margin-top: 0pt; margin-bottom: 0pt\"><span style=\"color: #000000; font-family: Verdana; font-size: 13px; font-style: normal; font-variant: normal; font-weight: normal; text-decoration: none; vertical-align: baseline; background-color: transparent\">*\u00a0Obci\u0105\u017cenia podatkowe rodzin z dw\u00f3jk\u0105 dzieci od 2009 roku wzros\u0142y o 1,2 pkt. proc. i wynios\u0142y w 2012 roku 29,6%, przy \u015bredniej dla kraj\u00f3w OECD 26,1%.<\/span><\/p>\n<p dir=\"ltr\" style=\"line-height: 1.15; margin-top: 0pt; margin-bottom: 0pt\"><span style=\"color: #000000; font-family: Verdana; font-size: 13px; font-style: normal; font-variant: normal; font-weight: normal; text-decoration: none; vertical-align: baseline; background-color: transparent\">*\u00a0W 2013 roku \u0142\u0105czne opodatkowanie zysk\u00f3w wynosi\u0142o w Polsce 41,6 % i by\u0142o wy\u017csze od \u015bredniej kraj\u00f3w UE i EFTA (41,1%).<\/span><\/p>\n<p dir=\"ltr\" style=\"line-height: 1.15; margin-top: 0pt; margin-bottom: 0pt\"><span style=\"color: #000000; font-family: Verdana; font-size: 13px; font-style: normal; font-variant: normal; font-weight: normal; text-decoration: none; vertical-align: baseline; background-color: transparent\">*\u00a0Likwidacja ulgi budowlanej (zwrotu VAT za materia\u0142y budowlane na remonty).<\/span><\/p>\n<p dir=\"ltr\" style=\"line-height: 1.15; margin-top: 0pt; margin-bottom: 0pt\"><span style=\"color: #000000; font-family: Verdana; font-size: 13px; font-style: normal; font-variant: normal; font-weight: normal; text-decoration: none; vertical-align: baseline; background-color: transparent\">*\u00a0Likwidacja \u201eulgi internetowej\u201d.<\/span><\/p>\n<p dir=\"ltr\" style=\"line-height: 1.15; margin-top: 0pt; margin-bottom: 0pt\"><span style=\"color: #000000; font-family: Verdana; font-size: 13px; font-style: normal; font-variant: normal; font-weight: normal; text-decoration: none; vertical-align: baseline; background-color: transparent\">*\u00a0Ograniczenie ulgi na tzw. \u201eauto z kratk\u0105\u201d.<\/span><\/p>\n<p dir=\"ltr\" style=\"line-height: 1.15; margin-top: 0pt; margin-bottom: 0pt\"><span style=\"color: #000000; font-family: Verdana; font-size: 13px; font-style: normal; font-variant: normal; font-weight: normal; text-decoration: none; vertical-align: baseline; background-color: transparent\">*\u00a0Ograniczenie mo\u017cliwo\u015bci odlicze\u0144 koszt\u00f3w przez tw\u00f3rc\u00f3w.<\/span><\/p>\n<p dir=\"ltr\" style=\"line-height: 1.15; margin-top: 0pt; margin-bottom: 0pt\"><span style=\"color: #000000; font-family: Verdana; font-size: 13px; font-style: normal; font-variant: normal; font-weight: normal; text-decoration: none; vertical-align: baseline; background-color: transparent\">*\u00a0Wprowadzenie limitu odliczenia 50% koszt\u00f3w uzyskania przychod\u00f3w w przypadku um\u00f3w o dzie\u0142o.<\/span><\/p>\n<p dir=\"ltr\" style=\"line-height: 1.15; margin-top: 0pt; margin-bottom: 0pt\"><span style=\"color: #000000; font-family: Verdana; font-size: 13px; font-style: normal; font-variant: normal; font-weight: normal; text-decoration: none; vertical-align: baseline; background-color: transparent\">*\u00a0\u201eSkok\u201d na oszcz\u0119dno\u015bci Polak\u00f3w zgromadzone w OFE w celu za\u0142atania dziury <\/span><span style=\"color: #000000; font-family: Verdana; font-size: 13px; font-style: normal; font-variant: normal; font-weight: normal; text-decoration: none; vertical-align: baseline; background-color: transparent\">bud\u017cetowej i iluzorycznego zmniejszenia\u00a0 pa\u0144stwowego d\u0142ugu publicznego.<\/span><\/p>\n<p dir=\"ltr\" style=\"line-height: 1.15; margin-top: 0pt; margin-bottom: 0pt\"><span style=\"color: #000000; font-family: Verdana; font-size: 13px; font-style: normal; font-variant: normal; font-weight: normal; text-decoration: none; vertical-align: baseline; background-color: transparent\">*\u00a0Sukcesywne zmniejszanie Funduszu Rezerwy Demograficznej, kt\u00f3ry mia\u0142 chronic <\/span><span style=\"color: #000000; font-family: Verdana; font-size: 13px; font-style: normal; font-variant: normal; font-weight: normal; text-decoration: none; vertical-align: baseline; background-color: transparent\">Polak\u00f3w w przysz\u0142o\u015bci. W latach 2010 \u2013 2014 zabrano z tego Funduszu <strong>19,4 mld z\u0142<\/strong>.<\/span><\/p>\n<p dir=\"ltr\" style=\"line-height: 1.15; margin-top: 0pt; margin-bottom: 0pt\"><span style=\"color: #000000; font-family: Verdana; font-size: 13px; font-style: normal; font-variant: normal; font-weight: normal; text-decoration: none; vertical-align: baseline; background-color: transparent\">\u2022 Wzrost obci\u0105\u017ce\u0144 fiskalnych z powodu nieaktualizowania kwoty wolnej od podatku <strong>(w Polsce obowi\u0105zuje jedna z najni\u017cszych kwot wolnych od podatku w ca\u0142ej Europie, pod tym wzgl\u0119dem jeste\u015bmy gorsi nawet od Zambii i Tanzanii).<\/strong><\/span><\/p>\n<p dir=\"ltr\" style=\"line-height: 1.15; margin-top: 0pt; margin-bottom: 0pt\"><span style=\"color: #000000; font-family: Verdana; font-size: 13px; font-style: normal; font-variant: normal; font-weight: normal; text-decoration: none; vertical-align: baseline; background-color: transparent\">\u2022 Planowane rozszerzenie dwuprocentowego podatku od czynno\u015bci <\/span><span style=\"color: #000000; font-family: Verdana; font-size: 13px; font-style: normal; font-variant: normal; font-weight: normal; text-decoration: none; vertical-align: baseline; background-color: transparent\">cywilnoprawnych na nowe kategorie.<\/span><\/p>\n<p dir=\"ltr\" style=\"line-height: 1.15; margin-top: 0pt; margin-bottom: 0pt\"><span style=\"color: #000000; font-family: Verdana; font-size: 13px; font-style: normal; font-variant: normal; font-weight: normal; text-decoration: none; vertical-align: baseline; background-color: transparent\">\u2022 Planowane rozszerzenie podatku od nieruchomo\u015bci na m.in. sieci kablowe i obiekty energetyczne.<\/span><\/p>\n<p dir=\"ltr\" style=\"line-height: 1.15; margin-top: 0pt; margin-bottom: 0pt\"><span style=\"color: #000000; font-family: Verdana; font-size: 13px; font-style: normal; font-variant: normal; font-weight: normal; text-decoration: none; vertical-align: baseline; background-color: transparent\">\u2022 Planowane wprowadzenie powszechnego podatku audiowizualnego.<\/span><\/p>\n<p dir=\"ltr\" style=\"line-height: 1.15; margin-top: 0pt; margin-bottom: 0pt\"><span style=\"color: #000000; font-family: Verdana; font-size: 13px; font-style: normal; font-variant: normal; font-weight: normal; text-decoration: none; vertical-align: baseline; background-color: transparent\">\u2022 Przygotowanie przepis\u00f3w blokuj\u0105cych mo\u017cliwo\u015b\u0107 odliczania VAT od paliwa.<\/span><\/p>\n<p dir=\"ltr\" style=\"line-height: 1.15; margin-top: 0pt; margin-bottom: 0pt\"><span style=\"color: #000000; font-family: Verdana; font-size: 13px; font-style: normal; font-variant: normal; font-weight: normal; text-decoration: none; vertical-align: baseline; background-color: transparent\">\u2022 Mi\u0119dzynarodowa pozycja inwestycyjna netto Polski na koniec 2012 roku wynios\u0142a 259,8 mld EUR (czyli ok. 68,1% PKB) i by\u0142a ujemna, podobnie jak w poprzednich latach rz\u0105d\u00f3w PO-PSL.<\/span><\/p>\n<p dir=\"ltr\" style=\"line-height: 1.15; margin-top: 0pt; margin-bottom: 0pt\"><span style=\"color: #000000; font-family: Verdana; font-size: 13px; font-style: normal; font-variant: normal; font-weight: normal; text-decoration: none; vertical-align: baseline; background-color: transparent\">\u2022 Brak sp\u00f3jno\u015bci i koordynacji promocji polskiej gospodarki.<\/span><\/p>\n<p dir=\"ltr\" style=\"line-height: 1.15; margin-top: 0pt; margin-bottom: 0pt\"><span style=\"color: #000000; font-family: Verdana; font-size: 13px; font-style: normal; font-variant: normal; font-weight: normal; text-decoration: none; vertical-align: baseline; background-color: transparent\">\u2022 Liczba pracuj\u0105cych w przemy\u015ble og\u00f3\u0142em zmniejszy\u0142a si\u0119 do ko\u0144ca 2012 roku<\/span><\/p>\n<p dir=\"ltr\" style=\"line-height: 1.15; margin-top: 0pt; margin-bottom: 10pt\"><span style=\"color: #000000; font-family: Verdana; font-size: 13px; font-style: normal; font-variant: normal; font-weight: normal; text-decoration: none; vertical-align: baseline; background-color: transparent\">o 136,2 tys. os\u00f3b.<\/span><\/p>\n<p dir=\"ltr\" style=\"line-height: 1.15; margin-top: 0pt; margin-bottom: 10pt\"><span style=\"color: #000000; font-family: Verdana; font-size: 13px; font-style: normal; font-variant: normal; font-weight: normal; text-decoration: none; vertical-align: baseline; background-color: transparent\"><\/span><span style=\"color: #000000; font-family: Verdana; font-size: 13px; font-style: normal; font-variant: normal; font-weight: normal; text-decoration: none; vertical-align: baseline; background-color: transparent\">\u2022 Dwukrotne zmniejszenie limitu obrot\u00f3w (z 40 do 20 tys. z\u0142), powy\u017cej kt\u00f3rych <\/span><span style=\"color: #000000; font-family: Verdana; font-size: 13px; font-style: normal; font-variant: normal; font-weight: normal; text-decoration: none; vertical-align: baseline; background-color: transparent\">mikroprzedsi\u0119biorca musi posiada\u0107 kas\u0119 fiskaln\u0105.<\/span><\/p>\n<p dir=\"ltr\" style=\"line-height: 1.15; margin-top: 0pt; margin-bottom: 0pt\"><span style=\"color: #000000; font-family: Verdana; font-size: 13px; font-style: normal; font-variant: normal; font-weight: normal; text-decoration: none; vertical-align: baseline; background-color: transparent\">\u2022 Wyprzedawanie maj\u0105tku Skarbu Pa\u0144stwa, tylko w 2012 roku sprzedano m.in. <\/span><span style=\"color: #000000; font-family: Verdana; font-size: 13px; font-style: normal; font-variant: normal; font-weight: normal; text-decoration: none; vertical-align: baseline; background-color: transparent\">95 mln akcji PKO BP, 11 mln akcji Banku Gospodarki \u017bywno\u015bciowej, 131 mln akcji <\/span><span style=\"color: #000000; font-family: Verdana; font-size: 13px; font-style: normal; font-variant: normal; font-weight: normal; text-decoration: none; vertical-align: baseline; background-color: transparent\">PGE S.A, systematycznie zbywane s\u0105 akcje firm nale\u017c\u0105cych do kluczowych sektor\u00f3w polskiej gospodarki.<\/span><\/p>\n<p dir=\"ltr\" style=\"line-height: 1.15; margin-top: 0pt; margin-bottom: 0pt\"><span style=\"color: #000000; font-family: Verdana; font-size: 13px; font-style: normal; font-variant: normal; font-weight: normal; text-decoration: none; vertical-align: baseline; background-color: transparent\">\u2022 W okresie 2005-2007 \u0142\u0105czne przychody z prywatyzacji maj\u0105tku Skarbu Pa\u0144stwa <\/span><span style=\"color: #000000; font-family: Verdana; font-size: 13px; font-style: normal; font-variant: normal; font-weight: normal; text-decoration: none; vertical-align: baseline; background-color: transparent\">wynios\u0142y 6,35 mld z\u0142, w latach 2008-2012 by\u0142o to ok. 55,2 mld z\u0142, co wi\u0105za\u0142o si\u0119 ze <\/span><span style=\"color: #000000; font-family: Verdana; font-size: 13px; font-style: normal; font-variant: normal; font-weight: normal; text-decoration: none; vertical-align: baseline; background-color: transparent\">sprzeda\u017c\u0105 setek polskich przedsi\u0119biorstw, w tym kluczowych dla polskiego<\/span><\/p>\n<p dir=\"ltr\" style=\"line-height: 1.15; margin-top: 0pt; margin-bottom: 0pt\"><span style=\"color: #000000; font-family: Verdana; font-size: 13px; font-style: normal; font-variant: normal; font-weight: normal; text-decoration: none; vertical-align: baseline; background-color: transparent\">przemys\u0142u.<\/span><\/p>\n<p dir=\"ltr\" style=\"line-height: 1.15; margin-top: 0pt; margin-bottom: 0pt\"><span style=\"color: #000000; font-family: Verdana; font-size: 13px; font-style: normal; font-variant: normal; font-weight: normal; text-decoration: none; vertical-align: baseline; background-color: transparent\">\u2022 Demonta\u017c OFE zmniejsza p\u0142ynno\u015b\u0107 polskiego rynku. Wyceny polskich papier\u00f3w <\/span><span style=\"color: #000000; font-family: Verdana; font-size: 13px; font-style: normal; font-variant: normal; font-weight: normal; text-decoration: none; vertical-align: baseline; background-color: transparent\">skarbowych oraz z\u0142otego b\u0119d\u0105 bardziej wra\u017cliwe na nastroje rynk\u00f3w globalnych. <\/span><span style=\"color: #000000; font-family: Verdana; font-size: 13px; font-style: normal; font-variant: normal; font-weight: normal; text-decoration: none; vertical-align: baseline; background-color: transparent\">Koszt obs\u0142ugi zad\u0142u\u017cenia zagranicznego wzro\u015bnie o 14,2%.<\/span><\/p>\n<p dir=\"ltr\" style=\"line-height: 1.15; margin-top: 0pt; margin-bottom: 0pt\"><span style=\"color: #000000; font-family: Verdana; font-size: 13px; font-style: normal; font-variant: normal; font-weight: normal; text-decoration: none; vertical-align: baseline; background-color: transparent\">\u2022 Polskie firmy pod wzgl\u0119dem innowacyjno\u015bci s\u0105 na przedostatnim miejscu <\/span><span style=\"color: #000000; font-family: Verdana; font-size: 13px; font-style: normal; font-variant: normal; font-weight: normal; text-decoration: none; vertical-align: baseline; background-color: transparent\">w Europie. <strong>Liczba zg\u0142aszanych wniosk\u00f3w patentowych przez Polak\u00f3w jest <\/strong><\/span><span style=\"color: #000000; font-family: Verdana; font-size: 13px; font-style: normal; font-variant: normal; font-weight: normal; text-decoration: none; vertical-align: baseline; background-color: transparent\"><strong>11-krotnie mniejsza od \u015bredniego poziomu dla kraj\u00f3w UE.<\/strong><\/span><\/p>\n<p dir=\"ltr\" style=\"line-height: 1.15; margin-top: 0pt; margin-bottom: 0pt\"><span style=\"color: #000000; font-family: Verdana; font-size: 13px; font-style: normal; font-variant: normal; font-weight: normal; text-decoration: none; vertical-align: baseline; background-color: transparent\">\u2022 Polska staj\u0119 si\u0119 \u201emontowni\u0105\u201d wielkich korporacji. Niskie jednostkowe koszty pracy powoduj\u0105, \u017ce zagraniczni inwestorzy wykorzystuj\u0105 stosunkowo tani\u0105 si\u0142\u0119 robocz\u0105 w Polsce.<\/span><\/p>\n<p dir=\"ltr\" style=\"line-height: 1.15; margin-top: 0pt; margin-bottom: 0pt\"><span style=\"color: #000000; font-family: Verdana; font-size: 13px; font-style: normal; font-variant: normal; font-weight: normal; text-decoration: none; vertical-align: baseline; background-color: transparent\">\u2022 Polski przemys\u0142 charakteryzuje si\u0119 niskim stopniem innowacyjno\u015bci, nie posiadamy silnych rozpoznawalnych na \u015bwiecie marek.<\/span><\/p>\n<p dir=\"ltr\" style=\"line-height: 1.15; margin-top: 0pt; margin-bottom: 0pt\"><span style=\"color: #000000; font-family: Verdana; font-size: 13px; font-style: normal; font-variant: normal; font-weight: normal; text-decoration: none; vertical-align: baseline; background-color: transparent\">\u2022 Eksploatacja polskiego gazu \u0142upkowego zosta\u0142a potraktowana jako materia\u0142 do <\/span><span style=\"color: #000000; font-family: Verdana; font-size: 13px; font-style: normal; font-variant: normal; font-weight: normal; text-decoration: none; vertical-align: baseline; background-color: transparent\">kampanii wyborczej. Najwi\u0119ksi inwestorzy opu\u015bcili Polsk\u0119, a liczba zrealizowanych <\/span><span style=\"color: #000000; font-family: Verdana; font-size: 13px; font-style: normal; font-variant: normal; font-weight: normal; text-decoration: none; vertical-align: baseline; background-color: transparent\">odwiert\u00f3w nie umo\u017cliwia nawet oszacowania ilo\u015bci gazu niekonwencjonalnego <\/span><span style=\"color: #000000; font-family: Verdana; font-size: 13px; font-style: normal; font-variant: normal; font-weight: normal; text-decoration: none; vertical-align: baseline; background-color: transparent\">w Polsce.<\/span><\/p>\n<p dir=\"ltr\" style=\"line-height: 1.15; margin-top: 0pt; margin-bottom: 0pt\"><span style=\"color: #000000; font-family: Verdana; font-size: 13px; font-style: normal; font-variant: normal; font-weight: normal; text-decoration: none; vertical-align: baseline; background-color: transparent\">\u2022 Brak silnej polityki gospodarczej realizowanej na szczeblu UE w zwi\u0105zku z polityk\u0105 klimatyczn\u0105 powoduje ogromne zagro\u017cenie dla konkurencyjno\u015bci polskiego sektora przemys\u0142u ci\u0119\u017ckiego i energoch\u0142onnego.<\/span><\/p>\n<p dir=\"ltr\" style=\"line-height: 1.15; margin-top: 0pt; margin-bottom: 0pt\"><span style=\"color: #000000; font-family: Verdana; font-size: 13px; font-style: normal; font-variant: normal; font-weight: normal; text-decoration: none; vertical-align: baseline; background-color: transparent\">\u2022 Nieprawid\u0142owo\u015bci w przetargach sta\u0142y si\u0119 powszechne, zarzuty o utrudnianie <\/span><span style=\"color: #000000; font-family: Verdana; font-size: 13px; font-style: normal; font-variant: normal; font-weight: normal; text-decoration: none; vertical-align: baseline; background-color: transparent\">uczciwej konkurencji dotycz\u0105 nawet Ministerstwa Sprawiedliwo\u015bci.<\/span><\/p>\n<p dir=\"ltr\" style=\"line-height: 1.15; margin-top: 0pt; margin-bottom: 0pt\"><span style=\"color: #000000; font-family: Verdana; font-size: 13px; font-style: normal; font-variant: normal; font-weight: normal; text-decoration: none; vertical-align: baseline; background-color: transparent\">\u2022 Ogromny potencja\u0142 funduszy europejskich zosta\u0142 nieefektywnie wykorzystany, <\/span><span style=\"color: #000000; font-family: Verdana; font-size: 13px; font-style: normal; font-variant: normal; font-weight: normal; text-decoration: none; vertical-align: baseline; background-color: transparent\">wiele inwestycji nie zosta\u0142o zako\u0144czonych na czas, realizowane programy nie <\/span><span style=\"color: #000000; font-family: Verdana; font-size: 13px; font-style: normal; font-variant: normal; font-weight: normal; text-decoration: none; vertical-align: baseline; background-color: transparent\">przyczyni\u0142y si\u0119 do poprawy konkurencyjno\u015bci polskiej gospodarki i przedsi\u0119biorstw <\/span><span style=\"color: #000000; font-family: Verdana; font-size: 13px; font-style: normal; font-variant: normal; font-weight: normal; text-decoration: none; vertical-align: baseline; background-color: transparent\">oraz trwa\u0142ego wzrostu liczby miejsc pracy, rz\u0105d uzale\u017cni\u0142 si\u0119 pod wzgl\u0119dem <\/span><span style=\"color: #000000; font-family: Verdana; font-size: 13px; font-style: normal; font-variant: normal; font-weight: normal; text-decoration: none; vertical-align: baseline; background-color: transparent\">decyzyjno \u2013 inwestycyjnym od kapita\u0142u UE.<\/span><\/p>\n<p dir=\"ltr\" style=\"line-height: 1.15; margin-top: 0pt; margin-bottom: 0pt\"><span style=\"color: #000000; font-family: Verdana; font-size: 13px; font-style: normal; font-variant: normal; font-weight: normal; text-decoration: none; vertical-align: baseline; background-color: transparent\">\u2022 Potencja\u0142 \u015brodk\u00f3w z UE przyczyni\u0142 si\u0119 g\u0142\u00f3wnie do redukcji negatywnych zjawisk <\/span><span style=\"color: #000000; font-family: Verdana; font-size: 13px; font-style: normal; font-variant: normal; font-weight: normal; text-decoration: none; vertical-align: baseline; background-color: transparent\">rejestrowanych w statystykach narodowych, zwi\u0105zanych z kryzysem <\/span><span style=\"color: #000000; font-family: Verdana; font-size: 13px; font-style: normal; font-variant: normal; font-weight: normal; text-decoration: none; vertical-align: baseline; background-color: transparent\">ekonomicznym, zamiast s\u0142u\u017cy\u0107 budowie fundament\u00f3w silnej, nowoczesnej<\/span><\/p>\n<p dir=\"ltr\" style=\"line-height: 1.15; margin-top: 0pt; margin-bottom: 0pt\"><span style=\"color: #000000; font-family: Verdana; font-size: 13px; font-style: normal; font-variant: normal; font-weight: normal; text-decoration: none; vertical-align: baseline; background-color: transparent\">gospodarki w Polsce.<\/span><\/p>\n<p dir=\"ltr\" style=\"line-height: 1.15; margin-top: 0pt; margin-bottom: 0pt\"><span style=\"color: #000000; font-family: Verdana; font-size: 13px; font-style: normal; font-variant: normal; font-weight: normal; text-decoration: none; vertical-align: baseline; background-color: transparent\">\u2022 Op\u00f3\u017anienie wprowadzania systemu e-podatki powoduje zmniejszenie wp\u0142ywu <\/span><span style=\"color: #000000; font-family: Verdana; font-size: 13px; font-style: normal; font-variant: normal; font-weight: normal; text-decoration: none; vertical-align: baseline; background-color: transparent\">z VAT w kolejnych latach poprzez wy\u0142udzenia (straty to ok. 20 mld<\/span><strong style=\"font-weight: normal\"><span style=\"color: #000000; font-family: Verdana; font-size: 13px; font-style: normal; font-variant: normal; font-weight: normal; text-decoration: none; vertical-align: baseline; background-color: transparent\"><strong> <\/strong>rocznie).<\/span><\/strong><\/p>\n<p><\/strong><\/p>\n<p dir=\"ltr\" style=\"line-height: 1.15; margin-top: 0pt; margin-bottom: 0pt\">Cdn.<\/p>\n","protected":false},"excerpt":{"rendered":"<p>Niekt\u00f3rzy kandydaci sami ograniczaj\u0105 mo\u017cliwo\u015b\u0107 wybrania ich do parlamentu europejskiego, ba, robi\u0105 to nawet ca\u0142e ugrupowania, \u017ce wymieni\u0119 te dwa, kt\u00f3re i bez ostatnich eksces\u00f3w nie s\u0105 warte funta k\u0142ak\u00f3w: SLD i Tw\u00f3j Ruch.<\/p>\n","protected":false},"author":2,"featured_media":0,"comment_status":"open","ping_status":"open","sticky":false,"template":"","format":"standard","meta":[],"categories":[4],"tags":[],"_links":{"self":[{"href":"https:\/\/sporek.com\/blog\/index.php?rest_route=\/wp\/v2\/posts\/437"}],"collection":[{"href":"https:\/\/sporek.com\/blog\/index.php?rest_route=\/wp\/v2\/posts"}],"about":[{"href":"https:\/\/sporek.com\/blog\/index.php?rest_route=\/wp\/v2\/types\/post"}],"author":[{"embeddable":true,"href":"https:\/\/sporek.com\/blog\/index.php?rest_route=\/wp\/v2\/users\/2"}],"replies":[{"embeddable":true,"href":"https:\/\/sporek.com\/blog\/index.php?rest_route=%2Fwp%2Fv2%2Fcomments&post=437"}],"version-history":[{"count":0,"href":"https:\/\/sporek.com\/blog\/index.php?rest_route=\/wp\/v2\/posts\/437\/revisions"}],"wp:attachment":[{"href":"https:\/\/sporek.com\/blog\/index.php?rest_route=%2Fwp%2Fv2%2Fmedia&parent=437"}],"wp:term":[{"taxonomy":"category","embeddable":true,"href":"https:\/\/sporek.com\/blog\/index.php?rest_route=%2Fwp%2Fv2%2Fcategories&post=437"},{"taxonomy":"post_tag","embeddable":true,"href":"https:\/\/sporek.com\/blog\/index.php?rest_route=%2Fwp%2Fv2%2Ftags&post=437"}],"curies":[{"name":"wp","href":"https:\/\/api.w.org\/{rel}","templated":true}]}}