{"id":438,"date":"2014-04-26T11:46:54","date_gmt":"2014-04-26T15:46:54","guid":{"rendered":"http:\/\/sporek.com\/blog\/?p=438"},"modified":"2014-04-26T11:49:49","modified_gmt":"2014-04-26T15:49:49","slug":"euro-wybory-2","status":"publish","type":"post","link":"https:\/\/sporek.com\/blog\/?p=438","title":{"rendered":"Euro &#8211; Wybory 2"},"content":{"rendered":"<p><span style=\"color: #000000; font-family: Verdana; font-size: 13px; font-style: normal; font-variant: normal; font-weight: normal; text-decoration: none; vertical-align: baseline; background-color: transparent\">Cykl, kt\u00f3ry rozpocz\u0105\u0142em wczorajszym wpisem, pt: \u201cEuro-Wybory\u201d ma na celu u\u015bwiadomienie nam wszystkim &#8211; Wyborcom, jak dzia\u0142a\u0142a koalicja PO-PSL; <!--more-->jakie zagro\u017cenia wisz\u0105 nad Polsk\u0105, je\u015bli ta skorumpowana i przest\u0119pcza sitwa b\u0119dzie nadal u w\u0142adzy; jak niszczony by\u0142 nasz kraj pod wznios\u0142ymi has\u0142ami rozwoju, niezale\u017cno\u015bci, suwerenno\u015bci, gospodarno\u015bci, uczciwo\u015bci i tej, os\u0142awionej \u201cmi\u0142o\u015bci\u201d z czas\u00f3w kampanii wyborczej sprzed ponad siedmiu lat.<\/span><\/p>\n<p><strong style=\"font-weight: normal\"><\/p>\n<p dir=\"ltr\" style=\"line-height: 1.15; margin-top: 0pt; margin-bottom: 0pt\"><span style=\"color: #000000; font-family: Verdana; font-size: 13px; font-style: normal; font-variant: normal; font-weight: normal; text-decoration: none; vertical-align: baseline; background-color: transparent\">Polska nie ma nic do zaproponowania nie tylko m\u0142odym ludziom, kt\u00f3rzy wyjechali \u201cza chlebem\u201d, ale i tym m\u0142odym, kt\u00f3rzy zostali w kraju. Nie ma te\u017c nic do zaproponowania starym obywatelom. Rz\u0105dz\u0105ca koalicja, jak i poprzednie rz\u0105dy SLD umiej\u0119tnie wybroni\u0142a oprawc\u00f3w z czas\u00f3w komuny, zabezpieczy\u0142a im dostatnie \u017cycie, a obecne wybory do euro-parlamentu nie s\u0105 niczym innym, jak zabezpieczeniem sobie i swoim dostatnich pensji i emerytur z Brukselii. Polska tych pan\u00f3w nie interesuje. Oto ci\u0105g dalszy <\/span><span style=\"color: #000000; font-family: Verdana; font-size: 13px; font-style: normal; font-variant: normal; font-weight: bold; text-decoration: none; vertical-align: baseline; background-color: transparent\">\u201cSkutk\u00f3w dzia\u0142ania opresyjnych rz\u0105d\u00f3w koalicji PO-PSL\u201d.<\/span><\/p>\n<p dir=\"ltr\" style=\"line-height: 1.15; margin-top: 0pt; margin-bottom: 0pt\"><span style=\"color: #000000; font-family: Verdana; font-size: 13px; font-style: normal; font-variant: normal; font-weight: normal; text-decoration: none; vertical-align: baseline; background-color: transparent\">Po Finansach publicznych i gospodarce czas na <\/span><span style=\"color: #000000; font-family: Verdana; font-size: 13px; font-style: normal; font-variant: normal; font-weight: bold; text-decoration: none; vertical-align: baseline; background-color: transparent\">Infrastruktur\u0119.<\/span><span style=\"color: #000000; font-family: Verdana; font-size: 13px; font-style: normal; font-variant: normal; font-weight: normal; text-decoration: none; vertical-align: baseline; background-color: transparent\"> Prosz\u0119 uwa\u017cnie czyta\u0107, bo w niekt\u00f3re rzeczy trudno uwierzy\u0107.<\/span><\/p>\n<p dir=\"ltr\" style=\"line-height: 1.15; margin-top: 0pt; margin-bottom: 0pt\"><span style=\"color: #000000; font-family: Verdana; font-size: 13px; font-style: normal; font-variant: normal; font-weight: bold; text-decoration: none; vertical-align: baseline; background-color: transparent\">Infrastruktura<\/span><\/p>\n<p dir=\"ltr\" style=\"line-height: 1.15; margin-top: 0pt; margin-bottom: 0pt\"><span style=\"color: #000000; font-family: Verdana; font-size: 13px; font-style: normal; font-variant: normal; font-weight: normal; text-decoration: none; vertical-align: baseline; background-color: transparent\">\u00b7 Brak adekwatnych efekt\u00f3w przy budowie autostrad wobec gigantycznych i nieuzasadnionych wydatk\u00f3w na ten cel.<\/span><\/p>\n<p dir=\"ltr\" style=\"line-height: 1.15; margin-top: 0pt; margin-bottom: 0pt\"><span style=\"color: #000000; font-family: Verdana; font-size: 13px; font-style: normal; font-variant: normal; font-weight: normal; text-decoration: none; vertical-align: baseline; background-color: transparent\">\u00b7 Nadmiernie wysokie koszty budowy dr\u00f3g i autostrad (\u015brednia koszt\u00f3w budowy 1 km autostrady w Polsce wynosi 9,6 mln euro, w Niemczech 8,24 mln euro, na <\/span><span style=\"color: #000000; font-family: Verdana; font-size: 13px; font-style: normal; font-variant: normal; font-weight: normal; text-decoration: none; vertical-align: baseline; background-color: transparent\">Litwie 4 mln euro).<\/span><\/p>\n<p dir=\"ltr\" style=\"line-height: 1.15; margin-top: 0pt; margin-bottom: 0pt\"><span style=\"color: #000000; font-family: Verdana; font-size: 13px; font-style: normal; font-variant: normal; font-weight: normal; text-decoration: none; vertical-align: baseline; background-color: transparent\">\u00b7 Doprowadzenie do upadku wielu firm bran\u017cy budowlanej (w 2012 roku upad\u0142o 259 firm, w 2013 roku &#8211; 241 firm).<\/span><\/p>\n<p dir=\"ltr\" style=\"line-height: 1.15; margin-top: 0pt; margin-bottom: 0pt\"><span style=\"color: #000000; font-family: Verdana; font-size: 13px; font-style: normal; font-variant: normal; font-weight: normal; text-decoration: none; vertical-align: baseline; background-color: transparent\">\u00b7 Znacz\u0105cy spadek zatrudnienia w bran\u017cy budowlanej &#8211; o ok. 140-150 tys. etat\u00f3w, <\/span><span style=\"color: #000000; font-family: Verdana; font-size: 13px; font-style: normal; font-variant: normal; font-weight: normal; text-decoration: none; vertical-align: baseline; background-color: transparent\">czyli o 13%.<\/span><\/p>\n<p dir=\"ltr\" style=\"line-height: 1.15; margin-top: 0pt; margin-bottom: 0pt\"><span style=\"color: #000000; font-family: Verdana; font-size: 13px; font-style: normal; font-variant: normal; font-weight: normal; text-decoration: none; vertical-align: baseline; background-color: transparent\">\u00b7 Spadek produkcji w bran\u017cy budowlanej, zw\u0142aszcza w inwestycjach infrastrukturalnych (w 2013 roku spadek ten si\u0119gn\u0105\u0142 40%).<\/span><\/p>\n<p dir=\"ltr\" style=\"line-height: 1.15; margin-top: 0pt; margin-bottom: 0pt\"><span style=\"color: #000000; font-family: Verdana; font-size: 13px; font-style: normal; font-variant: normal; font-weight: normal; text-decoration: none; vertical-align: baseline; background-color: transparent\">\u00b7 Zad\u0142u\u017cenie Krajowego Funduszu Drogowego na 42 mld z\u0142 wg. danych na pa\u017adziernik 2013 roku. Planowane zad\u0142u\u017cenie na rok 2014 to a\u017c 50 mld z\u0142.<\/span><\/p>\n<p dir=\"ltr\" style=\"line-height: 1.15; margin-top: 0pt; margin-bottom: 0pt\"><span style=\"color: #000000; font-family: Verdana; font-size: 13px; font-style: normal; font-variant: normal; font-weight: normal; text-decoration: none; vertical-align: baseline; background-color: transparent\">\u00b7 Wprowadzenie systemu op\u0142at elektronicznych ViaToll powoduj\u0105cego znaczne obci\u0105\u017cenie finansowe dla firm transportowych.<\/span><\/p>\n<p dir=\"ltr\" style=\"line-height: 1.15; margin-top: 0pt; margin-bottom: 0pt\"><span style=\"color: #000000; font-family: Verdana; font-size: 13px; font-style: normal; font-variant: normal; font-weight: normal; text-decoration: none; vertical-align: baseline; background-color: transparent\">\u00b7 Likwidacja linii kolejowych (planowano likwidacj\u0119 nawet 4000 km linii kolejowych, z przewidzianych do wy\u0142\u0105czenia z ruchu 90 odcink\u00f3w wytypowanych przez PKP PLK zosta\u0142o zlikwidowanych ju\u017c 21 odcink\u00f3w linii kolejowych).<\/span><\/p>\n<p dir=\"ltr\" style=\"line-height: 1.15; margin-top: 0pt; margin-bottom: 0pt\"><span style=\"color: #000000; font-family: Verdana; font-size: 13px; font-style: normal; font-variant: normal; font-weight: normal; text-decoration: none; vertical-align: baseline; background-color: transparent\">\u00b7 Prywatyzacja wielu dworc\u00f3w kolejowych i likwidacja co najmniej 130 stacji I <\/span><span style=\"color: #000000; font-family: Verdana; font-size: 13px; font-style: normal; font-variant: normal; font-weight: normal; text-decoration: none; vertical-align: baseline; background-color: transparent\">przystank\u00f3w PKP.<\/span><\/p>\n<p dir=\"ltr\" style=\"line-height: 1.15; margin-top: 0pt; margin-bottom: 0pt\"><span style=\"color: #000000; font-family: Verdana; font-size: 13px; font-style: normal; font-variant: normal; font-weight: normal; text-decoration: none; vertical-align: baseline; background-color: transparent\">\u00b7 Przesuwanie w czasie decyzji o budowie obwodnic kilkunastu polskich miast <\/span><span style=\"color: #000000; font-family: Verdana; font-size: 13px; font-style: normal; font-variant: normal; font-weight: normal; text-decoration: none; vertical-align: baseline; background-color: transparent\">(Olsztyn, Suwa\u0142ki, Inowroc\u0142aw, Pu\u0142tusk, Pomiech\u00f3wek, Jarocin, G\u00f3ra Kalwaria, <\/span><span style=\"color: #000000; font-family: Verdana; font-size: 13px; font-style: normal; font-variant: normal; font-weight: normal; text-decoration: none; vertical-align: baseline; background-color: transparent\">Ko\u0142biel, Ostr\u00f3w Wielkopolski, Niemodlin, Nysa, K\u0119dzierzyn-Ko\u017ale, W\u0105chock,<\/span><\/p>\n<p dir=\"ltr\" style=\"line-height: 1.15; margin-top: 0pt; margin-bottom: 0pt\"><span style=\"color: #000000; font-family: Verdana; font-size: 13px; font-style: normal; font-variant: normal; font-weight: normal; text-decoration: none; vertical-align: baseline; background-color: transparent\">Tomasz\u00f3w Lubelski, D\u0105browa Tarnowska, Zabierz\u00f3w).<\/span><\/p>\n<p dir=\"ltr\" style=\"line-height: 1.15; margin-top: 0pt; margin-bottom: 0pt\"><span style=\"color: #000000; font-family: Verdana; font-size: 13px; font-style: normal; font-variant: normal; font-weight: normal; text-decoration: none; vertical-align: baseline; background-color: transparent\">\u00b7 Pozbawienie podwykonawc\u00f3w mo\u017cliwo\u015bci odzyskania nale\u017cnych pieni\u0119dzy od <\/span><span style=\"color: #000000; font-family: Verdana; font-size: 13px; font-style: normal; font-variant: normal; font-weight: normal; text-decoration: none; vertical-align: baseline; background-color: transparent\">Generalnej Dyrekcji Dr\u00f3g Krajowych i Autostrad za wykonane prace przy budowie <\/span><span style=\"color: #000000; font-family: Verdana; font-size: 13px; font-style: normal; font-variant: normal; font-weight: normal; text-decoration: none; vertical-align: baseline; background-color: transparent\">dr\u00f3g (tylko cz\u0119\u015b\u0107 z nich otrzyma\u0142a nale\u017cne pieni\u0105dze).<\/span><\/p>\n<p dir=\"ltr\" style=\"line-height: 1.15; margin-top: 0pt; margin-bottom: 0pt\"><span style=\"color: #000000; font-family: Verdana; font-size: 13px; font-style: normal; font-variant: normal; font-weight: normal; text-decoration: none; vertical-align: baseline; background-color: transparent\">\u00b7 Likwidacja infrastruktury \u201ePolski powiatowej\u201d (linie PKS, po\u0142\u0105czenia kolejowe, ma\u0142e szko\u0142y, s\u0105dy rejonowe, biblioteki, plac\u00f3wki pocztowe, posterunki policji).<\/span><\/p>\n<p dir=\"ltr\" style=\"line-height: 1.15; margin-top: 0pt; margin-bottom: 0pt\"><span style=\"color: #000000; font-family: Verdana; font-size: 13px; font-style: normal; font-variant: normal; font-weight: normal; text-decoration: none; vertical-align: baseline; background-color: transparent\">\u00b7 Wykluczenie m\u0142odych mieszka\u0144c\u00f3w znacznych obszar\u00f3w Polski z programu \u201eMieszkanie dla M\u0142odych\u201d &#8211; zakup nowego mieszkania przy wsparciu tego programu zosta\u0142 ograniczony praktycznie do du\u017cych miast.<\/span><\/p>\n<p dir=\"ltr\" style=\"line-height: 1.15; margin-top: 0pt; margin-bottom: 0pt\"><span style=\"color: #000000; font-family: Verdana; font-size: 13px; font-style: normal; font-variant: normal; font-weight: normal; text-decoration: none; vertical-align: baseline; background-color: transparent\">\u00b7 Blokowanie regulacji prawnych w zakresie instalowania farm wiatrowych. Ich bliska w stosunku do zabudowa\u0144 lokalizacja na znacznych obszarach Polski nara\u017ca mieszka\u0144c\u00f3w na utrat\u0119 zdrowia, powoduje spadek warto\u015bci nieruchomo\u015bci oraz <\/span><span style=\"color: #000000; font-family: Verdana; font-size: 13px; font-style: normal; font-variant: normal; font-weight: normal; text-decoration: none; vertical-align: baseline; background-color: transparent\">niszczy walory krajobrazowe.<\/span><\/p>\n<p dir=\"ltr\" style=\"line-height: 1.15; margin-top: 0pt; margin-bottom: 0pt\"><span style=\"color: #000000; font-family: Verdana; font-size: 13px; font-style: normal; font-variant: normal; font-weight: normal; text-decoration: none; vertical-align: baseline; background-color: transparent\">\u00b7 Zawieszenie projektu kolei du\u017cych pr\u0119dko\u015bci oraz dramatycznie niskie wykorzystanie \u015brodk\u00f3w europejskich na inwestycje kolejowe (Polska b\u0119dzie musia\u0142a dokona\u0107 zwrotu cz\u0119\u015bci funduszy) przy ogromnych potrzebach pilnych remont\u00f3w oraz budowy nowych linii kolejowych.<\/span><\/p>\n<p dir=\"ltr\" style=\"line-height: 1.15; margin-top: 0pt; margin-bottom: 0pt\"><span style=\"color: #000000; font-family: Verdana; font-size: 13px; font-style: normal; font-variant: normal; font-weight: normal; text-decoration: none; vertical-align: baseline; background-color: transparent\">\u00b7 Zakup drogich, niefunkcjonalnych i nieprzydatnych poci\u0105g\u00f3w Pendolino oraz samolot\u00f3w Dreamliner.<\/span><\/p>\n<p dir=\"ltr\" style=\"line-height: 1.15; margin-top: 0pt; margin-bottom: 0pt\"><span style=\"color: #000000; font-family: Verdana; font-size: 13px; font-style: normal; font-variant: normal; font-weight: normal; text-decoration: none; vertical-align: baseline; background-color: transparent\">\u00b7 Niewykorzystanie przez rz\u0105d unijnych \u015brodk\u00f3w na budow\u0119 sieci szybkiego internetu, co ogranicza dost\u0119p obywateli do internetu.<\/span><\/p>\n<p dir=\"ltr\" style=\"line-height: 1.15; margin-top: 0pt; margin-bottom: 0pt\"><span style=\"color: #000000; font-family: Verdana; font-size: 13px; font-style: normal; font-variant: normal; font-weight: normal; text-decoration: none; vertical-align: baseline; background-color: transparent\">\u00b7 Likwidacja znacznej cz\u0119\u015bci urz\u0119d\u00f3w i plac\u00f3wek Poczty Polskiej, co utrudnia obywatelom dost\u0119p do us\u0142ug pocztowych.<\/span><\/p>\n<p dir=\"ltr\" style=\"line-height: 1.15; margin-top: 0pt; margin-bottom: 0pt\"><span style=\"color: #000000; font-family: Verdana; font-size: 13px; font-style: normal; font-variant: normal; font-weight: normal; text-decoration: none; vertical-align: baseline; background-color: transparent\">\u00b7 Zlecenie obs\u0142ugi przesy\u0142ek s\u0105d\u00f3w i prokuratury niekompetentnej prywatnej firmie, co powoduje chaos w obiegu korespondencji, wywo\u0142uje oburzenie obywateli i podwa\u017ca ich zaufanie do pa\u0144stwa.<\/span><\/p>\n<p dir=\"ltr\" style=\"line-height: 1.15; margin-top: 0pt; margin-bottom: 0pt\"><span style=\"color: #000000; font-family: Verdana; font-size: 13px; font-style: normal; font-variant: normal; font-weight: normal; text-decoration: none; vertical-align: baseline; background-color: transparent\">\u00b7 Niszczenie polskiego przemys\u0142u stoczniowego przez nieprawid\u0142owy nadz\u00f3r w\u0142a\u015bcicielski, brak odpowiednich dzia\u0142a\u0144 w sprawie udzielenia stoczniom pomocy publicznej i pe\u0142na nieprawid\u0142owo\u015bci sprzeda\u017c stoczni w Gdyni i Szczecinie.<\/span><\/p>\n<p dir=\"ltr\" style=\"line-height: 1.15; margin-top: 0pt; margin-bottom: 0pt\"><span style=\"color: #000000; font-family: Verdana; font-size: 13px; font-style: normal; font-variant: normal; font-weight: normal; text-decoration: none; vertical-align: baseline; background-color: transparent\">\u00b7 Wielomiesi\u0119czne op\u00f3\u017anienia w budowie gazoportu powoduj\u0105ce wzrost koszt\u00f3w jego budowy oraz konieczno\u015b\u0107 renegocjacji warunk\u00f3w kontraktu z Katarem. Do tej pory nie ma w Polsce strategii wykorzystania ciek\u0142ego gazu ziemnego (LNG &#8211; Liquefied Natural Gas).<\/span><\/p>\n<p><\/strong><\/p>\n","protected":false},"excerpt":{"rendered":"<p>Cykl, kt\u00f3ry rozpocz\u0105\u0142em wczorajszym wpisem, pt: \u201cEuro-Wybory\u201d ma na celu u\u015bwiadomienie nam wszystkim &#8211; Wyborcom, jak dzia\u0142a\u0142a koalicja PO-PSL;<\/p>\n","protected":false},"author":2,"featured_media":0,"comment_status":"open","ping_status":"open","sticky":false,"template":"","format":"standard","meta":[],"categories":[4],"tags":[],"_links":{"self":[{"href":"https:\/\/sporek.com\/blog\/index.php?rest_route=\/wp\/v2\/posts\/438"}],"collection":[{"href":"https:\/\/sporek.com\/blog\/index.php?rest_route=\/wp\/v2\/posts"}],"about":[{"href":"https:\/\/sporek.com\/blog\/index.php?rest_route=\/wp\/v2\/types\/post"}],"author":[{"embeddable":true,"href":"https:\/\/sporek.com\/blog\/index.php?rest_route=\/wp\/v2\/users\/2"}],"replies":[{"embeddable":true,"href":"https:\/\/sporek.com\/blog\/index.php?rest_route=%2Fwp%2Fv2%2Fcomments&post=438"}],"version-history":[{"count":0,"href":"https:\/\/sporek.com\/blog\/index.php?rest_route=\/wp\/v2\/posts\/438\/revisions"}],"wp:attachment":[{"href":"https:\/\/sporek.com\/blog\/index.php?rest_route=%2Fwp%2Fv2%2Fmedia&parent=438"}],"wp:term":[{"taxonomy":"category","embeddable":true,"href":"https:\/\/sporek.com\/blog\/index.php?rest_route=%2Fwp%2Fv2%2Fcategories&post=438"},{"taxonomy":"post_tag","embeddable":true,"href":"https:\/\/sporek.com\/blog\/index.php?rest_route=%2Fwp%2Fv2%2Ftags&post=438"}],"curies":[{"name":"wp","href":"https:\/\/api.w.org\/{rel}","templated":true}]}}