{"id":439,"date":"2014-04-30T21:45:58","date_gmt":"2014-05-01T01:45:58","guid":{"rendered":"http:\/\/sporek.com\/blog\/?p=439"},"modified":"2014-05-01T14:06:49","modified_gmt":"2014-05-01T18:06:49","slug":"euro-wybory-3","status":"publish","type":"post","link":"https:\/\/sporek.com\/blog\/?p=439","title":{"rendered":"Euro-Wybory 3"},"content":{"rendered":"<p><strong style=\"font-weight: normal\"><span style=\"color: #000000; font-family: Verdana; font-size: 13px; font-style: normal; font-variant: normal; font-weight: normal; text-decoration: none; vertical-align: baseline; background-color: transparent\">Czytelniku, zanim przeczytasz poni\u017cszy tekst, zobacz ten spot; wcale nie za 7 milion\u00f3w:<\/span><span style=\"color: #000000; font-family: Verdana; font-size: 13px; font-style: normal; font-variant: normal; font-weight: bold; text-decoration: none; vertical-align: baseline; background-color: transparent\"> <\/span><a href=\"https:\/\/www.youtube.com\/watch?v=oCUq2ypl7Sk\" style=\"text-decoration: none\"><span style=\"color: #0072c6; font-family: Consolas; font-size: 15px; font-style: normal; font-variant: normal; font-weight: bold; text-decoration: underline; vertical-align: baseline; background-color: transparent\">https:\/\/www.youtube.com\/watch?v=oCUq2ypl7Sk <\/span><\/a><span style=\"color: #000000; font-family: Verdana; font-size: 13px; font-style: normal; font-variant: normal; font-weight: bold; text-decoration: none; vertical-align: baseline; background-color: transparent\"><\/span><\/strong><span style=\"color: #333333; font-family: Verdana; font-size: 13px; font-style: normal; font-variant: normal; font-weight: normal; text-decoration: none; vertical-align: baseline; background-color: transparent\">Prosta, konkretna i rzeczowa prezentacja fakt\u00f3w a nie mit\u00f3w&#8230; Polecam Waszej uwadze i zach\u0119cam do publikacji i przekazywania dalej znajomym. Takie rzeczy nale\u017cy publikowa\u0107 jak najszerszemu gronu ludzi!\u00a0\u00a0 W telewizji tego z pewno\u015bci\u0105 nie zobaczycie\u2026<!--more--><\/span><\/p>\n<p><strong style=\"font-weight: normal\"><\/p>\n<p dir=\"ltr\" style=\"line-height: 1.15; margin-top: 0pt; margin-bottom: 0pt\"><span style=\"color: #000000; font-family: Verdana; font-size: 13px; font-style: normal; font-variant: normal; font-weight: bold; text-decoration: none; vertical-align: baseline; background-color: transparent\">Niekt\u00f3re skutki dzia\u0142ania opresyjnych rz\u0105d\u00f3w koalicji PO-PSL:<\/span><\/p>\n<p dir=\"ltr\" style=\"line-height: 1.15; margin-top: 0pt; margin-bottom: 0pt\"><span style=\"color: #000000; font-family: Verdana; font-size: 13px; font-style: normal; font-variant: normal; font-weight: bold; text-decoration: none; vertical-align: baseline; background-color: transparent\">Samorz\u0105d terytorialny i rozw\u00f3j regionalny<\/span><\/p>\n<p dir=\"ltr\" style=\"line-height: 1.15; margin-top: 0pt; margin-bottom: 0pt\"><span style=\"color: #000000; font-family: Verdana; font-size: 13px; font-style: normal; font-variant: normal; font-weight: normal; text-decoration: none; vertical-align: baseline; background-color: transparent\">\u00b7 Akceptacja zmian w europejskiej polityce sp\u00f3jno\u015bci utrudniaj\u0105cych wyr\u00f3wnywanie r\u00f3\u017cnic rozwojowych pomi\u0119dzy regionami na rzecz polityki wspierania konkurencyjno\u015bci, czyli silnych obszar\u00f3w w Europie, co pozbawia Polsk\u0119 oko\u0142o 40 mld euro.<\/span><\/p>\n<p dir=\"ltr\" style=\"line-height: 1.15; margin-top: 0pt; margin-bottom: 0pt\"><span style=\"color: #000000; font-family: Verdana; font-size: 13px; font-style: normal; font-variant: normal; font-weight: normal; text-decoration: none; vertical-align: baseline; background-color: transparent\">\u00b7 Niekorzystne dla Polski wyniki negocjacji dotycz\u0105ce perspektywy finansowej UE na lata 2014-2020, w wyniku kt\u00f3rych otrzymali\u015bmy, uwzgl\u0119dniaj\u0105c stop\u0119 inflacji, o 10 mld euro mniej ni\u017c w poprzedniej perspektywie finansowej (co oznacza, \u017ce po <\/span><span style=\"color: #000000; font-family: Verdana; font-size: 13px; font-style: normal; font-variant: normal; font-weight: normal; text-decoration: none; vertical-align: baseline; background-color: transparent\">odliczeniu wp\u0142aconej sk\u0142adki b\u0119dziemy mieli do dyspozycji netto o kolejne 16 mld <\/span><span style=\"color: #000000; font-family: Verdana; font-size: 13px; font-style: normal; font-variant: normal; font-weight: normal; text-decoration: none; vertical-align: baseline; background-color: transparent\">euro mniej).<\/span><\/p>\n<p dir=\"ltr\" style=\"line-height: 1.15; margin-top: 0pt; margin-bottom: 0pt\"><span style=\"color: #000000; font-family: Verdana; font-size: 13px; font-style: normal; font-variant: normal; font-weight: normal; text-decoration: none; vertical-align: baseline; background-color: transparent\">\u00b7 Zgoda rz\u0105du na sytuacj\u0119, w kt\u00f3rej na g\u0142ow\u0119 statystycznego Polaka w ramach <\/span><span style=\"color: #000000; font-family: Verdana; font-size: 13px; font-style: normal; font-variant: normal; font-weight: normal; text-decoration: none; vertical-align: baseline; background-color: transparent\">bud\u017cetu UE na lata 2014 \u2013 2020 Polska otrzyma tylko 2 784 euro, czyli znacznie\u00a0<\/span><span style=\"color: #000000; font-family: Verdana; font-size: 13px; font-style: normal; font-variant: normal; font-weight: normal; text-decoration: none; vertical-align: baseline; background-color: transparent\">mniej ni\u017c inni nowi cz\u0142onkowie UE (W\u0119gry 3722 <font size=\"3\">\u20ac<\/font> na osob\u0119, Czechy 2857 <font size=\"3\">\u20ac<\/font> <\/span><span style=\"color: #000000; font-family: Verdana; font-size: 13px; font-style: normal; font-variant: normal; font-weight: normal; text-decoration: none; vertical-align: baseline; background-color: transparent\">na osob\u0119, Chorwacja 4186 <font size=\"3\">\u20ac<\/font> na osob\u0119, Litwa 5862 <font size=\"3\">\u20ac <\/font>na osob\u0119).<\/span><\/p>\n<p dir=\"ltr\" style=\"line-height: 1.15; margin-top: 0pt; margin-bottom: 0pt\"><span style=\"color: #000000; font-family: Verdana; font-size: 13px; font-style: normal; font-variant: normal; font-weight: normal; text-decoration: none; vertical-align: baseline; background-color: transparent\">\u00b7 Porzucenie koncepcji zr\u00f3wnowa\u017conego rozwoju kraju na rzecz modelu <\/span><span style=\"color: #000000; font-family: Verdana; font-size: 13px; font-style: normal; font-variant: normal; font-weight: normal; text-decoration: none; vertical-align: baseline; background-color: transparent\">polaryzacyjno \u2013 dyfuzyjnego rozwoju Polski, polegaj\u0105cego na kierowaniu wi\u0119kszych \u015brodk\u00f3w na konkurencyjno\u015b\u0107 kosztem sp\u00f3jno\u015bci, czyli alokacji w najwi\u0119kszych o\u015brodkach zamiast wyr\u00f3wnywania r\u00f3\u017cnic rozwojowych.<\/span><\/p>\n<p dir=\"ltr\" style=\"line-height: 1.15; margin-top: 0pt; margin-bottom: 0pt\"><span style=\"color: #000000; font-family: Verdana; font-size: 13px; font-style: normal; font-variant: normal; font-weight: normal; text-decoration: none; vertical-align: baseline; background-color: transparent\">\u00b7 Systematyczna likwidacja infrastruktury Polski gminnej i powiatowej (po\u0142\u0105czenia <\/span><span style=\"color: #000000; font-family: Verdana; font-size: 13px; font-style: normal; font-variant: normal; font-weight: normal; text-decoration: none; vertical-align: baseline; background-color: transparent\">kolejowe i autobusowe, plac\u00f3wki o\u015bwiatowe, infrastruktura pocztowa, s\u0105dy <\/span><span style=\"color: #000000; font-family: Verdana; font-size: 13px; font-style: normal; font-variant: normal; font-weight: normal; text-decoration: none; vertical-align: baseline; background-color: transparent\">rejonowe, prokuratury, izby celne, rejony energetyczne, posterunki policji, <\/span><span style=\"color: #000000; font-family: Verdana; font-size: 13px; font-style: normal; font-variant: normal; font-weight: normal; text-decoration: none; vertical-align: baseline; background-color: transparent\">plac\u00f3wki kultury).<\/span><\/p>\n<p dir=\"ltr\" style=\"line-height: 1.15; margin-top: 0pt; margin-bottom: 0pt\"><span style=\"color: #000000; font-family: Verdana; font-size: 13px; font-style: normal; font-variant: normal; font-weight: normal; text-decoration: none; vertical-align: baseline; background-color: transparent\">\u00b7 Obci\u0105\u017canie samorz\u0105d\u00f3w nowymi zadaniami bez przeznaczania odpowiednich <\/span><span style=\"color: #000000; font-family: Verdana; font-size: 13px; font-style: normal; font-variant: normal; font-weight: normal; text-decoration: none; vertical-align: baseline; background-color: transparent\">\u015brodk\u00f3w na ich realizacj\u0119, czego przyk\u0142adem jest ustawa o wspieraniu rodziny i <\/span><span style=\"color: #000000; font-family: Verdana; font-size: 13px; font-style: normal; font-variant: normal; font-weight: normal; text-decoration: none; vertical-align: baseline; background-color: transparent\">systemie pieczy zast\u0119pczej, kt\u00f3ra wymaga zaanga\u017cowania przez samorz\u0105dy co n<\/span><span style=\"color: #000000; font-family: Verdana; font-size: 13px; font-style: normal; font-variant: normal; font-weight: normal; text-decoration: none; vertical-align: baseline; background-color: transparent\">ajmniej 8 mld z\u0142 rocznie bez zapewnienia im \u017cadnej rekompensaty.<\/span><\/p>\n<p dir=\"ltr\" style=\"line-height: 1.15; margin-top: 0pt; margin-bottom: 0pt\"><span style=\"color: #000000; font-family: Verdana; font-size: 13px; font-style: normal; font-variant: normal; font-weight: normal; text-decoration: none; vertical-align: baseline; background-color: transparent\">\u00b7 Przekre\u015blenie szans Polski Wschodniej na szybki rozw\u00f3j i niezb\u0119dne inwestycje <\/span><span style=\"color: #000000; font-family: Verdana; font-size: 13px; font-style: normal; font-variant: normal; font-weight: normal; text-decoration: none; vertical-align: baseline; background-color: transparent\">ze \u015brodk\u00f3w Unii Europejskiej.<\/span><\/p>\n<p dir=\"ltr\" style=\"line-height: 1.15; margin-top: 0pt; margin-bottom: 0pt\"><span style=\"color: #000000; font-family: Verdana; font-size: 13px; font-style: normal; font-variant: normal; font-weight: normal; text-decoration: none; vertical-align: baseline; background-color: transparent\">\u00b7 Wzrost rozwarstwienia regionalnego w Polsce. W 2011 roku najwi\u0119ksza r\u00f3\u017cnica <\/span><span style=\"color: #000000; font-family: Verdana; font-size: 13px; font-style: normal; font-variant: normal; font-weight: normal; text-decoration: none; vertical-align: baseline; background-color: transparent\">PKB per capita dotyczy\u0142a wojew\u00f3dztwa mazowieckiego (64 790 z\u0142) i podkarpackiego (26 801 z\u0142).<\/span><\/p>\n<p dir=\"ltr\" style=\"line-height: 1.15; margin-top: 0pt; margin-bottom: 0pt\">&nbsp;<\/p>\n<p dir=\"ltr\" style=\"line-height: 1.15; margin-top: 0pt; margin-bottom: 0pt\"><span style=\"color: #000000; font-family: Verdana; font-size: 13px; font-style: normal; font-variant: normal; font-weight: bold; text-decoration: none; vertical-align: baseline; background-color: transparent\">Rolnictwo<\/span><\/p>\n<p dir=\"ltr\" style=\"line-height: 1.15; margin-top: 0pt; margin-bottom: 0pt\"><span style=\"color: #000000; font-family: Verdana; font-size: 13px; font-style: normal; font-variant: normal; font-weight: normal; text-decoration: none; vertical-align: baseline; background-color: transparent\">\u00b7 Zmiana zasad prowadzenia polityki rolnej, co prowadzi do zubo\u017cenia i wyludniania <\/span><span style=\"color: #000000; font-family: Verdana; font-size: 13px; font-style: normal; font-variant: normal; font-weight: normal; text-decoration: none; vertical-align: baseline; background-color: transparent\">polskiej wsi.<\/span><\/p>\n<p dir=\"ltr\" style=\"line-height: 1.15; margin-top: 0pt; margin-bottom: 0pt\"><span style=\"color: #000000; font-family: Verdana; font-size: 13px; font-style: normal; font-variant: normal; font-weight: normal; text-decoration: none; vertical-align: baseline; background-color: transparent\">\u00b7 Ok\u0142amywanie polskich rolnik\u00f3w, \u017ce polskie rolnictwo otrzyma\u0142o w nowej <\/span><span style=\"color: #000000; font-family: Verdana; font-size: 13px; font-style: normal; font-variant: normal; font-weight: normal; text-decoration: none; vertical-align: baseline; background-color: transparent\">perspektywie finansowej wi\u0119cej ni\u017c w poprzedniej. Bior\u0105c pod uwag\u0119 wysoko\u015b\u0107<\/span><\/p>\n<p dir=\"ltr\" style=\"line-height: 1.15; margin-top: 0pt; margin-bottom: 0pt\"><span style=\"color: #000000; font-family: Verdana; font-size: 13px; font-style: normal; font-variant: normal; font-weight: normal; text-decoration: none; vertical-align: baseline; background-color: transparent\">dop\u0142at w roku 2013, powinni\u015bmy otrzyma\u0107 co najmniej 21,3 mld euro na dop\u0142aty <\/span><span style=\"color: #000000; font-family: Verdana; font-size: 13px; font-style: normal; font-variant: normal; font-weight: normal; text-decoration: none; vertical-align: baseline; background-color: transparent\">bezpo\u015brednie na 7 lat, a otrzymali\u015bmy 18,8 mld. Ponadto na rozw\u00f3j obszar\u00f3w <\/span><span style=\"color: #000000; font-family: Verdana; font-size: 13px; font-style: normal; font-variant: normal; font-weight: normal; text-decoration: none; vertical-align: baseline; background-color: transparent\">wiejskich by\u0142o wynegocjowanych przez rz\u0105d Prawa i Sprawiedliwo\u015bci na lata 2007- <\/span><span style=\"color: #000000; font-family: Verdana; font-size: 13px; font-style: normal; font-variant: normal; font-weight: normal; text-decoration: none; vertical-align: baseline; background-color: transparent\">2013 z UE 13,4 mld <font size=\"3\">\u20ac<\/font>, a na lata 2014-2020 obecny rz\u0105d uzyska\u0142 zaledwie 9,8 mld <font size=\"3\">\u20ac<\/font><\/span><span style=\"color: #000000; font-family: Verdana; font-size: 13px; font-style: normal; font-variant: normal; font-weight: normal; text-decoration: none; vertical-align: baseline; background-color: transparent\">. Obni\u017cenie bud\u017cetu wyniesie wi\u0119c realnie 2,5 mld euro w dop\u0142atach <\/span><span style=\"color: #000000; font-family: Verdana; font-size: 13px; font-style: normal; font-variant: normal; font-weight: normal; text-decoration: none; vertical-align: baseline; background-color: transparent\">obszarowych i 3,6 mld euro na rozw\u00f3j obszar\u00f3w wiejskich, czyli \u0142\u0105cznie mniej o 6,1<\/span><span style=\"color: #000000; font-family: Verdana; font-size: 13px; font-style: normal; font-variant: normal; font-weight: normal; text-decoration: none; vertical-align: baseline; background-color: transparent\">mld <font size=\"3\">\u20ac<\/font>.<\/span><\/p>\n<p dir=\"ltr\" style=\"line-height: 1.15; margin-top: 0pt; margin-bottom: 0pt\"><span style=\"color: #000000; font-family: Verdana; font-size: 13px; font-style: normal; font-variant: normal; font-weight: normal; text-decoration: none; vertical-align: baseline; background-color: transparent\">\u00b7 Zmniejszenie od 2007 roku wydatk\u00f3w na rolnictwo, rozw\u00f3j wsi, rynki rolne i <\/span><span style=\"color: #000000; font-family: Verdana; font-size: 13px; font-style: normal; font-variant: normal; font-weight: normal; text-decoration: none; vertical-align: baseline; background-color: transparent\">rybo\u0142\u00f3wstwo z 3% PKB do 1,5% PKB w roku 2014 .<\/span><\/p>\n<p dir=\"ltr\" style=\"line-height: 1.15; margin-top: 0pt; margin-bottom: 0pt\"><span style=\"color: #000000; font-family: Verdana; font-size: 13px; font-style: normal; font-variant: normal; font-weight: normal; text-decoration: none; vertical-align: baseline; background-color: transparent\">\u00b7 Zaniechanie jakichkolwiek dzia\u0142a\u0144 prowadz\u0105cych do wyr\u00f3wnania dop\u0142at <\/span><span style=\"color: #000000; font-family: Verdana; font-size: 13px; font-style: normal; font-variant: normal; font-weight: normal; text-decoration: none; vertical-align: baseline; background-color: transparent\">bezpo\u015brednich z innymi krajami UE .<\/span><\/p>\n<p dir=\"ltr\" style=\"line-height: 1.15; margin-top: 0pt; margin-bottom: 0pt\"><span style=\"color: #000000; font-family: Verdana; font-size: 13px; font-style: normal; font-variant: normal; font-weight: normal; text-decoration: none; vertical-align: baseline; background-color: transparent\">\u00b7 Zamkni\u0119cie cukrowni w \u0141apach, Lublinie i Brze\u015bciu Kujawskim.<\/span><\/p>\n<p dir=\"ltr\" style=\"line-height: 1.15; margin-top: 0pt; margin-bottom: 0pt\"><span style=\"color: #000000; font-family: Verdana; font-size: 13px; font-style: normal; font-variant: normal; font-weight: normal; text-decoration: none; vertical-align: baseline; background-color: transparent\">\u00b7 Redukcja limitu kwot cukrowych o 366 tys. ton.<\/span><\/p>\n<p dir=\"ltr\" style=\"line-height: 1.15; margin-top: 0pt; margin-bottom: 0pt\"><span style=\"color: #000000; font-family: Verdana; font-size: 13px; font-style: normal; font-variant: normal; font-weight: normal; text-decoration: none; vertical-align: baseline; background-color: transparent\">\u00b7 Koncentracja rynku cukru w r\u0119kach firm niemieckich po przej\u0119ciu przez niemieck\u0105 <\/span><span style=\"color: #000000; font-family: Verdana; font-size: 13px; font-style: normal; font-variant: normal; font-weight: normal; text-decoration: none; vertical-align: baseline; background-color: transparent\">sp\u00f3\u0142k\u0119 Pfeifer &amp; Langen cukrowni brytyjskiej firmy British Sugar Overseas (BSO) <\/span><span style=\"color: #000000; font-family: Verdana; font-size: 13px; font-style: normal; font-variant: normal; font-weight: normal; text-decoration: none; vertical-align: baseline; background-color: transparent\">w sierpniu 2009 roku, a w konsekwencji do utraty kwoty produkcyjnej burak\u00f3w <\/span><span style=\"color: #000000; font-family: Verdana; font-size: 13px; font-style: normal; font-variant: normal; font-weight: normal; text-decoration: none; vertical-align: baseline; background-color: transparent\">150 tys. ton i zwolnie\u0144 pracownik\u00f3w .<\/span><\/p>\n<p dir=\"ltr\" style=\"line-height: 1.15; margin-top: 0pt; margin-bottom: 0pt\"><span style=\"color: #000000; font-family: Verdana; font-size: 13px; font-style: normal; font-variant: normal; font-weight: normal; text-decoration: none; vertical-align: baseline; background-color: transparent\">\u00b7 Spadek pog\u0142owia trzody chlewnej, kt\u00f3re w lipcu 2012 roku liczy\u0142o 11,5 mln sztuk <\/span><span style=\"color: #000000; font-family: Verdana; font-size: 13px; font-style: normal; font-variant: normal; font-weight: normal; text-decoration: none; vertical-align: baseline; background-color: transparent\">(jak w latach 60. XX wieku) poprzez import wieprzowiny z dioksynami z Niemiec po <\/span><span style=\"color: #000000; font-family: Verdana; font-size: 13px; font-style: normal; font-variant: normal; font-weight: normal; text-decoration: none; vertical-align: baseline; background-color: transparent\">0,5 <font size=\"3\">\u20ac<\/font> za kg.<\/span><\/p>\n<p dir=\"ltr\" style=\"line-height: 1.15; margin-top: 0pt; margin-bottom: 0pt\"><span style=\"color: #000000; font-family: Verdana; font-size: 13px; font-style: normal; font-variant: normal; font-weight: normal; text-decoration: none; vertical-align: baseline; background-color: transparent\">\u00b7 Zgoda na likwidacj\u0119 kwot mlecznych i cukrowych od 2015 roku.<\/span><\/p>\n<p dir=\"ltr\" style=\"line-height: 1.15; margin-top: 0pt; margin-bottom: 0pt\"><span style=\"color: #000000; font-family: Verdana; font-size: 13px; font-style: normal; font-variant: normal; font-weight: normal; text-decoration: none; vertical-align: baseline; background-color: transparent\">\u00b7 Likwidacja od 2012 roku p\u0142atno\u015bci do owoc\u00f3w mi\u0119kkich (malin i truskawek), <\/span><span style=\"color: #000000; font-family: Verdana; font-size: 13px; font-style: normal; font-variant: normal; font-weight: normal; text-decoration: none; vertical-align: baseline; background-color: transparent\">wprowadzonych na wniosek rz\u0105du PiS w 2007 roku, poprzez w\u0142\u0105czenie ich do <\/span><span style=\"color: #000000; font-family: Verdana; font-size: 13px; font-style: normal; font-variant: normal; font-weight: normal; text-decoration: none; vertical-align: baseline; background-color: transparent\">krajowej koperty p\u0142atno\u015bci bezpo\u015brednich.<\/span><\/p>\n<p dir=\"ltr\" style=\"line-height: 1.15; margin-top: 0pt; margin-bottom: 0pt\"><span style=\"color: #000000; font-family: Verdana; font-size: 13px; font-style: normal; font-variant: normal; font-weight: normal; text-decoration: none; vertical-align: baseline; background-color: transparent\">\u00b7 Zapa\u015b\u0107 systemu edukacji przedszkolnej na obszarach wiejskich w warunkach <\/span><span style=\"color: #000000; font-family: Verdana; font-size: 13px; font-style: normal; font-variant: normal; font-weight: normal; text-decoration: none; vertical-align: baseline; background-color: transparent\">obligatoryjnego ucz\u0119szczania dzieci 5 letnich do przedszkoli.<\/span><\/p>\n<p dir=\"ltr\" style=\"line-height: 1.15; margin-top: 0pt; margin-bottom: 0pt\"><span style=\"color: #000000; font-family: Verdana; font-size: 13px; font-style: normal; font-variant: normal; font-weight: normal; text-decoration: none; vertical-align: baseline; background-color: transparent\">\u00b7 Zaniechanie konsolidacji inspekcji zajmuj\u0105cych si\u0119 bezpiecze\u0144stwem i jako\u015bci\u0105 <\/span><span style=\"color: #000000; font-family: Verdana; font-size: 13px; font-style: normal; font-variant: normal; font-weight: normal; text-decoration: none; vertical-align: baseline; background-color: transparent\">\u017cywno\u015bci.<\/span><\/p>\n<p dir=\"ltr\" style=\"line-height: 1.15; margin-top: 0pt; margin-bottom: 0pt\"><span style=\"color: #000000; font-family: Verdana; font-size: 13px; font-style: normal; font-variant: normal; font-weight: normal; text-decoration: none; vertical-align: baseline; background-color: transparent\">\u00b7 Likwidacja szk\u00f3\u0142 wiejskich, posterunk\u00f3w policji i plac\u00f3wek pocztowych.<\/span><\/p>\n<p dir=\"ltr\" style=\"line-height: 1.15; margin-top: 0pt; margin-bottom: 0pt\"><span style=\"color: #000000; font-family: Verdana; font-size: 13px; font-style: normal; font-variant: normal; font-weight: normal; text-decoration: none; vertical-align: baseline; background-color: transparent\">\u00b7 Liberalizacja stanowiska Polski wobec GMO.<\/span><\/p>\n<p dir=\"ltr\" style=\"line-height: 1.15; margin-top: 0pt; margin-bottom: 0pt\"><span style=\"color: #000000; font-family: Verdana; font-size: 13px; font-style: normal; font-variant: normal; font-weight: normal; text-decoration: none; vertical-align: baseline; background-color: transparent\">\u00b7 Obci\u0105\u017cenie rolnik\u00f3w sk\u0142adk\u0105 na NFZ.<\/span><\/p>\n<p dir=\"ltr\" style=\"line-height: 1.15; margin-top: 0pt; margin-bottom: 0pt\"><span style=\"color: #000000; font-family: Verdana; font-size: 13px; font-style: normal; font-variant: normal; font-weight: normal; text-decoration: none; vertical-align: baseline; background-color: transparent\">\u00b7 Rosn\u0105ce utrudnienia w dost\u0119pie mieszka\u0144c\u00f3w wsi do \u015bwiadcze\u0144 opieki zdrowotnej.<\/span><\/p>\n<p dir=\"ltr\" style=\"line-height: 1.15; margin-top: 0pt; margin-bottom: 0pt\"><span style=\"color: #000000; font-family: Verdana; font-size: 13px; font-style: normal; font-variant: normal; font-weight: normal; text-decoration: none; vertical-align: baseline; background-color: transparent\">\u00b7 Upolitycznienie administracji rolnej poprzez nadmierny wzrost zatrudnienia i <\/span><span style=\"color: #000000; font-family: Verdana; font-size: 13px; font-style: normal; font-variant: normal; font-weight: normal; text-decoration: none; vertical-align: baseline; background-color: transparent\">motywowan\u0105 politycznie wymian\u0119 kadr.<\/span><\/p>\n<p dir=\"ltr\" style=\"line-height: 1.15; margin-top: 0pt; margin-bottom: 0pt\"><span style=\"color: #000000; font-family: Verdana; font-size: 13px; font-style: normal; font-variant: normal; font-weight: normal; text-decoration: none; vertical-align: baseline; background-color: transparent\">\u00b7 Zahamowanie procesu przejmowania szk\u00f3\u0142 rolniczych przez Ministra Rolnictwa i <\/span><span style=\"color: #000000; font-family: Verdana; font-size: 13px; font-style: normal; font-variant: normal; font-weight: normal; text-decoration: none; vertical-align: baseline; background-color: transparent\">Rozwoju Wsi.<\/span><\/p>\n<p dir=\"ltr\" style=\"line-height: 1.15; margin-top: 0pt; margin-bottom: 0pt\"><span style=\"color: #000000; font-family: Verdana; font-size: 13px; font-style: normal; font-variant: normal; font-weight: normal; text-decoration: none; vertical-align: baseline; background-color: transparent\">\u00b7 Liberalizacja obrotu ziemi\u0105, co prowadzi do nabywania nieruchomo\u015bci rolnych <\/span><span style=\"color: #000000; font-family: Verdana; font-size: 13px; font-style: normal; font-variant: normal; font-weight: normal; text-decoration: none; vertical-align: baseline; background-color: transparent\">przez cudzoziemc\u00f3w lub przez osoby podstawione (tzw. s\u0142upy). Cdn.<\/span><\/p>\n<p dir=\"ltr\" style=\"line-height: 1.15; margin-top: 0pt; margin-bottom: 0pt\"><span style=\"color: #000000; font-family: Verdana; font-size: 13px; font-style: normal; font-variant: normal; font-weight: normal; text-decoration: none; vertical-align: baseline; background-color: transparent\">A tu co\u015b dla mi\u0142o\u015bnik\u00f3w pi\u0142ki no\u017cnej, czyli &#8211; jak ten Beckham to zrobi\u0142&#8230;? Co\u015b, co powinno nie by\u0107 mo\u017cliwe:<\/span><\/p>\n<p dir=\"ltr\" style=\"line-height: 1.15; margin-top: 0pt; margin-bottom: 0pt\"><a target=\"_blank\" href=\"https:\/\/www.facebook.com\/photo.php?v=10150217943940336&amp;set=vb.84218631570&amp;type=2&amp;theater\"><font color=\"#0072c6\">https:\/\/www.facebook.com\/photo.php?v=10150217943940336&amp;set=vb.84218631570&amp;type=2&amp;theater<\/font><\/a><\/p>\n<p><\/strong><\/p>\n","protected":false},"excerpt":{"rendered":"<p>Czytelniku, zanim przeczytasz poni\u017cszy tekst, zobacz ten spot; wcale nie za 7 milion\u00f3w: https:\/\/www.youtube.com\/watch?v=oCUq2ypl7Sk Prosta, konkretna i rzeczowa prezentacja fakt\u00f3w a nie mit\u00f3w&#8230; Polecam Waszej uwadze i zach\u0119cam do publikacji i przekazywania dalej znajomym. Takie rzeczy nale\u017cy publikowa\u0107 jak najszerszemu gronu ludzi!\u00a0\u00a0 W telewizji tego z pewno\u015bci\u0105 nie zobaczycie\u2026<\/p>\n","protected":false},"author":2,"featured_media":0,"comment_status":"open","ping_status":"open","sticky":false,"template":"","format":"standard","meta":[],"categories":[4],"tags":[],"_links":{"self":[{"href":"https:\/\/sporek.com\/blog\/index.php?rest_route=\/wp\/v2\/posts\/439"}],"collection":[{"href":"https:\/\/sporek.com\/blog\/index.php?rest_route=\/wp\/v2\/posts"}],"about":[{"href":"https:\/\/sporek.com\/blog\/index.php?rest_route=\/wp\/v2\/types\/post"}],"author":[{"embeddable":true,"href":"https:\/\/sporek.com\/blog\/index.php?rest_route=\/wp\/v2\/users\/2"}],"replies":[{"embeddable":true,"href":"https:\/\/sporek.com\/blog\/index.php?rest_route=%2Fwp%2Fv2%2Fcomments&post=439"}],"version-history":[{"count":0,"href":"https:\/\/sporek.com\/blog\/index.php?rest_route=\/wp\/v2\/posts\/439\/revisions"}],"wp:attachment":[{"href":"https:\/\/sporek.com\/blog\/index.php?rest_route=%2Fwp%2Fv2%2Fmedia&parent=439"}],"wp:term":[{"taxonomy":"category","embeddable":true,"href":"https:\/\/sporek.com\/blog\/index.php?rest_route=%2Fwp%2Fv2%2Fcategories&post=439"},{"taxonomy":"post_tag","embeddable":true,"href":"https:\/\/sporek.com\/blog\/index.php?rest_route=%2Fwp%2Fv2%2Ftags&post=439"}],"curies":[{"name":"wp","href":"https:\/\/api.w.org\/{rel}","templated":true}]}}