{"id":442,"date":"2014-05-08T12:18:54","date_gmt":"2014-05-08T16:18:54","guid":{"rendered":"http:\/\/sporek.com\/blog\/?p=442"},"modified":"2014-05-08T12:26:49","modified_gmt":"2014-05-08T16:26:49","slug":"euro-wybory-6","status":"publish","type":"post","link":"https:\/\/sporek.com\/blog\/?p=442","title":{"rendered":"Euro-Wybory 6"},"content":{"rendered":"<p><span style=\"color: #000000; font-family: Verdana; font-size: 13px; font-style: normal; font-variant: normal; font-weight: normal; text-decoration: none; vertical-align: baseline; background-color: transparent\">Wystarczy spojrze\u0107 na list\u0119 kandyduj\u0105cych do Euro-Parlamentu, z ramienia PO, aby skonkludowa\u0107, \u017ce ci, kt\u00f3rzy zniszczyli polsk\u0105 gospodark\u0119 teraz chc\u0105 sobie dodatkowo polepszy\u0107 swoje lukratywne codzienno\u015bci przez pensyjki w wysoko\u015bci oko\u0142o 12 tysi\u0119cy euro, by w konsekwencji, po pi\u0119cioletniej kadencji mie\u0107 prawo do \u201ceuropejskiej emerytury\u201d. Czy s\u0105 tego warci? Czy powinno si\u0119 ich nagradza\u0107 wyborem do Brukselii?<\/span><span style=\"color: #000000; font-family: Verdana; font-size: 13px; font-style: normal; font-variant: normal; font-weight: normal; text-decoration: none; vertical-align: baseline; background-color: transparent\"><strong> <\/strong>Oto ich dorobek z dw\u00f3ch kadencji:<!--more--><\/span><\/p>\n<p><strong style=\"font-weight: normal\"><\/p>\n<p dir=\"ltr\" style=\"line-height: 1.15; margin-top: 0pt; margin-bottom: 0pt\"><span style=\"color: #000000; font-family: Verdana; font-size: 13px; font-style: normal; font-variant: normal; font-weight: bold; text-decoration: none; vertical-align: baseline; background-color: transparent\">Niekt\u00f3re skutki opresyjnych rz\u0105d\u00f3w koalicji PO-PSL:<\/span><\/p>\n<p dir=\"ltr\" style=\"line-height: 1.15; margin-top: 0pt; margin-bottom: 0pt\"><span style=\"color: #000000; font-family: Verdana; font-size: 13px; font-style: normal; font-variant: normal; font-weight: bold; text-decoration: none; vertical-align: baseline; background-color: transparent\">Polityka zagraniczna<\/span><\/p>\n<p dir=\"ltr\" style=\"line-height: 1.15; margin-top: 0pt; margin-bottom: 0pt\"><span style=\"color: #000000; font-family: Verdana; font-size: 13px; font-style: normal; font-variant: normal; font-weight: normal; text-decoration: none; vertical-align: baseline; background-color: transparent\">\u00b7 Uleg\u0142o\u015b\u0107 polityki zagranicznej rz\u0105du PO-PSL wobec Unii Europejskiej (zgoda na likwidacj\u0119 stoczni, zaniechanie stara\u0144 o wyr\u00f3wnanie dop\u0142at w rolnictwie) i Rosji (\u015bledztwo smole\u0144skie).<\/span><\/p>\n<p dir=\"ltr\" style=\"line-height: 1.15; margin-top: 0pt; margin-bottom: 0pt\"><span style=\"color: #000000; font-family: Verdana; font-size: 13px; font-style: normal; font-variant: normal; font-weight: normal; text-decoration: none; vertical-align: baseline; background-color: transparent\">\u00b7 Przekazanie cz\u0119\u015bci kompetencji instytucjom Unii Europejskiej w zakresie polityki finansowej (przyj\u0119cie paktu fiskalnego).<\/span><\/p>\n<p dir=\"ltr\" style=\"line-height: 1.15; margin-top: 0pt; margin-bottom: 0pt\"><span style=\"color: #000000; font-family: Verdana; font-size: 13px; font-style: normal; font-variant: normal; font-weight: normal; text-decoration: none; vertical-align: baseline; background-color: transparent\">\u00b7 Rezygnacja z ameryka\u0144skiego systemu obrony przeciwrakietowej (tarcza antyrakietowa).<\/span><\/p>\n<p dir=\"ltr\" style=\"line-height: 1.15; margin-top: 0pt; margin-bottom: 0pt\"><span style=\"color: #000000; font-family: Verdana; font-size: 13px; font-style: normal; font-variant: normal; font-weight: normal; text-decoration: none; vertical-align: baseline; background-color: transparent\">\u00b7 Bierno\u015b\u0107 polskiego rz\u0105du w sprawie rozmieszczenia przez Federacj\u0119 Rosyjsk\u0105 broni ofensywnej bliskiego zasi\u0119gu na terenie bezpo\u015brednio granicz\u0105cego z Polsk\u0105 Obwodu Kr\u00f3lewieckiego.<\/span><\/p>\n<p dir=\"ltr\" style=\"line-height: 1.15; margin-top: 0pt; margin-bottom: 0pt\"><span style=\"color: #000000; font-family: Verdana; font-size: 13px; font-style: normal; font-variant: normal; font-weight: normal; text-decoration: none; vertical-align: baseline; background-color: transparent\">\u00b7 Wyzbycie si\u0119 kontroli nad cz\u0119\u015bci\u0105 polskiej przestrzeni powietrznej poprzez akceptacj\u0119 inicjatywy Jednolitej Europejskiej Przestrzeni Powietrznej obejmuj\u0105cej oko\u0142o jednej pi\u0105tej terytorium Rzeczypospolitej Polskiej i terytorium Litwy.<\/span><\/p>\n<p dir=\"ltr\" style=\"line-height: 1.15; margin-top: 0pt; margin-bottom: 0pt\"><span style=\"color: #000000; font-family: Verdana; font-size: 13px; font-style: normal; font-variant: normal; font-weight: normal; text-decoration: none; vertical-align: baseline; background-color: transparent\">\u00b7 Brak zdecydowanych dzia\u0142a\u0144 na rzecz wzmocnienia proeuropejskich aspiracji si\u0142 politycznych na Ukrainie.<\/span><\/p>\n<p dir=\"ltr\" style=\"line-height: 1.15; margin-top: 0pt; margin-bottom: 0pt\"><span style=\"color: #000000; font-family: Verdana; font-size: 13px; font-style: normal; font-variant: normal; font-weight: normal; text-decoration: none; vertical-align: baseline; background-color: transparent\">\u00b7 Przyj\u0119cie Wsp\u00f3lnego Europejskiego Systemu Azylowego mog\u0105cego zagrozi\u0107 bezpiecze\u0144stwu wewn\u0119trznemu i zewn\u0119trznemu pa\u0144stwa.<\/span><\/p>\n<p dir=\"ltr\" style=\"line-height: 1.15; margin-top: 0pt; margin-bottom: 0pt\"><span style=\"color: #000000; font-family: Verdana; font-size: 13px; font-style: normal; font-variant: normal; font-weight: normal; text-decoration: none; vertical-align: baseline; background-color: transparent\">\u00b7 Ograniczanie wparcia finansowego ze strony polskich w\u0142adz na dzia\u0142alno\u015b\u0107 organizacji polonijnych (Ambasada RP w Berlinie).<\/span><\/p>\n<p dir=\"ltr\" style=\"line-height: 1.15; margin-top: 0pt; margin-bottom: 0pt\"><span style=\"color: #000000; font-family: Verdana; font-size: 13px; font-style: normal; font-variant: normal; font-weight: normal; text-decoration: none; vertical-align: baseline; background-color: transparent\">\u00b7 Zamykanie lub przenoszenie siedzib polskich plac\u00f3wek konsularnych na terenie USA i Kanady.<\/span><\/p>\n<p dir=\"ltr\" style=\"line-height: 1.15; margin-top: 0pt; margin-bottom: 0pt\"><span style=\"color: #000000; font-family: Verdana; font-size: 13px; font-style: normal; font-variant: normal; font-weight: normal; text-decoration: none; vertical-align: baseline; background-color: transparent\">\u00b7 Ograniczanie dost\u0119pu organizacji polonijnych do \u015brodk\u00f3w na dzia\u0142alno\u015b\u0107 spo\u0142ecznokulturaln\u0105 (po przej\u0119ciu pieni\u0119dzy z Senatu przez MSZ).<\/span><\/p>\n<p dir=\"ltr\" style=\"line-height: 1.15; margin-top: 0pt; margin-bottom: 0pt\"><span style=\"color: #000000; font-family: Verdana; font-size: 13px; font-style: normal; font-variant: normal; font-weight: bold; text-decoration: none; vertical-align: baseline; background-color: transparent\"><\/span><\/p>\n<p dir=\"ltr\" style=\"line-height: 1.15; margin-top: 0pt; margin-bottom: 0pt\"><span style=\"color: #000000; font-family: Verdana; font-size: 13px; font-style: normal; font-variant: normal; font-weight: bold; text-decoration: none; vertical-align: baseline; background-color: transparent\">\u015arodowisko<\/span><\/p>\n<p dir=\"ltr\" style=\"line-height: 1.15; margin-top: 0pt; margin-bottom: 0pt\"><span style=\"color: #000000; font-family: Verdana; font-size: 13px; font-style: normal; font-variant: normal; font-weight: normal; text-decoration: none; vertical-align: baseline; background-color: transparent\">\u00b7 W latach 2013-2020, w zwi\u0105zku z przyj\u0119tym pakietem klimatyczno &#8211; energetycznym, wprowadzono w \u017cycie nowe zasady w zakresie przydzia\u0142u uprawnie\u0144 do emisji CO2 dla emiter\u00f3w obj\u0119tych Europejskim Systemem Handlu <\/span><span style=\"color: #000000; font-family: Verdana; font-size: 13px; font-style: normal; font-variant: normal; font-weight: normal; text-decoration: none; vertical-align: baseline; background-color: transparent\">Emisjami. Polskie elektrociep\u0142ownie i ciep\u0142ownie by\u0142y zmuszone do zakupu ju\u017c w roku 2013 ok. 60% pozwole\u0144 na emisj\u0119, co rzutuje na wzrost cen ciep\u0142a. Przyk\u0142ady skutk\u00f3w: w roku 2013 dla produkcji ciep\u0142a w Warszawie elektrociep\u0142ownie musia\u0142y dokupi\u0107 limit emisji za 120 milion\u00f3w z\u0142, a np. w roku 2016 za oko\u0142o 200 mln z\u0142. To<\/span><span style=\"color: #000000; font-family: Verdana; font-size: 13px; font-style: normal; font-variant: normal; font-weight: normal; text-decoration: none; vertical-align: baseline; background-color: transparent\">samo dotyczy \u0141odzi,\u00a0 odpowiednio: w roku 2013 za 65 mln z\u0142 i w roku 2016 za 95 mln z\u0142. (\u017ar\u00f3d\u0142o &#8211; druk sejmowy 1273 i 2010).<\/span><\/p>\n<p><\/strong><strong style=\"font-weight: normal\"><\/p>\n<p dir=\"ltr\" style=\"line-height: 1.15; margin-top: 0pt; margin-bottom: 0pt\"><span style=\"color: #000000; font-family: Verdana; font-size: 13px; font-style: normal; font-variant: normal; font-weight: normal; text-decoration: none; vertical-align: baseline; background-color: transparent\">\u00b7 Na\u0142o\u017cenie przez rz\u0105d daniny na Polskie Lasy Pa\u0144stwowe w wysoko\u015bci po 800 milion\u00f3w rocznie w latach 2014 i 2015, a od roku 2016 dwuprocentowym podatkiem od sprzeda\u017cy, czym rozpoczyna proces destrukcji zasad ich<\/span><\/p>\n<p dir=\"ltr\" style=\"line-height: 1.15; margin-top: 0pt; margin-bottom: 0pt\"><span style=\"color: #000000; font-family: Verdana; font-size: 13px; font-style: normal; font-variant: normal; font-weight: normal; text-decoration: none; vertical-align: baseline; background-color: transparent\">funkcjonowania. Aktywa Polskich Las\u00f3w Pa\u0144stwowych o wielko\u015bci 7 milion\u00f3w ha i 400 miliard\u00f3w z\u0142otych w drewnie w kr\u00f3tkim czasie b\u0119d\u0105, po przewidywanym bankructwie Las\u00f3w, przygotowane do sprzeda\u017cy.<\/span><\/p>\n<p dir=\"ltr\" style=\"line-height: 1.15; margin-top: 0pt; margin-bottom: 0pt\"><span style=\"color: #000000; font-family: Verdana; font-size: 13px; font-style: normal; font-variant: normal; font-weight: normal; text-decoration: none; vertical-align: baseline; background-color: transparent\">\u00b7 Przyj\u0119cie &#8222;Pakietu Klimatycznego&#8221; zniszczy polsk\u0105 gospodark\u0119, spowoduje dwukrotny wzrost cen, co mo\u017ce przyczyni\u0107 si\u0119 do wzrostu inflacji, spadku konkurencyjno\u015bci polskiego przemys\u0142u, masowych bankructw firm oraz wzrostu bezrobocia.<\/span><\/p>\n<p dir=\"ltr\" style=\"line-height: 1.15; margin-top: 0pt; margin-bottom: 0pt\"><span style=\"color: #000000; font-family: Verdana; font-size: 13px; font-style: normal; font-variant: normal; font-weight: normal; text-decoration: none; vertical-align: baseline; background-color: transparent\">\u00b7 Brak skutecznych dzia\u0142a\u0144 rz\u0105du w zakresie budowy pierwszej polskiej elektrowni atomowej.<\/span><\/p>\n<p dir=\"ltr\" style=\"line-height: 1.15; margin-top: 0pt; margin-bottom: 0pt\"><span style=\"color: #000000; font-family: Verdana; font-size: 13px; font-style: normal; font-variant: normal; font-weight: bold; text-decoration: none; vertical-align: baseline; background-color: transparent\"><\/span><\/p>\n<p dir=\"ltr\" style=\"line-height: 1.15; margin-top: 0pt; margin-bottom: 0pt\"><span style=\"color: #000000; font-family: Verdana; font-size: 13px; font-style: normal; font-variant: normal; font-weight: bold; text-decoration: none; vertical-align: baseline; background-color: transparent\">Sport<\/span><\/p>\n<p dir=\"ltr\" style=\"line-height: 1.15; margin-top: 0pt; margin-bottom: 0pt\"><span style=\"color: #000000; font-family: Verdana; font-size: 13px; font-style: normal; font-variant: normal; font-weight: normal; text-decoration: none; vertical-align: baseline; background-color: transparent\">\u00b7 Nieuzasadnione koszty zwi\u0105zane z inwestycjami na Euro 2012. Koszty budowy polskich stadion\u00f3w w por\u00f3wnaniu z kosztami stadion\u00f3w ukrai\u0144skich by\u0142y o minimum 100% wy\u017csze. Warszawski Stadion Narodowy jest najdro\u017cszym<\/span><\/p>\n<p dir=\"ltr\" style=\"line-height: 1.15; margin-top: 0pt; margin-bottom: 0pt\"><span style=\"color: #000000; font-family: Verdana; font-size: 13px; font-style: normal; font-variant: normal; font-weight: normal; text-decoration: none; vertical-align: baseline; background-color: transparent\">stadionem w Europie.<\/span><\/p>\n<p dir=\"ltr\" style=\"line-height: 1.15; margin-top: 0pt; margin-bottom: 0pt\"><span style=\"color: #000000; font-family: Verdana; font-size: 13px; font-style: normal; font-variant: normal; font-weight: normal; text-decoration: none; vertical-align: baseline; background-color: transparent\">\u00b7 Doprowadzenie do bankructwa i likwidacji wielu firm z sektora budowlanego wykonuj\u0105cych jako podwykonawcy wielkich konsorcj\u00f3w prace przy inwestycjach sportowych i infrastrukturalnych zwi\u0105zanych z Euro 2012.<\/span><\/p>\n<p dir=\"ltr\" style=\"line-height: 1.15; margin-top: 0pt; margin-bottom: 0pt\"><span style=\"color: #000000; font-family: Verdana; font-size: 13px; font-style: normal; font-variant: normal; font-weight: normal; text-decoration: none; vertical-align: baseline; background-color: transparent\">\u00b7 Liczne nieprawid\u0142owo\u015bci przy wydatkowaniu \u015brodk\u00f3w publicznych przy jednoczesnym ograniczaniu wydatk\u00f3w na podstawowe potrzeby sportowe dzieci i m\u0142odzie\u017cy.<\/span><\/p>\n<p dir=\"ltr\" style=\"line-height: 1.15; margin-top: 0pt; margin-bottom: 0pt\"><span style=\"color: #000000; font-family: Verdana; font-size: 13px; font-style: normal; font-variant: normal; font-weight: normal; text-decoration: none; vertical-align: baseline; background-color: transparent\">\u00b7 Ograniczenie i likwidacja szeregu program\u00f3w dotycz\u0105cych sportowego rozwoju dzieci i m\u0142odzie\u017cy.<\/span><\/p>\n<p dir=\"ltr\" style=\"line-height: 1.15; margin-top: 0pt; margin-bottom: 0pt\"><span style=\"color: #000000; font-family: Verdana; font-size: 13px; font-style: normal; font-variant: normal; font-weight: normal; text-decoration: none; vertical-align: baseline; background-color: transparent\">\u00b7 Ograniczenie dzia\u0142alno\u015bci ma\u0142ych klub\u00f3w sportowych pracuj\u0105cych z dzie\u0107mi i m\u0142odzie\u017c\u0105, likwidacja programu \u201eAnimator sportu\u201d, zmniejszenie funduszy na doposa\u017cenie obiekt\u00f3w sportowych, drastyczne ograniczenie \u015brodk\u00f3w na program \u201eTrener\u201d .<\/span><\/p>\n<p dir=\"ltr\" style=\"line-height: 1.15; margin-top: 0pt; margin-bottom: 0pt\"><span style=\"color: #000000; font-family: Verdana; font-size: 13px; font-style: normal; font-variant: normal; font-weight: bold; text-decoration: none; vertical-align: baseline; background-color: transparent\"><\/span><\/p>\n<p dir=\"ltr\" style=\"line-height: 1.15; margin-top: 0pt; margin-bottom: 0pt\"><span style=\"color: #000000; font-family: Verdana; font-size: 13px; font-style: normal; font-variant: normal; font-weight: bold; text-decoration: none; vertical-align: baseline; background-color: transparent\">Kultura i dziedzictwo narodowe<\/span><\/p>\n<p dir=\"ltr\" style=\"line-height: 1.15; margin-top: 0pt; margin-bottom: 0pt\"><span style=\"color: #000000; font-family: Verdana; font-size: 13px; font-style: normal; font-variant: normal; font-weight: normal; text-decoration: none; vertical-align: baseline; background-color: transparent\">\u00b7 Brak realizacji postulatu przeznaczenia 1% wydatk\u00f3w bud\u017cetu na kultur\u0119.<\/span><\/p>\n<p dir=\"ltr\" style=\"line-height: 1.15; margin-top: 0pt; margin-bottom: 0pt\"><span style=\"color: #000000; font-family: Verdana; font-size: 13px; font-style: normal; font-variant: normal; font-weight: normal; text-decoration: none; vertical-align: baseline; background-color: transparent\">\u00b7 Nieprzygotowanie ustawy o finansowaniu medi\u00f3w publicznych, doprowadzenie ich do skrajnej komercjalizacji oraz podporz\u0105dkowania rz\u0105dz\u0105cym partiom politycznym.<\/span><\/p>\n<p dir=\"ltr\" style=\"line-height: 1.15; margin-top: 0pt; margin-bottom: 0pt\"><span style=\"color: #000000; font-family: Verdana; font-size: 13px; font-style: normal; font-variant: normal; font-weight: normal; text-decoration: none; vertical-align: baseline; background-color: transparent\">\u00b7 Przeznaczenie zbyt niskich \u015brodk\u00f3w na odnow\u0119 zabytk\u00f3w.<\/span><\/p>\n<p dir=\"ltr\" style=\"line-height: 1.15; margin-top: 0pt; margin-bottom: 0pt\"><span style=\"color: #000000; font-family: Verdana; font-size: 13px; font-style: normal; font-variant: normal; font-weight: normal; text-decoration: none; vertical-align: baseline; background-color: transparent\">\u00b7 Brak radykalnego zwi\u0119kszenia dost\u0119pno\u015bci d\u00f3br kultury, nieusuni\u0119cie barier ekonomicznych i zaniechanie uwolnienia instytucji kultury od konieczno\u015bci komercyjnego samofinansowania z bilet\u00f3w i op\u0142at. Wieloletni brak waloryzacji wynagrodze\u0144 w instytucjach kultury, zw\u0142aszcza w muzeach.<\/span><\/p>\n<p dir=\"ltr\" style=\"line-height: 1.15; margin-top: 0pt; margin-bottom: 0pt\"><span style=\"color: #000000; font-family: Verdana; font-size: 13px; font-style: normal; font-variant: normal; font-weight: normal; text-decoration: none; vertical-align: baseline; background-color: transparent\">\u00b7 Zaniechanie mecenatu pa\u0144stwa nad wydawnictwem PIW, kryzys Wydawnictwa Ossolineum. Brak wsparcia krytyki filmowej, teatralnej, plastycznej, muzycznej, literackiej poprzez dofinansowanie odpowiednich rubryk w czasopismach i portalach internetowych. Brak odpowiedniego wsparcia dla wydawnictw i czasopism prezentuj\u0105cych pogl\u0105dy konserwatywne, chrze\u015bcija\u0144skie i prawicowe. S\u0142aba promocja artyst\u00f3w tego \u015brodowiska, w przeciwie\u0144stwie do \u015brodowisk lewicowych.<\/span><\/p>\n<p dir=\"ltr\" style=\"line-height: 1.15; margin-top: 0pt; margin-bottom: 0pt\"><span style=\"color: #000000; font-family: Verdana; font-size: 13px; font-style: normal; font-variant: normal; font-weight: normal; text-decoration: none; vertical-align: baseline; background-color: transparent\">\u00b7 Zaniechanie w zakresie obowi\u0105zkowego oznaczenia kategorii wiekowych w DVD, oraz grach i filmach udost\u0119pnianych przez internet.<\/span><\/p>\n<p dir=\"ltr\" style=\"line-height: 1.15; margin-top: 0pt; margin-bottom: 0pt\"><span style=\"color: #000000; font-family: Verdana; font-size: 13px; font-style: normal; font-variant: normal; font-weight: normal; text-decoration: none; vertical-align: baseline; background-color: transparent\">\u00b7 Zaniechanie w\u0142a\u015bciwej realizacji programu \u201ePatriotyzm jutra\u201d.<\/span><\/p>\n<p dir=\"ltr\" style=\"line-height: 1.15; margin-top: 0pt; margin-bottom: 0pt\"><span style=\"color: #000000; font-family: Verdana; font-size: 13px; font-style: normal; font-variant: normal; font-weight: normal; text-decoration: none; vertical-align: baseline; background-color: transparent\">\u00b7 Brak pomnikowych wyda\u0144 klasyki polskiej literatury. Brak obchod\u00f3w 200-lecia urodzin Zygmunta Krasi\u0144skiego.<\/span><\/p>\n<p dir=\"ltr\" style=\"line-height: 1.15; margin-top: 0pt; margin-bottom: 0pt\"><span style=\"color: #000000; font-family: Verdana; font-size: 13px; font-style: normal; font-variant: normal; font-weight: normal; text-decoration: none; vertical-align: baseline; background-color: transparent\">\u00b7 Op\u00f3\u017anienia w budowie Muzeum Historii Polski. Brak inicjatywy w zakresie powo\u0142ania Muzeum Kres\u00f3w, Muzeum Oporu Przeciw Komunizmowi (\u017bo\u0142nierze Wykl\u0119ci), op\u00f3\u017anienie w budowie Muzeum II Wojny \u015awiatowej.<\/span><\/p>\n<p dir=\"ltr\" style=\"line-height: 1.15; margin-top: 0pt; margin-bottom: 0pt\"><span style=\"color: #000000; font-family: Verdana; font-size: 13px; font-style: normal; font-variant: normal; font-weight: normal; text-decoration: none; vertical-align: baseline; background-color: transparent\">\u00b7 Niepowo\u0142anie wyspecjalizowanych i odr\u0119bnych od administracji wojew\u00f3dzkiej s\u0142u\u017cb konserwatorskich.<\/span><\/p>\n<p dir=\"ltr\" style=\"line-height: 1.15; margin-top: 0pt; margin-bottom: 0pt\"><span style=\"color: #000000; font-family: Verdana; font-size: 13px; font-style: normal; font-variant: normal; font-weight: normal; text-decoration: none; vertical-align: baseline; background-color: transparent\">\u00b7 Brak zdecydowanych dzia\u0142a\u0144 na rzecz rewindykacji polskich d\u00f3br kultury, w tym archiw\u00f3w, z Rosji.<\/span><\/p>\n<p dir=\"ltr\" style=\"line-height: 1.15; margin-top: 0pt; margin-bottom: 0pt\"><span style=\"color: #000000; font-family: Verdana; font-size: 13px; font-style: normal; font-variant: normal; font-weight: normal; text-decoration: none; vertical-align: baseline; background-color: transparent\">\u00b7 Brak nowelizacji ustawy o miejscach pami\u0119ci narodowej w kierunku promocji tradycji niepodleg\u0142o\u015bciowej i usuwania relikt\u00f3w komunizmu.<\/span><\/p>\n<p dir=\"ltr\" style=\"line-height: 1.15; margin-top: 0pt; margin-bottom: 0pt\"><span style=\"color: #000000; font-family: Verdana; font-size: 13px; font-style: normal; font-variant: normal; font-weight: normal; text-decoration: none; vertical-align: baseline; background-color: transparent\">\u00b7 Zbyt s\u0142aba ochrona polskich zabytk\u00f3w ruchomych przed nielegalnym wywozem z Polski. Zbyt niskie \u015brodki na dokumentacj\u0119 d\u00f3br kultury.<\/span><\/p>\n<p dir=\"ltr\" style=\"line-height: 1.15; margin-top: 0pt; margin-bottom: 0pt\"><span style=\"color: #000000; font-family: Verdana; font-size: 13px; font-style: normal; font-variant: normal; font-weight: normal; text-decoration: none; vertical-align: baseline; background-color: transparent\">\u00b7 Brak wsparcia finansowego dla produkcji filmowych i telewizyjnych s\u0142u\u017c\u0105cych ekranizacji klasyki literatury polskiej i prezentuj\u0105cych histori\u0119 Polski, popularyzuj\u0105cych tradycje niepodleg\u0142o\u015bciowe, bohater\u00f3w, wielkie zwyci\u0119stwa<\/span><\/p>\n<p dir=\"ltr\" style=\"line-height: 1.15; margin-top: 0pt; margin-bottom: 0pt\"><span style=\"color: #000000; font-family: Verdana; font-size: 13px; font-style: normal; font-variant: normal; font-weight: normal; text-decoration: none; vertical-align: baseline; background-color: transparent\">or\u0119\u017ca, a tak\u017ce osi\u0105gni\u0119cia w dziedzinie nauki i samoorganizacji spo\u0142ecznej. Brak wsparcia produkcji film\u00f3w animowanych dla dzieci w polskich wytw\u00f3rniach.<\/span><\/p>\n<p dir=\"ltr\" style=\"line-height: 1.15; margin-top: 0pt; margin-bottom: 0pt\"><span style=\"color: #000000; font-family: Verdana; font-size: 13px; font-style: normal; font-variant: normal; font-weight: normal; text-decoration: none; vertical-align: baseline; background-color: transparent\">\u00b7 Brak ochrony dystrybucji niezale\u017cnej lokalnej prasy poprzez ustalenie obowi\u0105zku jej kolporta\u017cu przez sieci kolporterskie lub poczt\u0119.<\/span><\/p>\n<p><\/strong><strong style=\"font-weight: normal\"><span style=\"color: #000000; font-family: Verdana; font-size: 13px; font-style: normal; font-variant: normal; font-weight: normal; text-decoration: none; vertical-align: baseline; background-color: transparent\">\u00b7 Atak na Ko\u015bci\u00f3\u0142 katolicki w Polsce i tradycyjne warto\u015bci \u2013 rozwi\u0105zanie Komisji Maj\u0105tkowej, likwidacja Funduszu Ko\u015bcielnego, pr\u00f3by wyprowadzania religii ze szk\u00f3\u0142, eliminowanie symboli religijnych z przestrzeni publicznej, dyskryminacja katolickich \u015brodk\u00f3w przekazu, podwa\u017canie instytucji ma\u0142\u017ce\u0144stwa jako zwi\u0105zku kobiety i m\u0119\u017cczyzny oraz roli rodziny w \u017cyciu spo\u0142ecznym, propagowanie ideologii gender.<\/span><br \/>\n<\/strong><\/p>\n","protected":false},"excerpt":{"rendered":"<p>Wystarczy spojrze\u0107 na list\u0119 kandyduj\u0105cych do Euro-Parlamentu, z ramienia PO, aby skonkludowa\u0107, \u017ce ci, kt\u00f3rzy zniszczyli polsk\u0105 gospodark\u0119 teraz chc\u0105 sobie dodatkowo polepszy\u0107 swoje lukratywne codzienno\u015bci przez pensyjki w wysoko\u015bci oko\u0142o 12 tysi\u0119cy euro, by w konsekwencji, po pi\u0119cioletniej kadencji mie\u0107 prawo do \u201ceuropejskiej emerytury\u201d. Czy s\u0105 tego warci? Czy powinno si\u0119 ich nagradza\u0107 wyborem [&hellip;]<\/p>\n","protected":false},"author":2,"featured_media":0,"comment_status":"open","ping_status":"open","sticky":false,"template":"","format":"standard","meta":[],"categories":[4],"tags":[],"_links":{"self":[{"href":"https:\/\/sporek.com\/blog\/index.php?rest_route=\/wp\/v2\/posts\/442"}],"collection":[{"href":"https:\/\/sporek.com\/blog\/index.php?rest_route=\/wp\/v2\/posts"}],"about":[{"href":"https:\/\/sporek.com\/blog\/index.php?rest_route=\/wp\/v2\/types\/post"}],"author":[{"embeddable":true,"href":"https:\/\/sporek.com\/blog\/index.php?rest_route=\/wp\/v2\/users\/2"}],"replies":[{"embeddable":true,"href":"https:\/\/sporek.com\/blog\/index.php?rest_route=%2Fwp%2Fv2%2Fcomments&post=442"}],"version-history":[{"count":0,"href":"https:\/\/sporek.com\/blog\/index.php?rest_route=\/wp\/v2\/posts\/442\/revisions"}],"wp:attachment":[{"href":"https:\/\/sporek.com\/blog\/index.php?rest_route=%2Fwp%2Fv2%2Fmedia&parent=442"}],"wp:term":[{"taxonomy":"category","embeddable":true,"href":"https:\/\/sporek.com\/blog\/index.php?rest_route=%2Fwp%2Fv2%2Fcategories&post=442"},{"taxonomy":"post_tag","embeddable":true,"href":"https:\/\/sporek.com\/blog\/index.php?rest_route=%2Fwp%2Fv2%2Ftags&post=442"}],"curies":[{"name":"wp","href":"https:\/\/api.w.org\/{rel}","templated":true}]}}