{"id":443,"date":"2014-05-10T09:30:05","date_gmt":"2014-05-10T13:30:05","guid":{"rendered":"http:\/\/sporek.com\/blog\/?p=443"},"modified":"2014-05-12T10:32:00","modified_gmt":"2014-05-12T14:32:00","slug":"euro-wybory-krotko","status":"publish","type":"post","link":"https:\/\/sporek.com\/blog\/?p=443","title":{"rendered":"Euro-Wybory &#8211; Kr\u00f3tko"},"content":{"rendered":"<p><strong style=\"font-weight: normal\"><\/p>\n<p dir=\"ltr\" style=\"line-height: 1.15; margin-top: 0pt; margin-bottom: 0pt\" id=\"docs-internal-guid-93309983-e651-1a1b-5c5f-4433bc7c481e\"><span style=\"color: #000000; font-family: Verdana; font-size: 13px; font-style: normal; font-variant: normal; font-weight: normal; text-decoration: none; vertical-align: baseline; background-color: transparent\">Mam gotowy artyku\u0142 o ostatnich \u201cwyda-wrzeniach\u201d w Polonii nowojorskiej: odznaczeni przez Komorowskiego i koncert w Katedrze. Zdecydowa\u0142em jednak, \u017ce wybory, to temat o wiele wa\u017cniejszy. Tamto mo\u017ce poczeka\u0107. I tak jest ju\u017c \u201cpo grzybach\u201d. A w\u0142a\u015bnie od tych i nast\u0119pnych wybor\u00f3w zale\u017ce\u0107 b\u0119dzie, czy sytuacje typu \u201cbyle jacy odznaczeni\u201d i \u201cbyle jakie koncerty\u201d w Katedrze b\u0119d\u0105 si\u0119 powtarza\u0107.<!--more--><\/span><\/p>\n<p dir=\"ltr\" style=\"line-height: 1.15; margin-top: 0pt; margin-bottom: 0pt\"><span style=\"color: #000000; font-family: Verdana; font-size: 13px; font-style: normal; font-variant: normal; font-weight: normal; text-decoration: none; vertical-align: baseline; background-color: transparent\">A wi\u0119c kr\u00f3tka\u00a0rada po 6-cio-odcinkowej serii szczeg\u00f3\u0142owych \u201cwyk\u0142ad\u00f3w\u201d o tym, dlaczego nie powinni\u015bmy si\u0119 ju\u017c zgadza\u0107 na rz\u0105dy PO-PSL:<\/span><\/p>\n<p dir=\"ltr\" style=\"line-height: 1.15; margin-top: 0pt; margin-bottom: 0pt\"><span style=\"color: #000000; font-family: Verdana; font-size: 13px; font-style: normal; font-variant: normal; font-weight: normal; text-decoration: none; vertical-align: baseline; background-color: transparent\">Je\u017celi komu\u015b si\u0119 wydaje, \u017ce g\u0142\u00f3wne media III RP nagle zapa\u0142a\u0142y mi\u0142o\u015bci\u0105 do Korwina-Mikkego, Kurskiego, Migalskiego, Ziobry, czy Gowina i pokazuj\u0105 ich coraz cz\u0119\u015bciej, to jest w totalnym b\u0142\u0119dzie. Tusko-rz\u0105d ma tylko jedno w g\u0142owie: <\/span><span style=\"color: #000000; font-family: Verdana; font-size: 13px; font-style: italic; font-variant: normal; font-weight: bold; text-decoration: none; vertical-align: baseline; background-color: transparent\">nie dopu\u015bci\u0107 Kaczy\u0144skiego, bo wtedy b\u0119dzie z nami \u017ale: we\u017amie si\u0119 za afery, doko\u0144czy spraw\u0119 Smole\u0144ska. W jednej i drugiej kwestii grozi nam prokuratura, trybuna\u0142 stanu, a w konsekwencji pozbawienie nas lukratywnego \u017cycia na koszt spo\u0142ecze\u0144stwa i Europy, no i prawdopodonie \u017cycie za kratkami. Nie! &#8211; w \u017cadnym wypadku nie mo\u017cemy dopu\u015bci\u0107 PiSu do rz\u0105d\u00f3w; ani w kraju, ani w Europie. <\/span><\/p>\n<p dir=\"ltr\" style=\"line-height: 1.15; margin-top: 0pt; margin-bottom: 0pt\"><span style=\"color: #000000; font-family: Verdana; font-size: 13px; font-style: normal; font-variant: normal; font-weight: normal; text-decoration: none; vertical-align: baseline; background-color: transparent\">Taki jest tok my\u015blenia postkomunist\u00f3w i oddanych im medi\u00f3w. Media, to w\u0142adza. Media, to mo\u017cliwo\u015b\u0107 m\u0105cenia ludziom w g\u0142owach. Taktyka jest prosta: ci, kt\u00f3rzy nie chc\u0105 g\u0142osowa\u0107 na PO-PSL niech rozbij\u0105 swoje g\u0142osy na ich \u201cteoretycznych\u201d przeciwnik\u00f3w, czyli partii, kt\u00f3rych wodz\u00f3w wymieni\u0142em wy\u017cej. Tym sposobem zabraknie g\u0142os\u00f3w dla PiSu. Czyli &#8211; gdzie dw\u00f3ch si\u0119 bije\u2026<\/span><\/p>\n<p dir=\"ltr\" style=\"line-height: 1.15; margin-top: 0pt; margin-bottom: 0pt\"><span style=\"color: #000000; font-family: Verdana; font-size: 13px; font-style: normal; font-variant: normal; font-weight: normal; text-decoration: none; vertical-align: baseline; background-color: transparent\">Armia urz\u0119das\u00f3w, maj\u0105cych si\u0119 bardzo dobrze pod parasolem rz\u0105dowej administracji g\u0142osowa\u0107 b\u0119dzie oczywi\u015bcie za PO-PSL i obecna ekipa zostanie na nast\u0119pne lata. I\u2026 \u017cegnaj Polsko. Wyb\u00f3r nale\u017cy do nas. Problem w tym, \u017ce Polacy s\u0105 niewiarygodnie podzieleni, je\u015bli chodzi o polityk\u0119; siostry nie s\u0142uchaj\u0105 braci, dzieci nie s\u0142uchaj\u0105 rodzic\u00f3w. Psychoza z\u0142ego Kaczy\u0144skiego rozbuchana jest do maksimum. Wynika to przede wszystkim z niskiego poziomu wiedzy politycznej spo\u0142ecze\u0144stwa, kt\u00f3re zaj\u0119te jest prze\u017cywaniem codzienno\u015bci, a w g\u0142owach ma strach przed Kaczy\u0144skim. <\/span><span style=\"color: #000000; font-family: Verdana; font-size: 13px; font-style: normal; font-variant: normal; font-weight: bold; text-decoration: none; vertical-align: baseline; background-color: transparent\">Nie l\u0119kajcie si\u0119! <\/span><span style=\"color: #000000; font-family: Verdana; font-size: 13px; font-style: normal; font-variant: normal; font-weight: normal; text-decoration: none; vertical-align: baseline; background-color: transparent\">Tak do nas m\u00f3wi\u0142 \u015awi\u0119ty Papie\u017c. Wi\u0119c odsu\u0144my l\u0119k przed PiSem i pozw\u00f3lmy zapanowa\u0107 sprawiedliwo\u015bci. Bo czas najwy\u017cszy. No, chyba, \u017ce Polska ma by\u0107 krajem pedalstwa, genderyzmu, ch\u0142op\u00f3w w babskich sukniach, itp. Bez religii, bez tradycji, bez patriotyzmu, honoru, prawdy, uczciwo\u015bci. To, prosz\u0119 bardzo, g\u0142osujcie na PO-PSL. Nie wierz\u0119, \u017ce Polacy s\u0105 a\u017c tak g\u0142upi, \u017ceby przez ponad siedem lat nie widzie\u0107, co si\u0119 dzieje.<\/span><\/p>\n<p dir=\"ltr\" style=\"line-height: 1.15; margin-top: 0pt; margin-bottom: 0pt\"><span style=\"color: #000000; font-family: Verdana; font-size: 13px; font-style: normal; font-variant: normal; font-weight: normal; text-decoration: none; vertical-align: baseline; background-color: transparent\">A wi\u0119c g\u0142osujmy na kandydat\u00f3w z PiS. I najlepiej tych pierwszych na listach. \u00a0To w tej chwili jedyne wyj\u015bcie.<\/span><\/p>\n<p dir=\"ltr\" style=\"line-height: 1.15; margin-top: 0pt; margin-bottom: 0pt\"><span style=\"color: #000000; font-family: Verdana; font-size: 13px; font-style: normal; font-variant: normal; font-weight: normal; text-decoration: none; vertical-align: baseline; background-color: transparent\"><\/span><strong>A, jak g\u0142osowa\u0107 w Stanach?<\/strong><\/p>\n<p><strong style=\"font-weight: normal\"><\/p>\n<p dir=\"ltr\" style=\"line-height: 1.15; margin-top: 0pt; margin-bottom: 0pt\"><span style=\"color: #000000; font-family: Verdana; font-size: 13px; font-style: normal; font-variant: normal; font-weight: bold; text-decoration: none; vertical-align: baseline; background-color: transparent\">Przede wszystkim ID\u0179MY DO WYBOR\u00d3W! GREMIALNIE.<\/span><\/p>\n<p><\/strong><\/strong><strong style=\"font-weight: normal\"><\/strong><strong style=\"font-weight: normal\"><span style=\"color: #000000; font-family: Verdana; font-size: 13px; font-style: normal; font-variant: normal; font-weight: normal; text-decoration: none; vertical-align: baseline; background-color: transparent\">I znowu: nie rozbija\u0107 g\u0142os\u00f3w na kilku kandydat\u00f3w PiS, ale skupi\u0107 si\u0119 na jednym, bo i tak tylko jeden wejdzie. Z ca\u0142ym szacunkiem dla wszystkich kandyduj\u0105cych z PiSu, proponuj\u0119 i apeluj\u0119: <\/span><span style=\"color: #000000; font-family: Verdana; font-size: 13px; font-style: normal; font-variant: normal; font-weight: bold; text-decoration: none; vertical-align: baseline; background-color: transparent\">g\u0142osujmy na Profesora Zdzis\u0142awa Krasnod\u0119bskiego &#8211; jest \u201cJedynk\u0105\u201d w Warszawie; ma autorytet po obu stronach Oceanu (wyk\u0142ady na uniwersytetach w Niemczech i USA); zna problemy Polski i Polak\u00f3w, szczeg\u00f3lnie w kontek\u015bcie Europy, \u015bwietnie zna j\u0119zyk angielski\u00a0i niemiecki; nie jest uwik\u0142any w partyjne rozgrywki i konflikty. To te\u017c \u201cinwestycja\u201d &#8211; po do\u015bwiadczeniach europejskich powinien obj\u0105\u0107 jakie\u015b ministerstwo w rz\u0105dzie fachowc\u00f3w.<\/span> <\/strong><strong style=\"font-weight: normal\"><span style=\"color: #000000; font-family: Verdana; font-size: 13px; font-style: normal; font-variant: normal; font-weight: bold; text-decoration: none; vertical-align: baseline; background-color: transparent\">A zatem: ZDZIS\u0141AW KRASNOD\u0118BSKI kandydatem Polonii ameryka\u0144skiej. \u00a0Zabierzmy Polsk\u0119 politykom-amatorom, oszustom i karierowiczom i oddajmy Polsk\u0119 ludziom m\u0105drym, intelektualistom; uczciwym, wierz\u0105cym patriotom.<\/span><br \/>\n<\/strong><\/p>\n","protected":false},"excerpt":{"rendered":"<p>Mam gotowy artyku\u0142 o ostatnich \u201cwyda-wrzeniach\u201d w Polonii nowojorskiej: odznaczeni przez Komorowskiego i koncert w Katedrze. Zdecydowa\u0142em jednak, \u017ce wybory, to temat o wiele wa\u017cniejszy. Tamto mo\u017ce poczeka\u0107. I tak jest ju\u017c \u201cpo grzybach\u201d. A w\u0142a\u015bnie od tych i nast\u0119pnych wybor\u00f3w zale\u017ce\u0107 b\u0119dzie, czy sytuacje typu \u201cbyle jacy odznaczeni\u201d i \u201cbyle jakie koncerty\u201d w Katedrze [&hellip;]<\/p>\n","protected":false},"author":2,"featured_media":0,"comment_status":"open","ping_status":"open","sticky":false,"template":"","format":"standard","meta":[],"categories":[4],"tags":[],"_links":{"self":[{"href":"https:\/\/sporek.com\/blog\/index.php?rest_route=\/wp\/v2\/posts\/443"}],"collection":[{"href":"https:\/\/sporek.com\/blog\/index.php?rest_route=\/wp\/v2\/posts"}],"about":[{"href":"https:\/\/sporek.com\/blog\/index.php?rest_route=\/wp\/v2\/types\/post"}],"author":[{"embeddable":true,"href":"https:\/\/sporek.com\/blog\/index.php?rest_route=\/wp\/v2\/users\/2"}],"replies":[{"embeddable":true,"href":"https:\/\/sporek.com\/blog\/index.php?rest_route=%2Fwp%2Fv2%2Fcomments&post=443"}],"version-history":[{"count":0,"href":"https:\/\/sporek.com\/blog\/index.php?rest_route=\/wp\/v2\/posts\/443\/revisions"}],"wp:attachment":[{"href":"https:\/\/sporek.com\/blog\/index.php?rest_route=%2Fwp%2Fv2%2Fmedia&parent=443"}],"wp:term":[{"taxonomy":"category","embeddable":true,"href":"https:\/\/sporek.com\/blog\/index.php?rest_route=%2Fwp%2Fv2%2Fcategories&post=443"},{"taxonomy":"post_tag","embeddable":true,"href":"https:\/\/sporek.com\/blog\/index.php?rest_route=%2Fwp%2Fv2%2Ftags&post=443"}],"curies":[{"name":"wp","href":"https:\/\/api.w.org\/{rel}","templated":true}]}}