{"id":444,"date":"2014-05-18T00:03:12","date_gmt":"2014-05-18T04:03:12","guid":{"rendered":"http:\/\/sporek.com\/blog\/?p=444"},"modified":"2014-05-19T10:33:14","modified_gmt":"2014-05-19T14:33:14","slug":"euro-wybory-rejestracja","status":"publish","type":"post","link":"https:\/\/sporek.com\/blog\/?p=444","title":{"rendered":"Euro-Wybory, rejestracja"},"content":{"rendered":"<p><strong style=\"font-weight: normal\"><\/p>\n<p dir=\"ltr\" style=\"line-height: 1.15; margin-top: 0pt; margin-bottom: 0pt\" id=\"docs-internal-guid-5c1b9a43-0d7d-ac3a-b716-b448c1a3e501\"><span style=\"color: #000000; font-family: Verdana; font-size: 13px; font-style: normal; font-variant: normal; font-weight: normal; text-decoration: none; vertical-align: baseline; background-color: transparent\">Polonia g\u0142osuje na Nr. 1 (Warszawsk\u0105 Jedynk\u0119), czyli na <\/span><span style=\"color: #000000; font-family: Verdana; font-size: 13px; font-style: normal; font-variant: normal; font-weight: bold; text-decoration: none; vertical-align: baseline; background-color: transparent\">prof. Zdzis\u0142awa Krasnod\u0119bskiego.<\/span><\/p>\n<p dir=\"ltr\" style=\"line-height: 1.15; margin-top: 0pt; margin-bottom: 0pt\"><span style=\"color: #000000; font-family: Verdana; font-size: 13px; font-style: normal; font-variant: normal; font-weight: normal; text-decoration: none; vertical-align: baseline; background-color: transparent\">Polonia nowojorska, to w zdecydowanej wi\u0119kszo\u015bci zwolennicy prawicy. Pomijaj\u0105c jednak ten fakt s\u0105dz\u0119, \u017ce nawet zwolennicy obecnej koalicji rz\u0105dz\u0105cej widz\u0105, czarne na bia\u0142ym, \u017ce rz\u0105dy tej koalicji powinny si\u0119, jak najszybciej zako\u0144czy\u0107. Zacznijmy wi\u0119c od odci\u0119cia ich od Parlamentu Europejskiego. Kandyduj\u0105 wy\u0142\u0105cznie po to, aby zarabia\u0107 12 tysi\u0119cy euro miesi\u0119cznie i po pi\u0119ciu latach mie\u0107 poselskie, europejskie emeryturki. Za to, co zrobili z Polsk\u0105 przez siedem lat marnotrawienia polskiego maj\u0105tku i d\u00f3br narodowych, za rozwalenie przemys\u0142u, podniesienie wszystkich podatk\u00f3w, kr\u00f3tko m\u00f3wi\u0105c, z\u0142amanie wszystkich obietnic, nie mo\u017cemy im fundowa\u0107 europejskiego dobrobytu, bo na to nie zas\u0142uguj\u0105.<\/span><\/p>\n<p dir=\"ltr\" style=\"line-height: 1.15; margin-top: 0pt; margin-bottom: 0pt\"><span style=\"color: #000000; font-family: Verdana; font-size: 13px; font-style: normal; font-variant: normal; font-weight: bold; text-decoration: none; vertical-align: baseline; background-color: transparent\">Kandydatem, na kt\u00f3rego powinni\u015bmy odda\u0107 g\u0142os jest prof. Zdzis\u0142aw Krasnod\u0119bski.<\/span><\/p>\n<p dir=\"ltr\" style=\"line-height: 1.15; margin-top: 0pt; margin-bottom: 0pt\"><span style=\"color: #000000; font-family: Verdana; font-size: 13px; font-style: normal; font-variant: normal; font-weight: bold; text-decoration: none; vertical-align: baseline; background-color: transparent\">Klug Gazety Polskiej, w Nowym Jorku oferuje Polonii pomoc w rejestracji do wybor\u00f3w.<\/span><\/p>\n<p dir=\"ltr\" style=\"line-height: 1.15; margin-top: 0pt; margin-bottom: 0pt\"><span style=\"color: #000000; font-family: Verdana; font-size: 13px; font-style: normal; font-variant: normal; font-weight: bold; text-decoration: none; vertical-align: baseline; background-color: transparent\">Prosz\u0119 dzwoni\u0107 pod numery:<\/span><\/p>\n<p dir=\"ltr\" style=\"line-height: 1.15; margin-top: 0pt; margin-bottom: 0pt\"><span style=\"color: #000000; font-family: Verdana; font-size: 13px; font-style: normal; font-variant: normal; font-weight: bold; text-decoration: none; vertical-align: baseline; background-color: transparent\">718-486-6780, prosi\u0107 Janusza, od poniedzia\u0142ku, 19 maja, do czwartku, 22 maja. \u00a0<\/span><\/p>\n<p dir=\"ltr\" style=\"line-height: 1.15; margin-top: 0pt; margin-bottom: 0pt\"><span style=\"color: #000000; font-family: Verdana; font-size: 13px; font-style: normal; font-variant: normal; font-weight: bold; text-decoration: none; vertical-align: baseline; background-color: transparent\">347-419-4104, prosi\u0107 Ma\u0142gorzat\u0119, od niedzieli, 18 maja, do czwartku, 22 maja.<\/span><\/p>\n<p dir=\"ltr\" style=\"line-height: 1.15; margin-top: 0pt; margin-bottom: 0pt\"><span style=\"color: #000000; font-family: Verdana; font-size: 13px; font-style: normal; font-variant: normal; font-weight: bold; text-decoration: none; vertical-align: baseline; background-color: transparent\">Rejestracja ko\u0144czy si\u0119 w czwartek, 22 maja o p\u00f3\u0142nocy.<\/span><\/p>\n<p dir=\"ltr\" style=\"line-height: 1.15; margin-top: 0pt; margin-bottom: 0pt\">&nbsp;<\/p>\n<p><strong style=\"font-weight: normal\"><\/p>\n<p dir=\"ltr\" style=\"line-height: 1.15; margin-top: 0pt; margin-bottom: 0pt\" id=\"docs-internal-guid-5c1b9a43-14e2-4d78-fe3b-ca2d5942551e\"><span style=\"color: #000000; font-family: Verdana; font-size: 13px; font-style: normal; font-variant: normal; font-weight: normal; text-decoration: none; vertical-align: baseline; background-color: transparent\">Chcia\u0142bym, aby nie zrozumiano mnie \u017ale, \u017ce \u00a0na si\u0142\u0119 narzucam kandydatur\u0119 Prof. Krasnod\u0119bskiego.\u00a0Ka\u017cdy mo\u017ce g\u0142osowa\u0107 na swojego kandydata z poni\u017cszej listy:<\/span><\/p>\n<p dir=\"ltr\" style=\"line-height: 1.15; margin-top: 0pt; margin-bottom: 0pt\">&nbsp;<\/p>\n<p dir=\"ltr\" style=\"line-height: 1.15; margin-top: 0pt; margin-bottom: 0pt\"><span style=\"color: #000000; font-family: Verdana; font-size: 13px; font-style: normal; font-variant: normal; font-weight: normal; text-decoration: none; vertical-align: baseline; background-color: transparent\">1. Krasnod\u0119bski Zdzis\u0142aw Marek &#8211; wyk\u0142adowca akademicki &#8211; bezpartyjny<\/span><\/p>\n<p dir=\"ltr\" style=\"line-height: 1.15; margin-top: 0pt; margin-bottom: 0pt\"><span style=\"color: #000000; font-family: Verdana; font-size: 13px; font-style: normal; font-variant: normal; font-weight: normal; text-decoration: none; vertical-align: baseline; background-color: transparent\">2. Foltyn-Kubicka Hanna &#8211; filolog-germanista &#8211; PiS<\/span><\/p>\n<p dir=\"ltr\" style=\"line-height: 1.15; margin-top: 0pt; margin-bottom: 0pt\"><span style=\"color: #000000; font-family: Verdana; font-size: 13px; font-style: normal; font-variant: normal; font-weight: normal; text-decoration: none; vertical-align: baseline; background-color: transparent\">3. Krajewski Jaros\u0142aw Karol &#8211; politolog &#8211; PiS<\/span><\/p>\n<p dir=\"ltr\" style=\"line-height: 1.15; margin-top: 0pt; margin-bottom: 0pt\"><span style=\"color: #000000; font-family: Verdana; font-size: 13px; font-style: normal; font-variant: normal; font-weight: normal; text-decoration: none; vertical-align: baseline; background-color: transparent\">4. Tomaszewska Ewa &#8211; fizyk &#8211; PiS<\/span><\/p>\n<p dir=\"ltr\" style=\"line-height: 1.15; margin-top: 0pt; margin-bottom: 0pt\"><span style=\"color: #000000; font-family: Verdana; font-size: 13px; font-style: normal; font-variant: normal; font-weight: normal; text-decoration: none; vertical-align: baseline; background-color: transparent\">5. Jurek Marek &#8211; historyk &#8211; Prawica Rzeczypospolitej<\/span><\/p>\n<p dir=\"ltr\" style=\"line-height: 1.15; margin-top: 0pt; margin-bottom: 0pt\"><span style=\"color: #000000; font-family: Verdana; font-size: 13px; font-style: normal; font-variant: normal; font-weight: normal; text-decoration: none; vertical-align: baseline; background-color: transparent\">6. Kaczmarska Agnieszka &#8211; politolog &#8211; PiS<\/span><\/p>\n<p dir=\"ltr\" style=\"line-height: 1.15; margin-top: 0pt; margin-bottom: 0pt\"><span style=\"color: #000000; font-family: Verdana; font-size: 13px; font-style: normal; font-variant: normal; font-weight: normal; text-decoration: none; vertical-align: baseline; background-color: transparent\">7. U\u015bci\u0144ski Piotr Micha\u0142 &#8211; mened\u017cer &#8211; PiS<\/span><\/p>\n<p dir=\"ltr\" style=\"line-height: 1.15; margin-top: 0pt; margin-bottom: 0pt\"><span style=\"color: #000000; font-family: Verdana; font-size: 13px; font-style: normal; font-variant: normal; font-weight: normal; text-decoration: none; vertical-align: baseline; background-color: transparent\">8. O\u0142dakowski Wojciech Jerzy &#8211; rolnik &#8211; PiS<\/span><\/p>\n<p dir=\"ltr\" style=\"line-height: 1.15; margin-top: 0pt; margin-bottom: 0pt\"><span style=\"color: #000000; font-family: Verdana; font-size: 13px; font-style: normal; font-variant: normal; font-weight: normal; text-decoration: none; vertical-align: baseline; background-color: transparent\">9. G\u00f3rski Artur Cezary &#8211; pose\u0142 na Sejm &#8211; PiS<\/span><\/p>\n<p dir=\"ltr\" style=\"line-height: 1.15; margin-top: 0pt; margin-bottom: 0pt\"><span style=\"color: #000000; font-family: Verdana; font-size: 13px; font-style: normal; font-variant: normal; font-weight: normal; text-decoration: none; vertical-align: baseline; background-color: transparent\">10. Czerwi\u0144ska Anita &#8211; prawnik &#8211; bezpartyjna<\/span><\/p>\n<p dir=\"ltr\" style=\"line-height: 1.15; margin-top: 0pt; margin-bottom: 0pt\">&nbsp;<\/p>\n<p dir=\"ltr\" style=\"line-height: 1.15; margin-top: 0pt; margin-bottom: 0pt\"><span style=\"color: #000000; font-family: Verdana; font-size: 13px; font-style: normal; font-variant: normal; font-weight: normal; text-decoration: none; vertical-align: baseline; background-color: transparent\">Najlepiej postawi\u0107 krzy\u017cyk przy jednym tylko nazwisku, aby nie ryzykowa\u0107 uniewa\u017cnienia g\u0142os\u00f3w, ale, je\u015bli ju\u017c dojdzie do tego, \u017ce kto\u015b skre\u015bli na przyk\u0142ad numery 2, 5, 9, to g\u0142os na tej karcie b\u0119dzie przypisany temu, kto jest najwy\u017cej, czyli nazwisku przy numerze 2.<\/span><\/p>\n<p dir=\"ltr\" style=\"line-height: 1.15; margin-top: 0pt; margin-bottom: 0pt\">&nbsp;<\/p>\n<p><\/strong><\/p>\n<p dir=\"ltr\" style=\"line-height: 1.15; margin-top: 0pt; margin-bottom: 0pt\">&nbsp;<\/p>\n<p><\/strong><\/p>\n","protected":false},"excerpt":{"rendered":"<p>Polonia g\u0142osuje na Nr. 1 (Warszawsk\u0105 Jedynk\u0119), czyli na prof. Zdzis\u0142awa Krasnod\u0119bskiego. Polonia nowojorska, to w zdecydowanej wi\u0119kszo\u015bci zwolennicy prawicy. Pomijaj\u0105c jednak ten fakt s\u0105dz\u0119, \u017ce nawet zwolennicy obecnej koalicji rz\u0105dz\u0105cej widz\u0105, czarne na bia\u0142ym, \u017ce rz\u0105dy tej koalicji powinny si\u0119, jak najszybciej zako\u0144czy\u0107. Zacznijmy wi\u0119c od odci\u0119cia ich od Parlamentu Europejskiego. Kandyduj\u0105 wy\u0142\u0105cznie po [&hellip;]<\/p>\n","protected":false},"author":2,"featured_media":0,"comment_status":"open","ping_status":"open","sticky":false,"template":"","format":"standard","meta":[],"categories":[4],"tags":[],"_links":{"self":[{"href":"https:\/\/sporek.com\/blog\/index.php?rest_route=\/wp\/v2\/posts\/444"}],"collection":[{"href":"https:\/\/sporek.com\/blog\/index.php?rest_route=\/wp\/v2\/posts"}],"about":[{"href":"https:\/\/sporek.com\/blog\/index.php?rest_route=\/wp\/v2\/types\/post"}],"author":[{"embeddable":true,"href":"https:\/\/sporek.com\/blog\/index.php?rest_route=\/wp\/v2\/users\/2"}],"replies":[{"embeddable":true,"href":"https:\/\/sporek.com\/blog\/index.php?rest_route=%2Fwp%2Fv2%2Fcomments&post=444"}],"version-history":[{"count":0,"href":"https:\/\/sporek.com\/blog\/index.php?rest_route=\/wp\/v2\/posts\/444\/revisions"}],"wp:attachment":[{"href":"https:\/\/sporek.com\/blog\/index.php?rest_route=%2Fwp%2Fv2%2Fmedia&parent=444"}],"wp:term":[{"taxonomy":"category","embeddable":true,"href":"https:\/\/sporek.com\/blog\/index.php?rest_route=%2Fwp%2Fv2%2Fcategories&post=444"},{"taxonomy":"post_tag","embeddable":true,"href":"https:\/\/sporek.com\/blog\/index.php?rest_route=%2Fwp%2Fv2%2Ftags&post=444"}],"curies":[{"name":"wp","href":"https:\/\/api.w.org\/{rel}","templated":true}]}}