{"id":446,"date":"2014-05-26T21:50:59","date_gmt":"2014-05-27T01:50:59","guid":{"rendered":"http:\/\/sporek.com\/blog\/?p=446"},"modified":"2014-05-27T00:26:58","modified_gmt":"2014-05-27T04:26:58","slug":"euro-wybory-wyniki","status":"publish","type":"post","link":"https:\/\/sporek.com\/blog\/?p=446","title":{"rendered":"Euro-Wybory, wyniki"},"content":{"rendered":"<p><span style=\"color: #000000; font-family: Verdana; font-size: 13px; font-style: normal; font-variant: normal; font-weight: normal; text-decoration: none; vertical-align: baseline; background-color: transparent\">Wygl\u0105da na to, \u017ce Polacy wreszcie zaczynaj\u0105 trze\u017awie\u0107 po upojnych latach \u201cmi\u0142o\u015bci\u201d (najcz\u0119\u015bciej jednop\u0142ciowej i tranwestycyjnej), aferach, korupcji, k\u0142amstwach, niedotrzymanych obietnicach, totalnego zad\u0142u\u017cenia kraju, europejskiego podda\u0144stwa, polityki ponad naszymi g\u0142owami, <!--more-->zw\u0142aszcza fatalnego ministra spraw zagranicznych, haniebnych wyrok\u00f3w s\u0105dowych, upodlenia tragicznie zmar\u0142ego Prezydenta, polskich pilot\u00f3w, poni\u017caj\u0105cego nas wszystkich \u015bledztwa rosyjskiego i dw\u00f3ch rz\u0105dowych komisji, przewa\u0142\u00f3w ministra kultury,\u00a0kreatywnego Vincenta z &#8222;Bydgoszczu&#8221;,\u00a0itd, itp. Lista jest d\u0142uga, jak pendolino. Reakcje na to wszystko dotychczas te\u017c by\u0142y, jak pendolino; &#8211; nie wchodzi\u0142y na szybkie tory spo\u0142ecznych reakcji. Co\u015b si\u0119 ruszy\u0142o, co\u015b si\u0119 zmieni\u0142o. Mimo kiepskiej frekwencji dwupunktowa przewaga PO, to absolutny sukces Prawa i Sprawiedliwo\u015bci. Zwyci\u0119stwo trze\u017awo my\u015blacej cz\u0119\u015bci Polak\u00f3w.<\/span><\/p>\n<p><strong style=\"font-weight: normal\"><\/p>\n<p dir=\"ltr\" style=\"line-height: 1.15; margin-top: 0pt; margin-bottom: 0pt\"><span style=\"color: #000000; font-family: Verdana; font-size: 13px; font-style: normal; font-variant: normal; font-weight: bold; text-decoration: none; vertical-align: baseline; background-color: transparent\">\u017b\u00f3\u0142ta kartka<\/span><span style=\"color: #000000; font-family: Verdana; font-size: 13px; font-style: normal; font-variant: normal; font-weight: normal; text-decoration: none; vertical-align: baseline; background-color: transparent\"> dla rz\u0105dz\u0105cej koalicji, ale spo\u0142ecze\u0144stwo da\u0142o te\u017c <\/span><span style=\"color: #000000; font-family: Verdana; font-size: 13px; font-style: normal; font-variant: normal; font-weight: bold; text-decoration: none; vertical-align: baseline; background-color: transparent\">czerwon\u0105 kartk\u0119<\/span><span style=\"color: #000000; font-family: Verdana; font-size: 13px; font-style: normal; font-variant: normal; font-weight: normal; text-decoration: none; vertical-align: baseline; background-color: transparent\"> i to w spos\u00f3b niezwykle wyra\u017any: Palikotowi, tramwajarce, kameleonom partyjnym z rodzaju Micha\u0142 Kami\u0144ski, Ziobro, Kurski, Gowin i reszta, wypasionym \u201cdo\u017cywotnim politykom\u201d, jak Kalisz, Rostkowski i im podobni, wreszcie celebrytom od Otylii J\u0119drzejczak pocz\u0105wszy, na Adamku ko\u0144cz\u0105c. Swoj\u0105 drog\u0105 Tomek, to m\u00f3j najwi\u0119kszy zaw\u00f3d, zw\u0142aszcza, gdy zobaczy\u0142em w jednej z gazet jego zdj\u0119cie ze Zbigniewem Ziobro, podpisane: \u201cOdm\u00f3wi\u0142em Kaczy\u0144skiemu\u201d. Tomku, mam nadziej\u0119, \u017ce to chwilowy regres my\u015blowy.<\/span><\/p>\n<p dir=\"ltr\" style=\"line-height: 1.15; margin-top: 0pt; margin-bottom: 0pt\"><span style=\"color: #000000; font-family: Verdana; font-size: 13px; font-style: normal; font-variant: normal; font-weight: normal; text-decoration: none; vertical-align: baseline; background-color: transparent\">Mnie niezmiernie cieszy zwyci\u0119stwo profesora Krasnod\u0119bskiego w Nowym Jorku i ostatecznie jego wej\u015bcie do Parlamentu Europejskiego. Natomiast szalenie dziwi mnie, \u017ce ci\u0105gle jeszcze w Polsce s\u0105 ludzie, kt\u00f3rzy g\u0142osuj\u0105 na SLD. Albo ludzie nie pami\u0119taj\u0105 walizki z fors\u0105 PZPR wywiezionej do Moskwy, nierozliczonego maj\u0105tku tej, jedynie s\u0142usznej zmory XX wieku i zachowuj\u0105 si\u0119, jak Putin, kiedy m\u00f3wi\u0142, \u017ce najwi\u0119ksz\u0105 katastrof\u0105 XX wieku by\u0142 rozpad ZSRR.<\/span><\/p>\n<p dir=\"ltr\" style=\"line-height: 1.15; margin-top: 0pt; margin-bottom: 0pt\"><span style=\"color: #000000; font-family: Verdana; font-size: 13px; font-style: normal; font-variant: normal; font-weight: normal; text-decoration: none; vertical-align: baseline; background-color: transparent\">Niespodziank\u0105, oczywi\u015bcie i to ogromn\u0105 jest \u201czwyci\u0119stwo\u201d Janusza Korwina-Mikkego. Gdyby ten polityk zmieni\u0142 nieco j\u0119zyk i ubra\u0142 to, co my\u015bli w akceptowalny j\u0119zyk, to mieliby\u015bmy niez\u0142y kaliber w tej Europie, a tak, ja si\u0119 troch\u0119 boj\u0119. Czy ten polityk skuma si\u0119 z Nigelem Farage, czy z socjalistami, czy z ludowcami, trudno przewidzie\u0107, bo on sam jest nieprzewidywalny. Mo\u017cna by si\u0119 nawet spodziewa\u0107, \u017ce stworzy osobn\u0105 frakcj\u0119 typu \u201cwon z t\u0105 Uni\u0105 Europejsk\u0105\u201d. Ale, pami\u0119tajmy; &#8211; tam s\u0105 ogromne pieni\u0105dzei emeryturka europejska. Ci jednak, kt\u00f3rzy my\u015bl\u0105, jak Olejniczaki i Siwce, \u017ce trzeba si\u0119 tam umizgiwa\u0107 do r\u00f3\u017cnych Angelek, Barros\u00f3w, Van\u00f3w Rompuy\u00f3w, albo siedzie\u0107 cicho, jak mysz pod miot\u0142\u0105, myl\u0105 si\u0119 grubo. bo to nie Angela, Jose, czy Herman wybiera\u0107 b\u0119d\u0105 w nast\u0119pnej kadencji, ale spo\u0142ecze\u0144stwo. I lepiej jest dzia\u0142a\u0107 tam w imi\u0119 i dla dobra spo\u0142ecze\u0144stwa.Zbiera\u0107 punkty, bo pi\u0119\u0107 lat zleci szybko.<\/span><\/p>\n<p dir=\"ltr\" style=\"line-height: 1.15; margin-top: 0pt; margin-bottom: 0pt\"><span style=\"color: #000000; font-family: Verdana; font-size: 13px; font-style: normal; font-variant: normal; font-weight: normal; text-decoration: none; vertical-align: baseline; background-color: transparent\">Chc\u0119 podzi\u0119kowa\u0107 Cz\u0142onkom Klubu Gazety Polskiej w Nowym Jorku i Filadelfii, kt\u00f3rzy, podobnie, jak w przypadku pos\u0142a, Adama Kwiatkowskiego \u201cwylansowali\u201d prof. Krasnod\u0119bskiego. Zorganizowali\u015bmy \u201cgorac\u0105 lini\u0119\u201d telefoniczn\u0105, pomagaj\u0105c bardzo wielu Rodakom zarejestrowa\u0107 si\u0119 do wybor\u00f3w we wszystkich trzech komisjach nowojorskich, a tak\u017ce w Komisji Nr. 140 w Hamtramck, (Detroit, MI), gdzie g\u0142osowa\u0142a cz\u0119\u015b\u0107 \u015bpiewak\u00f3w polonijnych \u201csp\u0119dzonych\u201d tam na zje\u017adzie ch\u00f3r\u00f3w polonijnych, w 125 rocznic\u0119 powstania Zwi\u0105zku \u015apiewak\u00f3w Polskich w Ameryce i Kanadzie. Zdziwi\u0142a mnie wszak postawa niekt\u00f3rych ch\u00f3rzyst\u00f3w z Arii, w Wallington, czy Polonia Paderewski, z New Britain, kt\u00f3rzy agitowali za PO, ale sami nie zarejestrowali si\u0119 do wybor\u00f3w i udzia\u0142u w nich nie wzi\u0119li. Powinni zapami\u0119ta\u0107: <\/span><span style=\"color: #000000; font-family: Verdana; font-size: 13px; font-style: normal; font-variant: normal; font-weight: bold; text-decoration: none; vertical-align: baseline; background-color: transparent\">nie wolno im zabiera\u0107 g\u0142osu na temat sytuacji w Polsce, bo nie chcieli mie\u0107 na ni\u0105 wp\u0142ywu. Wed\u0142ug zasady: chcesz zmienia\u0107 \u015bwiat, sw\u00f3j kraj, swoje \u015brodowisko &#8211; b\u0105d\u017a aktywny, spe\u0142niaj sw\u00f3j obywatelski obowi\u0105zek.<\/span><\/p>\n<p dir=\"ltr\" style=\"line-height: 1.15; margin-top: 0pt; margin-bottom: 0pt\"><span style=\"color: #000000; font-family: Verdana; font-size: 13px; font-style: normal; font-variant: normal; font-weight: normal; text-decoration: none; vertical-align: baseline; background-color: transparent\">I na koniec, po raz kolejny na moim blogu (naprawd\u0119 zrobi\u0142em to ju\u017c kiedy\u015b, cho\u0107 o samych \u201cgeneralnych\u201d pisa\u0142em ujemnie znacznie cz\u0119\u015bciej), chc\u0119 wyla\u0107 potok ciep\u0142ych s\u0142\u00f3w na temat pracownik\u00f3w konsulatu generalnego RP. Wyrabiaj\u0105c tymczasowy paszport do\u015bwiadczy\u0142em osobi\u015bcie, (ale i by\u0142em \u015bwiadkiem, \u017ce inni te\u017c tego do\u015bwiadczyli), szalenie profesjonalnej, mi\u0142ej, szybkiej i bardzo grzecznej obs\u0142ugi. I wiem, \u017ce je\u015bli mo\u017cna by\u0142o zmie\u015bci\u0107 \u201cdelikwenta\u201d w czasie, to nikomu nie odm\u00f3wiono pomocy, czy to w wystawieniu tymczasowego paszportu, czy to w rejestracji do wybor\u00f3w.<\/span><\/p>\n<p dir=\"ltr\" style=\"line-height: 1.15; margin-top: 0pt; margin-bottom: 0pt\"><span style=\"color: #000000; font-family: Verdana; font-size: 13px; font-style: normal; font-variant: normal; font-weight: normal; text-decoration: none; vertical-align: baseline; background-color: transparent\">A na przysz\u0142o\u015b\u0107, b\u0142agam: Rodacy zr\u00f3bcie porz\u0105dek ze swoimi informacjami: wojew\u00f3dztwo, gmina\/dzielnica, numery paszportu, pesel. B\u0119dziemy pomaga\u0107, ale na przyk\u0142ad w ostatni dzie\u0144 mieli\u015bmy sytuacje, kiedy kto\u015b zastanawia\u0142 si\u0119, w jakim wojew\u00f3dztwie mieszka, jaki jest kod pocztowy, jaki jest zip code tutaj, albo miasto, albo nawet adres, numer telefonu. I czekali\u015bmy na posk\u0142adanie tych informacji, gdy brz\u0119cza\u0142 ju\u017c sygna\u0142 nast\u0119pnego telefonu. Przy dobrze przygotowanych informacjach personalnych proces rejestracji przez Internet nie powinien trwa\u0107 d\u0142u\u017cej, ni\u017c dwie, trzy minuty. I przy tej okazji serdeczne podzi\u0119kowania dla Pani Ma\u0142gorzaty Ciuraszkiewicz, z Klbu Gazety Polskiej w Nowym Jorku, kt\u00f3ra podj\u0119\u0142a si\u0119, razem ze mn\u0105 \u017cmudnej pracy przy rejestracji do wybor\u00f3w.<\/span><\/p>\n<p dir=\"ltr\" style=\"line-height: 1.15; margin-top: 0pt; margin-bottom: 0pt\"><span style=\"color: #000000; font-family: Verdana; font-size: 13px; font-style: normal; font-variant: normal; font-weight: normal; text-decoration: none; vertical-align: baseline; background-color: transparent\">P\u00f3ki co, cieszmy si\u0119, \u017ce co\u015b si\u0119 r\u00f3wnie\u017c i dzi\u0119ki nam zmieni\u0142o, ale zmobilizujmy si\u0119 \u00a0do nast\u0119pnych wybor\u00f3w.<\/span><\/p>\n<p><\/strong><strong style=\"font-weight: normal\"><span style=\"color: #000000; font-family: Verdana; font-size: 13px; font-style: normal; font-variant: normal; font-weight: normal; text-decoration: none; vertical-align: baseline; background-color: transparent\">Dzi\u0119kuj\u0119 M\u0119\u017com Zaufania z ramienia Klub\u00f3w Gazety Polskiej w Nowym Jorku i Filadelfii. Zrobili\u015bcie kawa\u0142 dobrej roboty.<\/span><br \/>\n<\/strong><\/p>\n","protected":false},"excerpt":{"rendered":"<p>Wygl\u0105da na to, \u017ce Polacy wreszcie zaczynaj\u0105 trze\u017awie\u0107 po upojnych latach \u201cmi\u0142o\u015bci\u201d (najcz\u0119\u015bciej jednop\u0142ciowej i tranwestycyjnej), aferach, korupcji, k\u0142amstwach, niedotrzymanych obietnicach, totalnego zad\u0142u\u017cenia kraju, europejskiego podda\u0144stwa, polityki ponad naszymi g\u0142owami,<\/p>\n","protected":false},"author":2,"featured_media":0,"comment_status":"open","ping_status":"open","sticky":false,"template":"","format":"standard","meta":[],"categories":[4],"tags":[],"_links":{"self":[{"href":"https:\/\/sporek.com\/blog\/index.php?rest_route=\/wp\/v2\/posts\/446"}],"collection":[{"href":"https:\/\/sporek.com\/blog\/index.php?rest_route=\/wp\/v2\/posts"}],"about":[{"href":"https:\/\/sporek.com\/blog\/index.php?rest_route=\/wp\/v2\/types\/post"}],"author":[{"embeddable":true,"href":"https:\/\/sporek.com\/blog\/index.php?rest_route=\/wp\/v2\/users\/2"}],"replies":[{"embeddable":true,"href":"https:\/\/sporek.com\/blog\/index.php?rest_route=%2Fwp%2Fv2%2Fcomments&post=446"}],"version-history":[{"count":0,"href":"https:\/\/sporek.com\/blog\/index.php?rest_route=\/wp\/v2\/posts\/446\/revisions"}],"wp:attachment":[{"href":"https:\/\/sporek.com\/blog\/index.php?rest_route=%2Fwp%2Fv2%2Fmedia&parent=446"}],"wp:term":[{"taxonomy":"category","embeddable":true,"href":"https:\/\/sporek.com\/blog\/index.php?rest_route=%2Fwp%2Fv2%2Fcategories&post=446"},{"taxonomy":"post_tag","embeddable":true,"href":"https:\/\/sporek.com\/blog\/index.php?rest_route=%2Fwp%2Fv2%2Ftags&post=446"}],"curies":[{"name":"wp","href":"https:\/\/api.w.org\/{rel}","templated":true}]}}