{"id":447,"date":"2014-05-29T15:05:12","date_gmt":"2014-05-29T19:05:12","guid":{"rendered":"http:\/\/sporek.com\/blog\/?p=447"},"modified":"2014-05-29T15:05:12","modified_gmt":"2014-05-29T19:05:12","slug":"dzielna-marysia","status":"publish","type":"post","link":"https:\/\/sporek.com\/blog\/?p=447","title":{"rendered":"Dzielna Marysia"},"content":{"rendered":"<p><strong style=\"font-weight: normal\"><\/p>\n<p dir=\"ltr\" style=\"line-height: 1.15; margin-top: 0pt; margin-bottom: 0pt\" id=\"docs-internal-guid-ab4942eb-495e-2b03-39a6-668137abf1ee\"><span style=\"color: #000000; font-family: Verdana; font-size: 13px; font-style: normal; font-variant: normal; font-weight: normal; text-decoration: none; vertical-align: baseline; background-color: transparent\">Ju\u017c chyba wi\u0119kszo\u015b\u0107 spo\u0142ecze\u0144stwa wie, co przydarzy\u0142o si\u0119 D. Tuskowi w Gorzowie Wielkopolskim. Oczywi\u015bcie na s\u0142owa prawdy wypowiedziane spokojnie do szefa rz\u0105du przez 17-latk\u0119 zareagowa\u0142 najwi\u0119kszy moralista RP, cz\u0142owiek o niezkazitelnych manierach, &#8211; Tomasz Lis.<\/span><\/p>\n<p dir=\"ltr\" style=\"line-height: 1.15; margin-top: 0pt; margin-bottom: 0pt\"><span style=\"color: #000000; font-family: Verdana; font-size: 13px; font-style: normal; font-variant: normal; font-weight: normal; text-decoration: none; vertical-align: baseline; background-color: transparent\">Ods\u0105dzaj\u0105c m\u0142odziutk\u0105 licealistk\u0119 od czci i wiary, krytykuj\u0105c \u201cz\u0142e maniery\u201d Lis udowadnia, \u017ce on sam te\u017c boi si\u0119 licealistki. A oto Lisie dobre maniery:<\/span><\/p>\n<p dir=\"ltr\" style=\"line-height: 1.15; margin-top: 0pt; margin-bottom: 10pt\"><a href=\"http:\/\/vod.gazetapolska.pl\/7200-tomasz-lis-przeklina-poza-kamera\" style=\"text-decoration: none\"><span style=\"color: #0000ff; font-family: Verdana; font-size: 13px; font-style: normal; font-variant: normal; font-weight: normal; text-decoration: underline; vertical-align: baseline; background-color: transparent\">http:\/\/vod.gazetapolska.pl\/7200-tomasz-lis-przeklina-poza-kamera<\/span><\/a><\/p>\n<p><\/strong><\/p>\n","protected":false},"excerpt":{"rendered":"<p>Ju\u017c chyba wi\u0119kszo\u015b\u0107 spo\u0142ecze\u0144stwa wie, co przydarzy\u0142o si\u0119 D. Tuskowi w Gorzowie Wielkopolskim. Oczywi\u015bcie na s\u0142owa prawdy wypowiedziane spokojnie do szefa rz\u0105du przez 17-latk\u0119 zareagowa\u0142 najwi\u0119kszy moralista RP, cz\u0142owiek o niezkazitelnych manierach, &#8211; Tomasz Lis. Ods\u0105dzaj\u0105c m\u0142odziutk\u0105 licealistk\u0119 od czci i wiary, krytykuj\u0105c \u201cz\u0142e maniery\u201d Lis udowadnia, \u017ce on sam te\u017c boi si\u0119 licealistki. A [&hellip;]<\/p>\n","protected":false},"author":2,"featured_media":0,"comment_status":"open","ping_status":"open","sticky":false,"template":"","format":"standard","meta":[],"categories":[4],"tags":[],"_links":{"self":[{"href":"https:\/\/sporek.com\/blog\/index.php?rest_route=\/wp\/v2\/posts\/447"}],"collection":[{"href":"https:\/\/sporek.com\/blog\/index.php?rest_route=\/wp\/v2\/posts"}],"about":[{"href":"https:\/\/sporek.com\/blog\/index.php?rest_route=\/wp\/v2\/types\/post"}],"author":[{"embeddable":true,"href":"https:\/\/sporek.com\/blog\/index.php?rest_route=\/wp\/v2\/users\/2"}],"replies":[{"embeddable":true,"href":"https:\/\/sporek.com\/blog\/index.php?rest_route=%2Fwp%2Fv2%2Fcomments&post=447"}],"version-history":[{"count":0,"href":"https:\/\/sporek.com\/blog\/index.php?rest_route=\/wp\/v2\/posts\/447\/revisions"}],"wp:attachment":[{"href":"https:\/\/sporek.com\/blog\/index.php?rest_route=%2Fwp%2Fv2%2Fmedia&parent=447"}],"wp:term":[{"taxonomy":"category","embeddable":true,"href":"https:\/\/sporek.com\/blog\/index.php?rest_route=%2Fwp%2Fv2%2Fcategories&post=447"},{"taxonomy":"post_tag","embeddable":true,"href":"https:\/\/sporek.com\/blog\/index.php?rest_route=%2Fwp%2Fv2%2Ftags&post=447"}],"curies":[{"name":"wp","href":"https:\/\/api.w.org\/{rel}","templated":true}]}}