{"id":449,"date":"2014-06-16T17:32:40","date_gmt":"2014-06-16T21:32:40","guid":{"rendered":"http:\/\/sporek.com\/blog\/?p=449"},"modified":"2014-06-19T10:13:21","modified_gmt":"2014-06-19T14:13:21","slug":"podsluchane%e2%80%a6","status":"publish","type":"post","link":"https:\/\/sporek.com\/blog\/?p=449","title":{"rendered":"Pods\u0142uchane\u2026"},"content":{"rendered":"<p><strong style=\"font-weight: normal\"><\/p>\n<p dir=\"ltr\" style=\"line-height: 1.15; margin-top: 0pt; margin-bottom: 0pt\" id=\"docs-internal-guid-5e367f0d-a697-284c-4785-c86cb990d0ae\"><span style=\"color: #000000; font-family: Verdana; font-size: 12px; font-style: normal; font-variant: normal; font-weight: normal; text-decoration: none; vertical-align: baseline; background-color: transparent\">Nie ma sensu rozpisywa\u0107 si\u0119 o rozmowie Belki z Sienkiewiczem (ten ostatni przyni\u00f3s\u0142 potworny wstyd swojemu pradziadkowi-nobli\u015bcie), bo jest to temat \u00a0we wszystkim, co si\u0119 w\u0142\u0105czy. Ja chc\u0119 tylko zapyta\u0107 moich Rodak\u00f3w, czy d\u0142ugo jeszcze chc\u0105 egzystowa\u0107 z opask\u0105 na oczach i uszach? <!--more-->Komentowanie konferencji prasowej Tuska te\u017c dla ka\u017cdego, kto jej s\u0142ucha\u0142 jest pozbawione sensu, bo jak zawsze odwr\u00f3ci\u0142 kota ogonem i \u015bmieje si\u0119 spo\u0142ecze\u0144stwu w ga\u0142y. Niejaki \u015awi\u0119cicki Maciej, oczywi\u015bcie z PO, w rozmowie w TV Republika okre\u015bli\u0142 rozmow\u0119 dw\u00f3ch wysokich urz\u0119dnik\u00f3w pa\u0144stwowych w platformerski spos\u00f3b: <em>&#8222;Pogadali sobie, a og\u00f3lnie chodzi\u0142o o dobro pa\u0144stwa, czyli, \u017ceby Platforma rz\u0105dzi\u0142a nadal, bo PiS si\u0119 nie nadaje&#8221;.<\/em> <\/span><\/p>\n<p dir=\"ltr\" style=\"line-height: 1.15; margin-top: 0pt; margin-bottom: 0pt\"><span style=\"color: #000000; font-family: Verdana; font-size: 12px; font-style: normal; font-variant: normal; font-weight: normal; text-decoration: none; vertical-align: baseline; background-color: transparent\">Ju\u017c dawno pisa\u0142em artyku\u0142y pod tytu\u0142em \u201cA ty Narodzie \u015bpij\u201d, \u201cNarodzie, obud\u017a si\u0119\u201d, itp. Ale, jak zwykle ludzie si\u0119 nie przejmuj\u0105 pisaniem. A tymczasem \u00a0Polska sta\u0142a si\u0119 krajem, w kt\u00f3rym przest\u0119pcy maj\u0105 si\u0119 dobrze; od zbrodniarzy typu Jaruzelski, Kiszczak i ca\u0142a tamta szajka, aferzy\u015bci maj\u0105 si\u0119 dobrze, a \u015bcigani s\u0105 ci, kt\u00f3rzy wykrywaj\u0105 afery, kt\u00f3rzy chc\u0105 walczy\u0107 z korupcj\u0105, kt\u00f3rzy chc\u0105 Polski prawa i sprawiedliwo\u015bci, a nie pa\u0144stwa przest\u0119pc\u00f3w, z ty\u0142kami usadowonymi na najwy\u017cszych fotelach rz\u0105dowych.<\/span><\/p>\n<p dir=\"ltr\" style=\"line-height: 1.15; margin-top: 0pt; margin-bottom: 0pt\"><span style=\"color: #000000; font-family: Verdana; font-size: 12px; font-style: normal; font-variant: normal; font-weight: normal; text-decoration: none; vertical-align: baseline; background-color: transparent\">Nie mog\u0119 si\u0119 nadziwi\u0107, \u017ce okradany, cynicznie i z premedytacj\u0105 ok\u0142amywany i wykorzystywany Nar\u00f3d z uporem idioty ci\u0105gle g\u0142osuje na przest\u0119pc\u00f3w; z\u0142odziei, aferzyst\u00f3w, sprzedawczyk\u00f3w i zdrajc\u00f3w. <\/span><\/p>\n<p dir=\"ltr\" style=\"line-height: 1.15; margin-top: 0pt; margin-bottom: 0pt\"><span style=\"color: #000000; font-family: Verdana; font-size: 12px; font-style: normal; font-variant: normal; font-weight: normal; text-decoration: none; vertical-align: baseline; background-color: transparent\">Swoj\u0105 drog\u0105, czy to, \u017ce Nowak ju\u017c \u201dzako\u0144czy\u0142\u201d karier\u0119, jak oznajmi\u0142 Tusk, oznacza, \u017ce nikt, nigdy nie zada mu pytania po co kupi\u0142 pendolino, wiedz\u0105c, \u017ce nie mamy \u017cadnych warumk\u00f3w po temu, aby te poci\u0105gi u nas je\u017adzi\u0142y? Czyli: czy kto\u015b b\u0119dzie kiedy\u015b dochodzi\u0142, czy by\u0142a to czysta transakcja? Bo ja temu gugusiowi od zegark\u00f3w absolutnie nie wierz\u0119.<\/span><\/p>\n<p><\/strong><\/p>\n","protected":false},"excerpt":{"rendered":"<p>Nie ma sensu rozpisywa\u0107 si\u0119 o rozmowie Belki z Sienkiewiczem (ten ostatni przyni\u00f3s\u0142 potworny wstyd swojemu pradziadkowi-nobli\u015bcie), bo jest to temat \u00a0we wszystkim, co si\u0119 w\u0142\u0105czy. Ja chc\u0119 tylko zapyta\u0107 moich Rodak\u00f3w, czy d\u0142ugo jeszcze chc\u0105 egzystowa\u0107 z opask\u0105 na oczach i uszach?<\/p>\n","protected":false},"author":2,"featured_media":0,"comment_status":"open","ping_status":"open","sticky":false,"template":"","format":"standard","meta":[],"categories":[4],"tags":[],"_links":{"self":[{"href":"https:\/\/sporek.com\/blog\/index.php?rest_route=\/wp\/v2\/posts\/449"}],"collection":[{"href":"https:\/\/sporek.com\/blog\/index.php?rest_route=\/wp\/v2\/posts"}],"about":[{"href":"https:\/\/sporek.com\/blog\/index.php?rest_route=\/wp\/v2\/types\/post"}],"author":[{"embeddable":true,"href":"https:\/\/sporek.com\/blog\/index.php?rest_route=\/wp\/v2\/users\/2"}],"replies":[{"embeddable":true,"href":"https:\/\/sporek.com\/blog\/index.php?rest_route=%2Fwp%2Fv2%2Fcomments&post=449"}],"version-history":[{"count":0,"href":"https:\/\/sporek.com\/blog\/index.php?rest_route=\/wp\/v2\/posts\/449\/revisions"}],"wp:attachment":[{"href":"https:\/\/sporek.com\/blog\/index.php?rest_route=%2Fwp%2Fv2%2Fmedia&parent=449"}],"wp:term":[{"taxonomy":"category","embeddable":true,"href":"https:\/\/sporek.com\/blog\/index.php?rest_route=%2Fwp%2Fv2%2Fcategories&post=449"},{"taxonomy":"post_tag","embeddable":true,"href":"https:\/\/sporek.com\/blog\/index.php?rest_route=%2Fwp%2Fv2%2Ftags&post=449"}],"curies":[{"name":"wp","href":"https:\/\/api.w.org\/{rel}","templated":true}]}}