{"id":450,"date":"2014-06-19T10:11:50","date_gmt":"2014-06-19T14:11:50","guid":{"rendered":"http:\/\/sporek.com\/blog\/?p=450"},"modified":"2014-06-20T23:53:21","modified_gmt":"2014-06-21T03:53:21","slug":"umarl-rzad-niech-zyje-panstwo","status":"publish","type":"post","link":"https:\/\/sporek.com\/blog\/?p=450","title":{"rendered":"Umar\u0142 rz\u0105d, niech \u017cyje Pa\u0144stwo"},"content":{"rendered":"<p><font face=\"Times New Roman\"><br \/>\n<\/font><\/p>\n<p><span style=\"color: #000000; font-family: Verdana; font-size: 13px; font-style: normal; font-variant: normal; font-weight: normal; text-decoration: none; vertical-align: baseline; background-color: transparent\"><strong style=\"font-weight: normal\"><span style=\"color: #000000; font-family: Verdana; font-size: 13px; font-style: normal; font-variant: normal; font-weight: normal; text-decoration: none; vertical-align: baseline; background-color: transparent\"><\/span><\/strong><\/span><\/p>\n<p><strong style=\"font-weight: normal\"><\/strong><\/p>\n<p><strong style=\"font-weight: normal\"><strong style=\"font-weight: normal\"><\/p>\n<p dir=\"ltr\" style=\"line-height: 1.15; margin-top: 0pt; margin-bottom: 0pt\" id=\"docs-internal-guid-878688c6-b47e-1410-68e0-a3970950fdb7\"><span style=\"color: #000000; font-family: Verdana; font-size: 13px; font-style: normal; font-variant: normal; font-weight: normal; text-decoration: none; vertical-align: baseline; background-color: transparent\"><br \/>\n<\/span><\/p>\n<p dir=\"ltr\" style=\"line-height: 1.15; margin-top: 0pt; margin-bottom: 0pt\"><span style=\"color: #000000; font-family: Verdana; font-size: 13px; font-style: normal; font-variant: normal; font-weight: normal; text-decoration: none; vertical-align: baseline; background-color: transparent\">Ka\u017cda dyktatura, w historii \u015bwiata ko\u0144czy\u0142a w spos\u00f3b haniebny i w atmosferze ca\u0142kowitej nienawi\u015bci poddanych. Jedynym przyk\u0142adem, kt\u00f3ry niejako zaprzecza temu twierdzeniu jest Rosja, co jednak, jako wyj\u0105tek potwierdza tez\u0119 z pierwszego zdania. <!--more-->Rosja Putina czuje zbli\u017caj\u0105cy si\u0119 koniec i nie b\u0119dzie to koniec sprowokowany przez poddanych, bo oni tam s\u0105 jeszcze g\u0142upsi, ni\u017c wyborcy PO w Polsce i poza Polsk\u0105. Rosj\u0119 roz\u0142o\u017cy ekonomia i niech si\u0119 tym ju\u017c martwi Wo\u0142odia P.<\/span><\/p>\n<p dir=\"ltr\" style=\"line-height: 1.15; margin-top: 0pt; margin-bottom: 0pt\"><span style=\"color: #000000; font-family: Verdana; font-size: 13px; font-style: normal; font-variant: normal; font-weight: normal; text-decoration: none; vertical-align: baseline; background-color: transparent\">To, co sta\u0142o si\u0119 w Polsce wczoraj &#8211; 18 i dzisiaj, 19 czerwca, 2014 (zapami\u0119tajmy te daty), zapowiada koniec rz\u0105d\u00f3w PO i PSL i tylko jaki\u015b cud mo\u017ce sprawi\u0107, \u017ce b\u0119dzie inaczej. \u00a0Ten \u00a0rz\u0105d jest ju\u017c tak chory, \u017ce najwybitniejsi medycy nie s\u0105 w stanie znale\u017a\u0107 lekarstwa, by go uzdrowi\u0107. Poniewa\u017c cuda zdarzaj\u0105 si\u0119 bardzo rzadko i z regu\u0142y za spraw\u0105 ludzi tak \u015bwi\u0119tych, jak na przyk\u0142ad Jan Pawe\u0142 II, to w ten cud &#8211; uratowania ty\u0142k\u00f3w Tuska i jego dworu po prostu nie wierz\u0119. \u017baden rz\u0105d, od 1989 roku nie doprowadzi\u0142 do tak skandalicznego kryzysu, jak w\u0142a\u015bnie dw\u00f3r D. T. Dw\u00f3r ten, niestety mia\u0142 poparcie og\u0142upionego przez media spo\u0142ecze\u0144stwa. To zdanie jest akurat wy\u015bwiechtanym sloganem. Problem jest wi\u0119kszy. Oto spo\u0142ecze\u0144stwo polskie ostatnich siedmiu lat pocz\u0119\u0142o dawa\u0107 \u017cywy dow\u00f3d na to, co zawarte by\u0142o w tezach Katarzyny (tej z Moskwy rasputinowskiej), Carycy, kt\u00f3ra do swojego zaufanego dworzanina, pu\u0142kownika Panina m\u00f3wi\u0142a bardzo \u00a0konkretnie i wyra\u017anie:<\/span><\/p>\n<p dir=\"ltr\" style=\"line-height: 1.15; margin-top: 0pt; margin-bottom: 0pt\"><a href=\"http:\/\/niepoprawni.pl\/blog\/208\/plan-katarzyny\" style=\"text-decoration: none\"><span style=\"color: #0000ff; font-family: Verdana; font-size: 13px; font-style: normal; font-variant: normal; font-weight: normal; text-decoration: underline; vertical-align: baseline; background-color: transparent\">http:\/\/niepoprawni.pl\/blog\/208\/plan-katarzyny<\/span><\/a><\/p>\n<p dir=\"ltr\" style=\"line-height: 1.15; margin-top: 0pt; margin-bottom: 0pt\"><span style=\"color: #000000; font-family: Verdana; font-size: 13px; font-style: normal; font-variant: normal; font-weight: normal; text-decoration: none; vertical-align: baseline; background-color: transparent\">Zapraszam do wstrz\u0105saj\u0105cej lektury.<\/span><\/p>\n<p dir=\"ltr\" style=\"line-height: 1.15; margin-top: 0pt; margin-bottom: 0pt\"><span style=\"color: #000000; font-family: Verdana; font-size: 13px; font-style: normal; font-variant: normal; font-weight: normal; text-decoration: none; vertical-align: baseline; background-color: transparent\">Warto zauwa\u017cy\u0107, \u017ce zaczyna si\u0119 teraz inny proces w\u015br\u00f3d dotychczasowych poplecznik\u00f3w i obro\u0144c\u00f3w PO. Oto Monika Olejnik otwarcie wyst\u0119puje z oskar\u017ceniem Tuska. Okr\u0119t tonie, szczury uciekaj\u0105, trzeba szuka\u0107 nowych miejsc, trzeba si\u0119 jako\u015b zainstalowa\u0107. Tylko czeka\u0107, jak Micha\u0142 Kami\u0144ski b\u0119dzie chcia\u0142 po raz chyba si\u00f3dmy, albo \u00f3smy zmieni\u0107 barwy partyjne.<\/span><\/p>\n<p dir=\"ltr\" style=\"line-height: 1.15; margin-top: 0pt; margin-bottom: 0pt\"><span style=\"color: #000000; font-family: Verdana; font-size: 13px; font-style: normal; font-variant: normal; font-weight: normal; text-decoration: none; vertical-align: baseline; background-color: transparent\">Ja jednak czekam na inny cud. Cud ozdrowienia polskiego spo\u0142ecze\u0144stwa, kt\u00f3ry w tzw. przedterminowych wyborach p\u00f3jdzie gremialnie do urn, zag\u0142osuje za Prawem \u00a0i Sprawiedliwo\u015bci\u0105 i za\u017c\u0105da rozliczenia z\u0142odziejskiego dworu, odebrania maj\u0105tk\u00f3w, uniewa\u017cnienia wszelkich um\u00f3w przez ten dw\u00f3r zawartych i poka\u017ce raz, na zawsze, \u017ce Polacy nie pozwalaj\u0105 si\u0119 okrada\u0107, oszukiwa\u0107 i nabija\u0107 w butelk\u0119 przez \u201cz\u0142otoustych\u201d polityk\u00f3w.<\/span><\/p>\n<p dir=\"ltr\" style=\"line-height: 1.15; margin-top: 0pt; margin-bottom: 0pt\"><span style=\"color: #000000; font-family: Verdana; font-size: 13px; font-style: normal; font-variant: normal; font-weight: normal; text-decoration: none; vertical-align: baseline; background-color: transparent\">P\u00f3ki co patrzmy, jak lawirowa\u0107 w tym wszystkim b\u0119dzie rudzielec z Kaszub. Jak powiedzia\u0142 jeden z bohater\u00f3w filmu \u201cNie k\u0142am, kochanie\u201d: rudy, to nie kolor, to charakter.<\/span><\/p>\n<p><\/strong><\/strong><strong style=\"font-weight: normal\"><\/strong><\/p>\n","protected":false},"excerpt":{"rendered":"<p>Ka\u017cda dyktatura, w historii \u015bwiata ko\u0144czy\u0142a w spos\u00f3b haniebny i w atmosferze ca\u0142kowitej nienawi\u015bci poddanych. Jedynym przyk\u0142adem, kt\u00f3ry niejako zaprzecza temu twierdzeniu jest Rosja, co jednak, jako wyj\u0105tek potwierdza tez\u0119 z pierwszego zdania.<\/p>\n","protected":false},"author":2,"featured_media":0,"comment_status":"open","ping_status":"open","sticky":false,"template":"","format":"standard","meta":[],"categories":[4],"tags":[],"_links":{"self":[{"href":"https:\/\/sporek.com\/blog\/index.php?rest_route=\/wp\/v2\/posts\/450"}],"collection":[{"href":"https:\/\/sporek.com\/blog\/index.php?rest_route=\/wp\/v2\/posts"}],"about":[{"href":"https:\/\/sporek.com\/blog\/index.php?rest_route=\/wp\/v2\/types\/post"}],"author":[{"embeddable":true,"href":"https:\/\/sporek.com\/blog\/index.php?rest_route=\/wp\/v2\/users\/2"}],"replies":[{"embeddable":true,"href":"https:\/\/sporek.com\/blog\/index.php?rest_route=%2Fwp%2Fv2%2Fcomments&post=450"}],"version-history":[{"count":0,"href":"https:\/\/sporek.com\/blog\/index.php?rest_route=\/wp\/v2\/posts\/450\/revisions"}],"wp:attachment":[{"href":"https:\/\/sporek.com\/blog\/index.php?rest_route=%2Fwp%2Fv2%2Fmedia&parent=450"}],"wp:term":[{"taxonomy":"category","embeddable":true,"href":"https:\/\/sporek.com\/blog\/index.php?rest_route=%2Fwp%2Fv2%2Fcategories&post=450"},{"taxonomy":"post_tag","embeddable":true,"href":"https:\/\/sporek.com\/blog\/index.php?rest_route=%2Fwp%2Fv2%2Ftags&post=450"}],"curies":[{"name":"wp","href":"https:\/\/api.w.org\/{rel}","templated":true}]}}