{"id":451,"date":"2014-06-23T08:26:35","date_gmt":"2014-06-23T12:26:35","guid":{"rendered":"http:\/\/sporek.com\/blog\/?p=451"},"modified":"2014-06-23T08:46:29","modified_gmt":"2014-06-23T12:46:29","slug":"%e2%80%9ckupa-wstydu%e2%80%9d","status":"publish","type":"post","link":"https:\/\/sporek.com\/blog\/?p=451","title":{"rendered":"\u201cKupa wstydu\u201d"},"content":{"rendered":"<p><strong style=\"font-weight: normal\"><\/p>\n<p dir=\"ltr\" style=\"line-height: 1.15; margin-top: 0pt; margin-bottom: 0pt\" id=\"docs-internal-guid-dfc0ff4f-c8af-76b0-5c49-756c6db619d4\"><span style=\"color: #000000; font-family: Verdana; font-size: 13px; font-style: normal; font-variant: normal; font-weight: normal; text-decoration: none; vertical-align: baseline; background-color: transparent\"><br \/>\n<\/span><\/p>\n<p dir=\"ltr\" style=\"line-height: 1.15; margin-top: 0pt; margin-bottom: 0pt\"><span style=\"color: #000000; font-family: Verdana; font-size: 13px; font-style: normal; font-variant: normal; font-weight: normal; text-decoration: none; vertical-align: baseline; background-color: transparent\">Zapo\u017cyczy\u0142em ten tytu\u0142 od mojego przyjaciela, z kt\u00f3rym mia\u0142em bardzo wczesno-porann\u0105 rozmow\u0119 w Adam\u2019s Deli, na Greenpoincie. Potem kupi\u0142em <\/span><span style=\"color: #000000; font-family: Verdana; font-size: 13px; font-style: italic; font-variant: normal; font-weight: normal; text-decoration: none; vertical-align: baseline; background-color: transparent\">Wprost<\/span><span style=\"color: #000000; font-family: Verdana; font-size: 13px; font-style: normal; font-variant: normal; font-weight: normal; text-decoration: none; vertical-align: baseline; background-color: transparent\"> i pojecha\u0142em do mojej szko\u0142y. Gdy wychodzi\u0142em z samochodu \u201cwpad\u0142\u201d na mnie m\u00f3j ameryka\u0144ski przyjaciel, pochodzenia niemieckiego. <!--more-->Cz\u0142owiek, do kt\u00f3rego czuj\u0119 ogromn\u0105 sympati\u0119, szczeg\u00f3lnie po tym, gdy 1 maja, \u00a02011 roku, wr\u00f3ci\u0142em z Polski, po prawie miesi\u0119cznym pobycie w rybnickim szpitalu, gdzie wyci\u0105gano mnie z drugiego zawa\u0142u. Zestawienie tego, co spotka\u0142o mnie ze strony moich przeciwnik\u00f3w w Klubie Gazety Polskiej, tych, kt\u00f3rzy s\u0105 tu chyba tylko po to, \u017ceby rozbija\u0107, a kt\u00f3rzy stwierdzili w\u00f3wczas, \u017ce <\/span><span style=\"color: #000000; font-family: Verdana; font-size: 13px; font-style: italic; font-variant: normal; font-weight: normal; text-decoration: none; vertical-align: baseline; background-color: transparent\">najprawdopodobniej \u201cby\u0142em na Bahamas\u201d, za\u015b \u201cbajk\u0119\u201d o szpitalu wymy\u015bli\u0142em tylko po to, \u017ceby usprawiedliwi\u0107 swoj\u0105 nieobecno\u015b\u0107 na demonstracji w I-\u0105 rocznic\u0119 Katastrofy Smole\u0144skiej,<\/span><span style=\"color: #000000; font-family: Verdana; font-size: 13px; font-style: normal; font-variant: normal; font-weight: normal; text-decoration: none; vertical-align: baseline; background-color: transparent\"> z tym, jak zachowa\u0142 si\u0119 obcy, niemiecko-ameryka\u0144ski sympatyk mojej tu dzia\u0142alno\u015bci jest druzgoc\u0105ce, niestety dla \u201cnaszych\u201d. Nie pomog\u0142o odczytanie przez \u00f3wczesnego skarbnika wypis\u00f3w ze szpitala w Rybniku, jako i te\u017c ze szpitala Maimonides, w Nowym Jorku, gdzie znalaz\u0142em si\u0119 na drugi dzie\u0144 po wyl\u0105dowaniu. \u00d3w skarbnik te\u017c znalaz\u0142 si\u0119 po drugiej stronie p\u0142otu razem z tymi, kt\u00f3rzy przedtem \u201ckadzili\u201d mi o swojej do mnie \u201cprzyja\u017an\u201d, szczero\u015bci i poparciu\u201d. Na szcz\u0119\u015bcie plewy same si\u0119 oddzieli\u0142y i w Klubie jest \u015bwi\u0119ty spok\u00f3j, wspaniali ludzie. Ot\u00f3\u017c w przeciwie\u0144stwie do moich klubowych \u201cprzyjaci\u00f3\u0142\u201d, ameryka\u0144ski Niemiec uwierzy\u0142 w informacj\u0119 zamieszczon\u0105 przez mojego syna na szybie, w oknie mojej szko\u0142y, kt\u00f3ra informowa\u0142a w obu j\u0119zykach, polskim i angielskim, \u017ce z powodu choroby i pobytu w szpitalu, w Polsce zaj\u0119cia zostaj\u0105 zawieszone do czasu mojego powrotu. \u00a0Uwierzy\u0142, i kiedy zobaczy\u0142, \u017ce wr\u00f3cie\u0142em, wszed\u0142 i ze \u0142zami w oczach u\u015bciska\u0142 \u00a0mnie serdecznie m\u00f3wi\u0105c w ameryka\u0144skim stylu: <\/span><span style=\"color: #000000; font-family: Verdana; font-size: 13px; font-style: italic; font-variant: normal; font-weight: normal; text-decoration: none; vertical-align: baseline; background-color: transparent\">\u201cNie pr\u00f3buj nam drugi raz wywin\u0105\u0107 takiego numeru. Modli\u0142em si\u0119 z ca\u0142\u0105 rodzin\u0105 o twoje zdrowie. Ty sobie chyba nie wyobra\u017casz, co by to by\u0142o, gdyby ta szko\u0142a mia\u0142a by\u0107 zamkni\u0119ta. God Bless you, Janusz, stay with us as long as possible (b\u0105d\u017a z nami tak d\u0142ugo, jak tylko si\u0119 da)\u201d.<\/span><\/p>\n<p dir=\"ltr\" style=\"line-height: 1.15; margin-top: 0pt; margin-bottom: 0pt\"><span style=\"color: #000000; font-family: Verdana; font-size: 13px; font-style: normal; font-variant: normal; font-weight: normal; text-decoration: none; vertical-align: baseline; background-color: transparent\">By\u0142em totalnie zaskoczony autentycznymi \u0142zami tego cz\u0142owieka, a nie jest to jaki\u015b \u201cmi\u0119kki\u201d m\u0142okos. Ma ponad sze\u015b\u0107dziesi\u0105t lat i nigdy mu si\u0119 nie zdarzy\u0142o, \u017ceby nie pozdrowi\u0107 mnie, zza szyby, kiedy siedz\u0119 z uczniem przy fortepianie. By\u0142bym niesprawiedliwy, gdybym nie wspomnia\u0142 o starszej pani, Polce, w\u0142a\u015bcicielce domu naprzeciwko, kt\u00f3ra w tym samy stylu przywita\u0142a mnie przy pierwszym naszym spotkaniu na ulicy. <\/span><\/p>\n<p dir=\"ltr\" style=\"line-height: 1.15; margin-top: 0pt; margin-bottom: 0pt\"><span style=\"color: #000000; font-family: Verdana; font-size: 13px; font-style: normal; font-variant: normal; font-weight: normal; text-decoration: none; vertical-align: baseline; background-color: transparent\">No, i dzisiaj ten\u017ce, niemiecko-ameryka\u0144ski sympatyk mojej dzia\u0142alno\u015bci (opr\u00f3cz tego, \u017ce widzi mnie przez okno ucz\u0105cego m\u0142odzie\u017c, chodzi na moje koncerty) podszed\u0142 do mnie i natychmiast po u\u015bci\u015bni\u0119ciu r\u0105k wywali\u0142 z \u201cgrubej rury\u201d: <\/span><span style=\"color: #000000; font-family: Verdana; font-size: 13px; font-style: italic; font-variant: normal; font-weight: normal; text-decoration: none; vertical-align: baseline; background-color: transparent\">Jakich wy macie ministr\u00f3w? Co ten Sikorski sobie wyobra\u017ca? Sk\u0105d wy\u015bcie wzi\u0119li takiego prymitywa? Czy ty wiesz, jak to si\u0119 mo\u017ce sko\u0144czy\u0107? <\/span><span style=\"color: #000000; font-family: Verdana; font-size: 13px; font-style: normal; font-variant: normal; font-weight: normal; text-decoration: none; vertical-align: baseline; background-color: transparent\">Krzycza\u0142 prawie, a ja stara\u0142em si\u0119 mu wyt\u0142umaczy\u0107, \u017ce zawsze gdzie\u015b, w jakiej\u015b grupie ludzi, mog\u0105 si\u0119 znale\u017a\u0107 czarne owce, na kt\u00f3rych post\u0119powanie og\u00f3\u0142 nie ma wp\u0142ywu, ale te\u017c i nie mo\u017ce za to post\u0119powanie odpowiada\u0107.<\/span><\/p>\n<p dir=\"ltr\" style=\"line-height: 1.15; margin-top: 0pt; margin-bottom: 0pt\"><span style=\"color: #000000; font-family: Verdana; font-size: 13px; font-style: normal; font-variant: normal; font-weight: normal; text-decoration: none; vertical-align: baseline; background-color: transparent\">&#8211;<\/span><span style=\"color: #000000; font-family: Verdana; font-size: 13px; font-style: italic; font-variant: normal; font-weight: normal; text-decoration: none; vertical-align: baseline; background-color: transparent\">No, ale chyba wylec\u0105 na zbite pyski\u2026?<\/span><\/p>\n<p dir=\"ltr\" style=\"line-height: 1.15; margin-top: 0pt; margin-bottom: 0pt\"><span style=\"color: #000000; font-family: Verdana; font-size: 13px; font-style: normal; font-variant: normal; font-weight: normal; text-decoration: none; vertical-align: baseline; background-color: transparent\">Gdy powiedzia\u0142em: trzeba poczeka\u0107, jak ta sytuacja si\u0119 rozwinie\u2026, nie pozwoli\u0142 mi doko\u0144czy\u0107. Sam spuentowa\u0142: <\/span><span style=\"color: #000000; font-family: Verdana; font-size: 13px; font-style: italic; font-variant: normal; font-weight: normal; text-decoration: none; vertical-align: baseline; background-color: transparent\">Och, wy Polacy, ja was nigdy nie zrozumiem.<\/span><\/p>\n<p dir=\"ltr\" style=\"line-height: 1.15; margin-top: 0pt; margin-bottom: 0pt\"><span style=\"color: #000000; font-family: Verdana; font-size: 13px; font-style: normal; font-variant: normal; font-weight: normal; text-decoration: none; vertical-align: baseline; background-color: transparent\">Daj Bo\u017ce, \u017ceby jak najszybciej m\u00f3g\u0142 zrozumie\u0107.<\/span><\/p>\n<p dir=\"ltr\" style=\"line-height: 1.15; margin-top: 0pt; margin-bottom: 0pt\"><span style=\"color: #000000; font-family: Verdana; font-size: 13px; font-style: normal; font-variant: normal; font-weight: normal; text-decoration: none; vertical-align: baseline; background-color: transparent\">Przed Sikorskim i Tuskiem przestrzega\u0142em ju\u017c w lutym, 2008 roku, kiedy obaj \u201cm\u0119\u017cowie\u201d stanu spotkali si\u0119 z Poloni\u0105 w Polonaise Terrace. Zapyta\u0142em wtedy Tuska, na jakiej podstawie odbiera Polakom prawo do referendum w sprawie traktatu lizbo\u0144skiego, a Sikorskiego zapyta\u0142em, czy prawd\u0105 jest, \u017ce skonstruowa\u0142 czarn\u0105 list\u0119 Polonus\u00f3w, z kt\u00f3rymi dyplomatom polskim, desygnowanym do pracy na plac\u00f3wkach zagranicznych nie wolno si\u0119 kontaktowa\u0107? <\/span><\/p>\n<p dir=\"ltr\" style=\"line-height: 1.15; margin-top: 0pt; margin-bottom: 0pt\"><span style=\"color: #000000; font-family: Verdana; font-size: 13px; font-style: normal; font-variant: normal; font-weight: normal; text-decoration: none; vertical-align: baseline; background-color: transparent\">Tusk wi\u0142 si\u0119 przez pi\u0119\u0107 minut, klucz\u0105c po r\u00f3\u017cnych tematach, w ko\u0144cu, widz\u0105\u0107 moj\u0105 zniecierpliwioni\u0105 min\u0119 skonkludowa\u0142, \u017ce \u201cPolacy nie lubi\u0105 uczestniczy\u0107 w referendach\u201d (&#8230;?). Sikorski w og\u00f3le nie odpowiedzia\u0142, natomiast po og\u0142oszeniu przez prowadz\u0105cego spotkanie, zgi\u0119tego w p\u00f3\u0142 przed swoimi szefami, \u00f3wczesnego konsula, Krzysztofa Kasprzyka odwr\u00f3ci\u0142 si\u0119 do mnie (siedzia\u0142em tu\u017c za nim) i wycedzi\u0142 przez ust maliny, \u017ce \u201cczytam z\u0142e gazety\u201d. Na co ja odpowiedzia\u0142em, \u017ce \u201cjak na dyplomat\u0119 odpowied\u017a pana jest kompletnie idiotyczna, szkoda, \u017ce nie odwa\u017cy\u0142 si\u0119 pan powiedzie\u0107 tego g\u0142o\u015bno\u201d.<\/span><\/p>\n<p dir=\"ltr\" style=\"line-height: 1.15; margin-top: 0pt; margin-bottom: 0pt\"><span style=\"color: #000000; font-family: Verdana; font-size: 13px; font-style: normal; font-variant: normal; font-weight: normal; text-decoration: none; vertical-align: baseline; background-color: transparent\">Co by\u0142o znamienne po tym spotkaniu? Ot\u00f3\u017c ani jedna polonijna gazeta nie zacytowa\u0142a moich pyta\u0144, ale zacytowa\u0142y wszystkie inne pytania; czy pan premier przyjedzie do Stan\u00f3w na obchody 25-lecia wolno\u015bci; czy pan premier przyjedzie na uroczysto\u015bci jubileuszowe parafii\u2026; jak pan premier ocenia rol\u0119 Polski w Europie? I tego typu bzdety. Natomiast \u00a0z transparent\u00f3w \u201cwitaj\u0105cych\u201d Tuska i Sikorskiego, trzymanych w r\u0119kach Polonus\u00f3w na zewn\u0105trz domu bankietowego najwa\u017cniejsze dla polonijnych gazet by\u0142y\u2026 b\u0142\u0119dy ortograficzne.<\/span><\/p>\n<p dir=\"ltr\" style=\"line-height: 1.15; margin-top: 0pt; margin-bottom: 0pt\"><span style=\"color: #000000; font-family: Verdana; font-size: 13px; font-style: normal; font-variant: normal; font-weight: normal; text-decoration: none; vertical-align: baseline; background-color: transparent\">Zaznacz\u0119, \u017ce obydwaj \u201cm\u0119zowie\u201d stanu wchodzili do Polonasie Terrace bocznym wej\u015bciem i tymi\u017c drzwiami opuszczali ten budynek. Spotkanie trwa\u0142o 45 minut, po czym dowiedzieli\u015bmy si\u0119 z gazet, \u017ce w konsulacie obaj panowie po\u015bwi\u0119cili ponad trzy i p\u00f3\u0142 godziny ans potkanie z nasyzmi starszymi w wierze \u201cbra\u0107mi\u201d, na kt\u00f3rym to spotkaniu zapad\u0142y wielce dla Polski niekorzystne obietnice. <\/span><\/p>\n<p dir=\"ltr\" style=\"line-height: 1.15; margin-top: 0pt; margin-bottom: 0pt\"><span style=\"color: #000000; font-family: Verdana; font-size: 13px; font-style: normal; font-variant: normal; font-weight: normal; text-decoration: none; vertical-align: baseline; background-color: transparent\">Czy\u017cby ju\u017c wtedy Sikorski z Tuskiem zacz\u0119li \u201crobi\u0107 lask\u0119\u201d&#8230;? I to \u201cbraciom\u201d?<\/span><\/p>\n<p dir=\"ltr\" style=\"line-height: 1.15; margin-top: 0pt; margin-bottom: 0pt\"><span style=\"color: #000000; font-family: Verdana; font-size: 13px; font-style: normal; font-variant: normal; font-weight: normal; text-decoration: none; vertical-align: baseline; background-color: transparent\">Podpad\u0142em niekt\u00f3rym Polonusom, podpad\u0142em Kasprzykowi, kt\u00f3ry od tamtego czasu wzi\u0105\u0142 sobie za honor \u201cuczy\u0107\u201d mnie polityki. Kiedy czytam dzisiaj maile tego \u201cpolityka-dyplomaty\u201d, wysy\u0142ane do mnie po moich artyku\u0142ach, to mnie po prostu ogarnia pusty \u015bmiech. Konsulat nadal jest miejscem spotka\u0144 towarzystw wzajemnej adoracji, ale pewnie i ta ekipa zostanie, razem z obecnym nie-rz\u0105dem wymieniona.<\/span><\/p>\n<p><span style=\"color: #000000; font-family: Verdana; font-size: 13px; font-style: normal; font-variant: normal; font-weight: normal; text-decoration: none; vertical-align: baseline; background-color: transparent\"><strong style=\"font-weight: normal\"><\/p>\n<p dir=\"ltr\" style=\"line-height: 1.15; margin-top: 0pt; margin-bottom: 0pt\" id=\"docs-internal-guid-dfc0ff4f-c8bf-9d3a-2889-10a1da23c90e\"><span style=\"color: #000000; font-family: Verdana; font-size: 13px; font-style: normal; font-variant: normal; font-weight: normal; text-decoration: none; vertical-align: baseline; background-color: transparent\">Tusk, Sikorski, Rostowski, Gra\u015b, Nowak, Szeinfeld, Pawlak (genera\u0142 z bo\u017cej lask, kt\u00f3ry wp\u0119dzi\u0142 Polsk\u0119 w niesamowite ceny za ruski gaz, a \u201cznajomej\u201d sp\u00f3\u0142ce umorzy\u0142 p\u00f3\u0142 miliarda), Pitera i ca\u0142a ta banda &#8211; won! Beszczelno\u015b\u0107 tych ludzi jest niebotyczna. Kiedy s\u0142ysz\u0119 Piter\u0119 m\u00f3wi\u0105c\u0105, obra\u017aliwie o \u015bp. Prof. Relidze, albo Szeinfelda, \u017ce nie ma takiego narodu na \u015bwiecie, kt\u00f3ry tak \u00a0\u0142atwo wyciaga\u0142by tak negatywne wnioski, to ogarnia mnie przera\u017cenie. Kulczyk, najlepiej, niech nie zabiera w og\u00f3le g\u0142osu, bo do niego kieruj\u0119 podstawowe pytanie: gdzie pan si\u0119 rozlicza, gdzie s\u0105 pieni\u0105dze, kt\u00f3re zarabia pan w Polsce? <\/span><\/p>\n<p dir=\"ltr\" style=\"line-height: 1.15; margin-top: 0pt; margin-bottom: 0pt\"><span style=\"color: #000000; font-family: Verdana; font-size: 13px; font-style: normal; font-variant: normal; font-weight: normal; text-decoration: none; vertical-align: baseline; background-color: transparent\">Najlepsz\u0105 opini\u0119 o obecnej sytuacji w Polsce wypowiedzia\u0142 pewien Polak, z \u00a0kt\u00f3rym w kolejce do kasy wymienia\u0142em zdania na temat tytu\u0142\u00f3w z Super Expressu: Polacy maj\u0105, czego chcieli, bo albo nie id\u0105 do g\u0142osowania, albo g\u0142osuj\u0105 na t\u0119 band\u0119. <\/span><span style=\"color: #000000; font-family: Verdana; font-size: 13px; font-style: normal; font-variant: normal; font-weight: normal; text-decoration: none; vertical-align: baseline; background-color: transparent\">Nic uj\u0105\u0107, nic doda\u0107. Pisa\u0142em o tym wiele razy.<\/span><\/p>\n<p dir=\"ltr\" style=\"line-height: 1.15; margin-top: 0pt; margin-bottom: 0pt\"><span style=\"color: #000000; font-family: Verdana; font-size: 13px; font-style: normal; font-variant: normal; font-weight: normal; text-decoration: none; vertical-align: baseline; background-color: transparent\">Pytam mojego koleg\u0119, kt\u00f3ry przylecia\u0142 tu na dziesi\u0119\u0107 dni, co s\u0105dzi o aferze ta\u015bmowej? A on m\u00f3wi dok\u0142adnie to, co m\u00f3wi\u0142 Tusk: \u201cStary, no i co si\u0119 sta\u0142o? Faceci sobie pogadali przy piwie i wielka afera\u2026\u201d<\/span><\/p>\n<p dir=\"ltr\" style=\"line-height: 1.15; margin-top: 0pt; margin-bottom: 0pt\"><span style=\"color: #000000; font-family: Verdana; font-size: 13px; font-style: normal; font-variant: normal; font-weight: normal; text-decoration: none; vertical-align: baseline; background-color: transparent\">R\u0119ce opadaj\u0105. Pytam, czy ogl\u0105da Telewizj\u0119 Republika. Odpowied\u017a: &#8211; A po co?<\/span><\/p>\n<p dir=\"ltr\" style=\"line-height: 1.15; margin-top: 0pt; margin-bottom: 0pt\"><span style=\"color: #000000; font-family: Verdana; font-size: 13px; font-style: normal; font-variant: normal; font-weight: normal; text-decoration: none; vertical-align: baseline; background-color: transparent\">Czy czyta Gazet\u0119 Polsk\u0105? &#8211; A po choler\u0119? A mo\u017ce Gazet\u0119 Warszawsk\u0105, mo\u017ce W Sieci, mo\u017ce Wprost? &#8211; Po co?<\/span><\/p>\n<p dir=\"ltr\" style=\"line-height: 1.15; margin-top: 0pt; margin-bottom: 0pt\"><span style=\"color: #000000; font-family: Verdana; font-size: 13px; font-style: normal; font-variant: normal; font-weight: normal; text-decoration: none; vertical-align: baseline; background-color: transparent\">A Wyborcz\u0105 czytasz? &#8211; Czasami.<\/span><\/p>\n<p dir=\"ltr\" style=\"line-height: 1.15; margin-top: 0pt; margin-bottom: 0pt\"><span style=\"color: #000000; font-family: Verdana; font-size: 13px; font-style: normal; font-variant: normal; font-weight: normal; text-decoration: none; vertical-align: baseline; background-color: transparent\">No, to \u017cycz\u0119 dobrego samopoczucia.<\/span><\/p>\n<p dir=\"ltr\" style=\"line-height: 1.15; margin-top: 0pt; margin-bottom: 0pt\"><span style=\"color: #000000; font-family: Verdana; font-size: 13px; font-style: normal; font-variant: normal; font-weight: normal; text-decoration: none; vertical-align: baseline; background-color: transparent\">Kiedy\u015b wystarczy\u0142o, \u017ce niemiecki brukowiec nazwa\u0142 \u015bp. Prezydenta kaczy\u0144skiego \u201ckartoflem\u201d &#8211; \u015bmia\u0142a si\u0119 ca\u0142a Polska, k\u0142api\u0105c na lewo i prawo: <\/span><span style=\"color: #000000; font-family: Verdana; font-size: 13px; font-style: italic; font-variant: normal; font-weight: normal; text-decoration: none; vertical-align: baseline; background-color: transparent\">jaki wstyd, taki prezydent\u2026. itd. itp.<\/span><\/p>\n<p dir=\"ltr\" style=\"line-height: 1.15; margin-top: 0pt; margin-bottom: 0pt\"><span style=\"color: #000000; font-family: Verdana; font-size: 13px; font-style: normal; font-variant: normal; font-weight: normal; text-decoration: none; vertical-align: baseline; background-color: transparent\">Dzisiaj jest naprawd\u0119 \u201ckupa wstydu\u201d, a jednak ci\u0105gle znajduj\u0105 si\u0119 ludzie, kt\u00f3rzy uwa\u017caj\u0105 , \u017ce \u00a0\u201cPolacy, nic si\u0119 nie sta\u0142o\u201d.<\/span><\/p>\n<p dir=\"ltr\" style=\"line-height: 1.15; margin-top: 0pt; margin-bottom: 0pt\">I dalej najwa\u017cniejszym problemem jest &#8222;kto nagra\u0142&#8221;. Ale to\u00a0ostatnie podrygi, bo spo\u0142ecze\u0144stwo ju\u017c tego nie kupi. Wierz\u0119, \u017ce nie kupi&#8230; Okay, chc\u0119 wierzy, \u017ce nie kupi.<\/p>\n<p><\/strong><\/p>\n<p dir=\"ltr\" style=\"line-height: 1.15; margin-top: 0pt; margin-bottom: 0pt\">&nbsp;<\/p>\n<p><\/span><\/p>\n<p dir=\"ltr\" style=\"line-height: 1.15; margin-top: 0pt; margin-bottom: 0pt\">&nbsp;<\/p>\n<p><\/strong><\/p>\n","protected":false},"excerpt":{"rendered":"<p>Zapo\u017cyczy\u0142em ten tytu\u0142 od mojego przyjaciela, z kt\u00f3rym mia\u0142em bardzo wczesno-porann\u0105 rozmow\u0119 w Adam\u2019s Deli, na Greenpoincie. Potem kupi\u0142em Wprost i pojecha\u0142em do mojej szko\u0142y. Gdy wychodzi\u0142em z samochodu \u201cwpad\u0142\u201d na mnie m\u00f3j ameryka\u0144ski przyjaciel, pochodzenia niemieckiego.<\/p>\n","protected":false},"author":2,"featured_media":0,"comment_status":"open","ping_status":"open","sticky":false,"template":"","format":"standard","meta":[],"categories":[4],"tags":[],"_links":{"self":[{"href":"https:\/\/sporek.com\/blog\/index.php?rest_route=\/wp\/v2\/posts\/451"}],"collection":[{"href":"https:\/\/sporek.com\/blog\/index.php?rest_route=\/wp\/v2\/posts"}],"about":[{"href":"https:\/\/sporek.com\/blog\/index.php?rest_route=\/wp\/v2\/types\/post"}],"author":[{"embeddable":true,"href":"https:\/\/sporek.com\/blog\/index.php?rest_route=\/wp\/v2\/users\/2"}],"replies":[{"embeddable":true,"href":"https:\/\/sporek.com\/blog\/index.php?rest_route=%2Fwp%2Fv2%2Fcomments&post=451"}],"version-history":[{"count":0,"href":"https:\/\/sporek.com\/blog\/index.php?rest_route=\/wp\/v2\/posts\/451\/revisions"}],"wp:attachment":[{"href":"https:\/\/sporek.com\/blog\/index.php?rest_route=%2Fwp%2Fv2%2Fmedia&parent=451"}],"wp:term":[{"taxonomy":"category","embeddable":true,"href":"https:\/\/sporek.com\/blog\/index.php?rest_route=%2Fwp%2Fv2%2Fcategories&post=451"},{"taxonomy":"post_tag","embeddable":true,"href":"https:\/\/sporek.com\/blog\/index.php?rest_route=%2Fwp%2Fv2%2Ftags&post=451"}],"curies":[{"name":"wp","href":"https:\/\/api.w.org\/{rel}","templated":true}]}}