{"id":452,"date":"2014-08-18T20:06:04","date_gmt":"2014-08-19T00:06:04","guid":{"rendered":"http:\/\/sporek.com\/blog\/?p=452"},"modified":"2014-08-18T20:09:07","modified_gmt":"2014-08-19T00:09:07","slug":"kto-podsluchiwal","status":"publish","type":"post","link":"https:\/\/sporek.com\/blog\/?p=452","title":{"rendered":"Kto pods\u0142uchiwa\u0142?"},"content":{"rendered":"<p><span style=\"color: #000000; font-family: Verdana; font-size: 13px; font-style: normal; font-variant: normal; font-weight: normal; text-decoration: none; vertical-align: baseline; background-color: transparent\">Tusk, Komorowski i oczywi\u015bcie \u201cpods\u0142uchani\u201d bardzo chc\u0105, \u017ceby najpierw znale\u017a\u0107 tych, kt\u00f3rzy za\u0142o\u017cyli pods\u0142uchy, a potem si\u0119 do tego ustosunkowa\u0107. <!--more-->To pods\u0142uchuj\u0105cy s\u0105 przest\u0119pcami, nie np. Sikorski z \u201clask\u0105\u201d, kt\u00f3r\u0105 polski rz\u0105d zrobi\u0142 Ameryce, z ujawnionymi tajemnicami pa\u0144stwowymi. Nie, on jest \u015bwi\u0119ty. Komorowski, z nieprzymuszonej woli do\u0142\u0105czy\u0142 do \u201cklubu\u201d rz\u0105dowych wulgar\u00f3w, cho\u0107by przez samo zaakceptowanie ich stanowisk, jako nie podlegaj\u0105cych dymisji. I niech sobie opowiada bzdury, \u017ce Mazowiecki nigdy nie u\u017cy\u0142by takiego j\u0119zyka. Jako prezydent nie zaproponowa\u0142 dymisji. I jest takim samym oszo\u0142omem, jak nagrywani ministrowie i kryj\u0105cy ich Tusk. Zreszt\u0105 on od 20 czerwca, 2010, a w\u0142a\u015bciwie od 10 kwietnia, kiedy bezprawnie wtargn\u0105\u0142 do pa\u0142acu prezydenckiego, nie jest moim prezydentem.<\/span><\/p>\n<p><strong style=\"font-weight: normal\"><\/p>\n<p dir=\"ltr\" style=\"line-height: 1.15; margin-top: 0pt; margin-bottom: 0pt\"><span style=\"color: #000000; font-family: Verdana; font-size: 13px; font-style: normal; font-variant: normal; font-weight: normal; text-decoration: none; vertical-align: baseline; background-color: transparent\">Za\u0142\u00f3\u017cmy jednak, \u017ce w\u0142adza ostatecznie dowiaduje si\u0119, kto dokona\u0142 nagra\u0144. I co dalej?<\/span><\/p>\n<p dir=\"ltr\" style=\"line-height: 1.15; margin-top: 0pt; margin-bottom: 0pt\"><span style=\"color: #000000; font-family: Verdana; font-size: 13px; font-style: normal; font-variant: normal; font-weight: normal; text-decoration: none; vertical-align: baseline; background-color: transparent\">To akurat nietrudno przewidzie\u0107: autor nagra\u0144 wpada w nieprawdopodobne tarapaty, &#8211; d\u0142ugotrwa\u0142e \u015bledztwo, areszt, n\u0119kanie wszystkim, czym tylko si\u0119 da. Opinia publiczna dostaje nowego anty-bohatera, media rz\u0105dowe staj\u0105 na g\u0142owie w wyszukiwaniu epitet\u00f3w zdolnych okre\u015bli\u0107 tragizm najnowszej historii Polski, typu, <\/span><span style=\"color: #000000; font-family: Verdana; font-size: 13px; font-style: italic; font-variant: normal; font-weight: normal; text-decoration: none; vertical-align: baseline; background-color: transparent\">\u201cco by si\u0119 sta\u0142o, gdyby \u201cpods\u0142uchacza\u201d nie z\u0142apano\u201d<\/span><span style=\"color: #000000; font-family: Verdana; font-size: 13px; font-style: normal; font-variant: normal; font-weight: normal; text-decoration: none; vertical-align: baseline; background-color: transparent\">. W tym czasie \u201cw\u0142adza\u201d karmi\u0107 b\u0119dzie spo\u0142ecze\u0144stwo okropnymi historiami o gro\u017c\u0105cym Polsce niebezpiecze\u0144stwie, o szlachetno\u015bci pobudek wszystkich pods\u0142uchanych, troszcz\u0105cych si\u0119 o Polsk\u0119; o mi\u0142o\u015bci Radka do USA i jego niezwykle wysokich komptetencji do spraw zagranicznych; o wspania\u0142o\u015bci prezesa banku centralnego, co to nadrukowa\u0142 pieni\u0119dzy <\/span><span style=\"color: #000000; font-family: Verdana; font-size: 13px; font-style: italic; font-variant: normal; font-weight: normal; text-decoration: none; vertical-align: baseline; background-color: transparent\">skolko ugodno <\/span><span style=\"color: #000000; font-family: Verdana; font-size: 13px; font-style: normal; font-variant: normal; font-weight: normal; text-decoration: none; vertical-align: baseline; background-color: transparent\">i w og\u00f3le jest najwi\u0119kszym \u201ctroszczycielem\u201d o losy Ojczyzny, o ogromnym szacunku poza granicami Polski. B\u0119dziemy si\u0119 dowiadywa\u0107 o wspania\u0142ych cechach charakteru tych wszystkich przeklinaj\u0105cych, jak pijany szewc, padalc\u00f3w z g\u0142\u00f3wnych gabinet\u00f3w. (przepraszam szewc\u00f3w). Padalc\u00f3w cynicznie rozprawiaj\u0105cych o grabieniu kraju, popijaj\u0105c najdro\u017csze wino, kt\u00f3rego nie ma na rachunku, bo by\u0107 nie mo\u017ce, &#8211; wi\u0119c nawet w tym k\u0142ami\u0105, jak z nut. Dlaczego? Bo tak\u0105 maj\u0105 natur\u0119, bo s\u0105 szubrawcami, dla kt\u00f3rych Polska ju\u017c dawno przesta\u0142a by\u0107 Polsk\u0105, T\u0104 POLSK\u0104.<\/span><\/p>\n<p dir=\"ltr\" style=\"line-height: 1.15; margin-top: 0pt; margin-bottom: 0pt\"><span style=\"color: #000000; font-family: Verdana; font-size: 13px; font-style: normal; font-variant: normal; font-weight: normal; text-decoration: none; vertical-align: baseline; background-color: transparent\">I, jak zwykle spora cz\u0119\u015b\u0107 \u201cm\u0105drego\u201d spo\u0142ecze\u0144stwa uwierzy w te brednie i zamknie si\u0119 ko\u0142o k\u0142amstw, afer, przest\u0119pstw, zdrad. I najwi\u0119ksza afera \u201cwolnej\u201d Polski zniknie pod ministerialnymi dywanami, bo rozgrzebuje j\u0105 \u201cprzekl\u0119ty\u201d PiS, a przecie\u017c spo\u0142ecze\u0144stwo boi si\u0119 PiSu. Boi si\u0119, jakby ca\u0142e by\u0142o jedn\u0105, wielk\u0105 band\u0105 z\u0142odziei, oszust\u00f3w, malwersant\u00f3w, boj\u0105cych si\u0119, \u017ce o sz\u00f3stej rano\u2026<\/span><\/p>\n<p dir=\"ltr\" style=\"line-height: 1.15; margin-top: 0pt; margin-bottom: 0pt\"><span style=\"color: #000000; font-family: Verdana; font-size: 13px; font-style: normal; font-variant: normal; font-weight: normal; text-decoration: none; vertical-align: baseline; background-color: transparent\">Ludzie, co si\u0119 z wami sta\u0142o? Jak trzeba t\u0119 Polsk\u0119 zrani\u0107, \u017ceby\u015bcie zobaczyli, \u017ce rude, bure i inne, kolorowe nigdy nie powinno rz\u0105dzi\u0107?<\/span><\/p>\n<p><strong style=\"font-weight: normal\"><\/p>\n<p dir=\"ltr\" style=\"line-height: 1.15; margin-top: 0pt; margin-bottom: 0pt\" id=\"docs-internal-guid-1dbc0288-eb91-a19f-f7b9-0d7c7770602a\"><span style=\"color: #000000; font-family: Verdana; font-size: 13px; font-style: normal; font-variant: normal; font-weight: normal; text-decoration: none; vertical-align: baseline; background-color: transparent\">Ale jest \u015bwiate\u0142ko w tunelu. Ot\u00f3\u017c podczas mojego pobytu w Polsce, w lipcu, opowiedziano mi taki dowcip: M\u0105\u017c przychodzi do domu, a \u017cona od razu z grubej ru\u0142y: rozwodz\u0119 si\u0119<\/span><\/p>\n<p dir=\"ltr\" style=\"line-height: 1.15; margin-top: 0pt; margin-bottom: 0pt\"><span style=\"color: #000000; font-family: Verdana; font-size: 13px; font-style: normal; font-variant: normal; font-weight: normal; text-decoration: none; vertical-align: baseline; background-color: transparent\">-Kochanie, dlaczego?<\/span><\/p>\n<p dir=\"ltr\" style=\"line-height: 1.15; margin-top: 0pt; margin-bottom: 0pt\"><span style=\"color: #000000; font-family: Verdana; font-size: 13px; font-style: normal; font-variant: normal; font-weight: normal; text-decoration: none; vertical-align: baseline; background-color: transparent\">-Jeszcze si\u0119 pytasz? Zobacz sobie te zdj\u0119cia; Ty i twoja kochanka.<\/span><\/p>\n<p dir=\"ltr\" style=\"line-height: 1.15; margin-top: 0pt; margin-bottom: 0pt\"><span style=\"color: #000000; font-family: Verdana; font-size: 13px; font-style: normal; font-variant: normal; font-weight: normal; text-decoration: none; vertical-align: baseline; background-color: transparent\">-Skarbie nie r\u00f3b pochopnych krok\u00f3w, musimy si\u0119 najpierw dowiedzie\u0107, kto nas chce por\u00f3\u017cni\u0107.<\/span><\/p>\n<p dir=\"ltr\" style=\"line-height: 1.15; margin-top: 0pt; margin-bottom: 0pt\"><span style=\"color: #000000; font-family: Verdana; font-size: 13px; font-style: normal; font-variant: normal; font-weight: normal; text-decoration: none; vertical-align: baseline; background-color: transparent\">Pocieszeniem jest te\u017c fakt, \u017ce powiedzia\u0142 mi to notoryczny\u00a0<span style=\"color: #000000; font-family: Verdana; font-size: 13px; font-style: normal; font-variant: normal; font-weight: normal; text-decoration: none; vertical-align: baseline; background-color: transparent\" id=\"docs-internal-guid-1dbc0288-eb94-759b-5d07-b24f2ec3da75\"> &#8222;ry\u017cego<\/span>&#8222;. Ale sam stwierdzi\u0142, \u017ce rudy to jednak nie kolor, &#8211; to charakter.<\/span><\/p>\n<p><\/strong><\/strong><strong style=\"font-weight: normal\"> <\/strong><\/p>\n","protected":false},"excerpt":{"rendered":"<p>Tusk, Komorowski i oczywi\u015bcie \u201cpods\u0142uchani\u201d bardzo chc\u0105, \u017ceby najpierw znale\u017a\u0107 tych, kt\u00f3rzy za\u0142o\u017cyli pods\u0142uchy, a potem si\u0119 do tego ustosunkowa\u0107.<\/p>\n","protected":false},"author":2,"featured_media":0,"comment_status":"open","ping_status":"open","sticky":false,"template":"","format":"standard","meta":[],"categories":[4],"tags":[],"_links":{"self":[{"href":"https:\/\/sporek.com\/blog\/index.php?rest_route=\/wp\/v2\/posts\/452"}],"collection":[{"href":"https:\/\/sporek.com\/blog\/index.php?rest_route=\/wp\/v2\/posts"}],"about":[{"href":"https:\/\/sporek.com\/blog\/index.php?rest_route=\/wp\/v2\/types\/post"}],"author":[{"embeddable":true,"href":"https:\/\/sporek.com\/blog\/index.php?rest_route=\/wp\/v2\/users\/2"}],"replies":[{"embeddable":true,"href":"https:\/\/sporek.com\/blog\/index.php?rest_route=%2Fwp%2Fv2%2Fcomments&post=452"}],"version-history":[{"count":0,"href":"https:\/\/sporek.com\/blog\/index.php?rest_route=\/wp\/v2\/posts\/452\/revisions"}],"wp:attachment":[{"href":"https:\/\/sporek.com\/blog\/index.php?rest_route=%2Fwp%2Fv2%2Fmedia&parent=452"}],"wp:term":[{"taxonomy":"category","embeddable":true,"href":"https:\/\/sporek.com\/blog\/index.php?rest_route=%2Fwp%2Fv2%2Fcategories&post=452"},{"taxonomy":"post_tag","embeddable":true,"href":"https:\/\/sporek.com\/blog\/index.php?rest_route=%2Fwp%2Fv2%2Ftags&post=452"}],"curies":[{"name":"wp","href":"https:\/\/api.w.org\/{rel}","templated":true}]}}