{"id":453,"date":"2014-08-18T23:13:44","date_gmt":"2014-08-19T03:13:44","guid":{"rendered":"http:\/\/sporek.com\/blog\/?p=453"},"modified":"2014-08-26T22:23:04","modified_gmt":"2014-08-27T02:23:04","slug":"usa-nagonka-na-polske","status":"publish","type":"post","link":"https:\/\/sporek.com\/blog\/?p=453","title":{"rendered":"USA-nagonka na Polsk\u0119&#8230;"},"content":{"rendered":"<p><span style=\"color: #000000; font-family: Verdana; font-size: 13px; font-style: normal; font-variant: normal; font-weight: normal; text-decoration: none; vertical-align: baseline; background-color: transparent\">Jeszcze nie rozwin\u0119\u0142a si\u0119 akcja protestacyjna przeciwko The Daily Beast, kt\u00f3re oczerni\u0142o Polsk\u0119 o wydanie Hitlerowi zgody na zabijanie \u017cyd\u00f3w, budow\u0119 oboz\u00f3w koncentracyjnych, na podstawie czego nawet Departament Edukacji w New Jersey wystosowa\u0142 te same teorie, a ju\u017c pojawi\u0142a si\u0119 kolejna akcja i otrzymali\u015bmy kolejny policzek. <!--more--><\/span><\/p>\n<p><font size=\"3\" face=\"Calibri\"><\/p>\n<p style=\"margin: 0in 0in 10pt\">Odno\u015bnie tej kwestii, prosz\u0119 dzwoni\u0107 pod numer: 212-314-7300, poprosi\u0107 o po\u0142\u0105czenie z Ms. Jane Frye (fraj) i powiedzie\u0107 jej, co nast\u0119puje:<font face=\"Times New Roman\">\u00a0\u00a0<\/font><span style=\"line-height: 115%; font-family: 'Verdana','sans-serif'; font-size: 10pt\">\u00a0<strong>I strongly demand that the Daily Beast when referring to Poland during WWII (War World Second) should clearly inform that Poland was occupied by German, especially when referring to crimes and atrocities committed by German Nazi occupiers. I think, that the Daily Beast MUST be confronted whith their bigotry, lack of professionalism, lack of credibility, incompetence, lack of empathy for victims of Nazi German brutality.<\/strong><\/span><\/p>\n<p style=\"margin: 0in 0in 10pt\"><span style=\"line-height: 115%; font-family: 'Verdana','sans-serif'; font-size: 10pt\" lang=\"PL\">Je\u015bli nie odbierze, to prosz\u0119 zostawi\u0107 t\u0119 wiadomo\u015b\u0107 na sekretarce. <\/span><font face=\"Times New Roman\"><br \/>\n<\/font><\/p>\n<p><\/font><\/p>\n<p style=\"margin: 0in 0in 10pt\"><font size=\"3\" face=\"Times New Roman\">A teraz druga sprawa. Oto <\/font>Smithsonian Channel wyemitowa\u0142 i to dziesi\u0119ciokrotnie, dzie\u0144, po dniu od niedzieli, 10 sierpnia, do niedzieli 17 sierpnia dwa razy dziennie film pt: &#8222;\u015amier\u0107 Prezydenta&#8221;. Oczywi\u015bcie ten sam, kt\u00f3ry niedawno wypu\u015bci\u0142 National Geographic. Wy\u0142\u0105cznie teorie Millera, Laska i innych &#8222;naukowc\u00f3w&#8221; z Tuskowej ekipy m\u0119drc\u00f3w. Zastanawiam si\u0119, kto mia\u0142 tyle forsy, zeby za to zap\u0142aci\u0107; najlepsze godziny ogl\u0105dalno\u015bci. Przecie\u017c to musia\u0142o kosztowa\u0107 miliony dolar\u00f3w. Nie mog\u0119 si\u0119 oprze\u0107 wra\u017ceniu, \u017ce my jednak ani tu, ani, jak to wida\u0107 w Europie nie znaczymy nic. Gdzie s\u0105 nasi liderzy, \u017ceby reagowa\u0107? To przecie\u017c przede wszystkim oni powinni walczy\u0107 o nasze dobre imi\u0119. Ale, jak mamy si\u0119 spodziewa\u0107 ich reakcji, skoro jedynie wypinaj\u0105 piersi do medali, czy na to zas\u0142uguj\u0105, czy nie. A konsulat &#8222;dzieli i rz\u0105dzi&#8221; medalami, jak straganiarz koralikami na straganie prze Pi\u0105tej Alei. Czy kto\u015b ma zas\u0142ugi dla kultury, na przyk\u0142ad, czy nie:konsulat daje medale; nie sprawdza medalist\u00f3w. I potem siedz\u0105 te nasze &#8222;szychy&#8221;, cichusie\u0144ko, jak mysz pod miot\u0142\u0105. Poklepali ich politycy po pleckach, zrobili sobie zdj\u0119\u0107ko, wyszczerzyli z\u0105bki, powiesili za biurkiem, na \u015bcianie i szpanuj\u0105. Tyle mamy z tych lider\u00f3w. Dziesi\u0119\u0107 razy Amerykanie od Nowego Jorku, po Los Angeles karmieni byli w jednym tygodniu stekiem k\u0142amstw i bzdur wygadywanych przez Millera, Laska i innych. Do tego aktorzy, kt\u00f3rzy graj\u0105, jakby mieli dosta\u0107 Oskara. Ludzie, my nie mo\u017cemy tego darowa\u0107! Nie s\u0105dz\u0119, aby\u015bmy mogli liczy\u0107 na lider\u00f3w; s\u0105, ale ich nie ma. Wybieram si\u0119 osobi\u015bcie do stacji Smithsonian, na Manhattan i z\u0142o\u017c\u0119 pisemny protest i wr\u0119cz\u0119 im &#8222;Anatomi\u0119 Upadku&#8221;, Anity Gargas z angielskimi napisami. Jak ju\u017c wszyscy wr\u00f3c\u0105 z wakacji, to zrobimy du\u017c\u0105 demonstracj\u0119 pod ich stacj\u0105. Pytanie, czy i w jakiej \u00a0liczbie mo\u017cemy si\u0119 stawi\u0107 na takiej demonstracji. Obserwujcie gazety, s\u0142uchajcie radia &#8211; b\u0119d\u0105 komunikaty. Nie chc\u0119 wyci\u0105ga\u0107 pochopnych wniosk\u00f3w, ale takie \u00a0dzia\u0142ania w zestawieniu z deklaracjami Obamy, wyg\u0142oszonymi w Warszawie, sprawia wra\u017cenie obrzydliwej hipokryzji&#8230;<\/p>\n<p><strong style=\"font-weight: normal\"> <\/strong><\/p>\n<p dir=\"ltr\" style=\"line-height: 1.15; margin-top: 0pt; margin-bottom: 0pt\" id=\"docs-internal-guid-b79cab55-ec40-38b5-1d91-47d43f0f6ff4\">&nbsp;<\/p>\n","protected":false},"excerpt":{"rendered":"<p>Jeszcze nie rozwin\u0119\u0142a si\u0119 akcja protestacyjna przeciwko The Daily Beast, kt\u00f3re oczerni\u0142o Polsk\u0119 o wydanie Hitlerowi zgody na zabijanie \u017cyd\u00f3w, budow\u0119 oboz\u00f3w koncentracyjnych, na podstawie czego nawet Departament Edukacji w New Jersey wystosowa\u0142 te same teorie, a ju\u017c pojawi\u0142a si\u0119 kolejna akcja i otrzymali\u015bmy kolejny policzek.<\/p>\n","protected":false},"author":2,"featured_media":0,"comment_status":"open","ping_status":"open","sticky":false,"template":"","format":"standard","meta":[],"categories":[4],"tags":[],"_links":{"self":[{"href":"https:\/\/sporek.com\/blog\/index.php?rest_route=\/wp\/v2\/posts\/453"}],"collection":[{"href":"https:\/\/sporek.com\/blog\/index.php?rest_route=\/wp\/v2\/posts"}],"about":[{"href":"https:\/\/sporek.com\/blog\/index.php?rest_route=\/wp\/v2\/types\/post"}],"author":[{"embeddable":true,"href":"https:\/\/sporek.com\/blog\/index.php?rest_route=\/wp\/v2\/users\/2"}],"replies":[{"embeddable":true,"href":"https:\/\/sporek.com\/blog\/index.php?rest_route=%2Fwp%2Fv2%2Fcomments&post=453"}],"version-history":[{"count":0,"href":"https:\/\/sporek.com\/blog\/index.php?rest_route=\/wp\/v2\/posts\/453\/revisions"}],"wp:attachment":[{"href":"https:\/\/sporek.com\/blog\/index.php?rest_route=%2Fwp%2Fv2%2Fmedia&parent=453"}],"wp:term":[{"taxonomy":"category","embeddable":true,"href":"https:\/\/sporek.com\/blog\/index.php?rest_route=%2Fwp%2Fv2%2Fcategories&post=453"},{"taxonomy":"post_tag","embeddable":true,"href":"https:\/\/sporek.com\/blog\/index.php?rest_route=%2Fwp%2Fv2%2Ftags&post=453"}],"curies":[{"name":"wp","href":"https:\/\/api.w.org\/{rel}","templated":true}]}}