{"id":454,"date":"2014-08-28T14:57:40","date_gmt":"2014-08-28T18:57:40","guid":{"rendered":"http:\/\/sporek.com\/blog\/?p=454"},"modified":"2014-08-28T15:03:09","modified_gmt":"2014-08-28T19:03:09","slug":"po-co-to-pisanie","status":"publish","type":"post","link":"https:\/\/sporek.com\/blog\/?p=454","title":{"rendered":"Po co to pisanie&#8230;?"},"content":{"rendered":"<p><span style=\"color: #000000; font-family: Verdana; font-size: 13px; font-style: normal; font-variant: normal; font-weight: normal; text-decoration: none; vertical-align: baseline; background-color: transparent\">Pisz\u0105 dziennikarze, pisz\u0105 blogerzy. M\u00f3j blog zawiera dok\u0142adnie 453 artyku\u0142y, to jest niez\u0142ych rozmiar\u00f3w ksi\u0105\u017cka (ten b\u0119dzie 454-ty). Od marca, 2007 wesz\u0142o tu prawie p\u00f3\u0142 miliona ludzi. <!--more-->Nawo\u0142ujemy spo\u0142ecze\u0144stwo do otwarcia oczu, do reflekcji, do czytania i ogl\u0105dania innych, ni\u017c rz\u0105dowe media. A jakie s\u0105 tego efekty? W\u0142a\u015bciwie chyba \u017cadne. Ci, kt\u00f3rzy chc\u0105 czyta\u0107, bo interesuje ich sytuacja Polski, &#8211; czytaj\u0105. Ci, kt\u00f3rzy nie wierz\u0105 w zmiany, &#8211; nie czytaj\u0105. Zwolennicy sfer rz\u0105dowych te\u017c nie czytaj\u0105. Czyli, bijemy pian\u0119 po prawej stronie, nakr\u0119camy si\u0119 coraz bardziej, a tymczasem \u015bwiadomo\u015b\u0107 spo\u0142ecze\u0144stwa spada po r\u00f3wni pochy\u0142ej. Co za\u015b gorsze, to fakt, \u017ce g\u0142upota, naiwno\u015b\u0107 i wr\u0119cz ciemnota ro\u015bn\u0105 i to w przera\u017caj\u0105cy spos\u00f3b. Przed chwil\u0105 rozmawia\u0142em na skypie z moim licealnym koleg\u0105, kt\u00f3ry od zawsze wspiera Platform\u0119. Nie kontaktowa\u0142em si\u0119 z nim chyba od dw\u00f3ch lat, po tym,<\/span><\/p>\n<p><strong style=\"font-weight: normal\"><\/p>\n<p dir=\"ltr\" style=\"line-height: 1.15; margin-top: 0pt; margin-bottom: 0pt\"><span style=\"color: #000000; font-family: Verdana; font-size: 13px; font-style: normal; font-variant: normal; font-weight: normal; text-decoration: none; vertical-align: baseline; background-color: transparent\">kiedy po rozmowie z nim ci\u015bnienie podskoczy\u0142o mi do niebezpiecznego poziomu. Teraz zadzwoni\u0142em, bo by\u0142em ciekaw, czy co\u015b si\u0119 w jego \u015bwiadomo\u015bci zmieni\u0142o. I dobrze, \u017ce skype, to takie ustrojstwo, kt\u00f3re mo\u017cna jednym klikni\u0119ciem zamkn\u0105\u0107. Musia\u0142em si\u0119 roz\u0142\u0105czy\u0107 w trosce o w\u0142asne zdrowie. Nie mog\u0142em uwierzy\u0107; on argumentowa\u0142 wsparcie dla Tuska tym, \u017ce w\u0142a\u015bnie od wczoraj (27 sierpnia) Tusk jest &#8222;powa\u017cnym&#8221; kandydatem do w\u0142adczego stanowiska w Brukselii. Nie przyj\u0105\u0142 argumentu, \u017ce gdyby rzeczywi\u015bcie do tego dosz\u0142o, to by\u0142aby to ucieczka przed konsekwencjami, jakie czekaj\u0105 go za jego rz\u0105dy, za krzywdy, k\u0142amstwa,<\/span><\/p>\n<p dir=\"ltr\" style=\"line-height: 1.15; margin-top: 0pt; margin-bottom: 0pt\"><span style=\"color: #000000; font-family: Verdana; font-size: 13px; font-style: normal; font-variant: normal; font-weight: normal; text-decoration: none; vertical-align: baseline; background-color: transparent\">afery itp. Ucieczka, bo Bruksela da\u0142aby mu kolejne pi\u0119\u0107 lat immunitetu. Niewa\u017cne, \u017ce jeszcze niedawno zarzeka\u0142 si\u0119, \u017ce jego miejsce jest w Polsce. Tusk oleje Polsk\u0119, Platform\u0119, kumpli, przyjaci\u00f3\u0142, bo strasznie pali mu si\u0119 pod nogami i on o tym wie. I wie, \u017ce spo\u0142ecze\u0144stwo ju\u017c go nie chce. A \u017ce zrobi\u0142 sporo dla swoich &#8222;chlebodawc\u00f3w&#8221; w Europie, wie, \u017ce teraz mu si\u0119 odwdzi\u0119cz\u0105. Dla mojego kolegi proponowanie Tuska do Brukselii jest objawem ogromnego uznania dla naszego &#8222;wodza&#8221; ze strony wybitnych osobisto\u015bci europejskich. R\u0119ce i gacie opadaj\u0105. Wy\u0142\u0105czy\u0142em skypa. Szkoda czasu, energii, zdrowia przede wszystkim. Ale kolega powiedzia\u0142 jedno zdanie, kt\u00f3re mnie bardzo ucieszy\u0142o. Powiedzia\u0142 mianowicie: &#8222;wypisujesz g\u0142upoty na tym swoim blogu&#8221;. Pozornie jest to krytyka, ale wa\u017cniejszy, ni\u017c jego opinia o moim pisaniu jest fakt, \u017ce czyta. Pewnego dnia sprawiedliwo\u015b\u0107 dziejowa zawi\u015bnie nad PO i PSL, zostan\u0105 obna\u017cone wszystkie, albo wi\u0119ko\u015b\u0107 afer. Zostanie udowodniony udzia\u0142 polityk\u00f3w w tych aferach, nieuczciwo\u015b\u0107 w pomna\u017caniu prywatnych maj\u0105tk\u00f3w, oszukiwanie obywateli.<\/span><\/p>\n<p dir=\"ltr\" style=\"line-height: 1.15; margin-top: 0pt; margin-bottom: 0pt\"><span style=\"color: #000000; font-family: Verdana; font-size: 13px; font-style: normal; font-variant: normal; font-weight: normal; text-decoration: none; vertical-align: baseline; background-color: transparent\">Czy wi\u0119c jest sens pisa\u0107, apelowa\u0107, alarmowa\u0107, odkrywa\u0107 i obna\u017ca\u0107 u\u0142omno\u015bci w\u0142adzy? Po tych wszystkich latach jestem coraz bli\u017cej stwierdzenia, \u017ce nie. Nie warto. Ale jest jedna rzecz, o kt\u00f3rej warto, trzeba i musi si\u0119 pisa\u0107: udzia\u0142 spo\u0142ecze\u0144stwa w wyborach. Tylko udzia\u0142 w wyborach i kontrolowanie ich uczciwo\u015bci mo\u017ce co\u015b zmieni\u0107. Ale musi to by\u0107 udzia\u0142 70-cio, 80-cio procentowy. Jak do tego doprowadzi\u0107? No i tu wracamy do tytu\u0142owego pytania, bo sk\u0105d spo\u0142ecze\u0144stwo ma wiedzie\u0107 dlaczego trzeba zmieni\u0107 rz\u0105dz\u0105cych? A wi\u0119c trzeba pisa\u0107, warto pisa\u0107. Trzeba te\u017c i po to, \u017ceby zwolennicy prawej strony mieli argumenty do dyskusji z centrowcami, albo lewakami. Nic nie trwa wiecznie; przyjdzie czas na dzisiejszych bonz\u00f3w pa\u0144stwa polskiego. Problem tylko, jak zabierze si\u0119 za to ugrupowanie, kt\u00f3re wygra wybory. <\/span><span style=\"color: #000000; font-family: Verdana; font-size: 13px; font-style: normal; font-variant: normal; font-weight: normal; text-decoration: none; vertical-align: baseline; background-color: transparent\">Ale o tym w nast\u0119pnym artykule.<\/span><\/p>\n<p><\/strong><\/p>\n<p dir=\"ltr\" style=\"line-height: 1.15; margin-top: 0pt; margin-bottom: 0pt\">&nbsp;<\/p>\n","protected":false},"excerpt":{"rendered":"<p>Pisz\u0105 dziennikarze, pisz\u0105 blogerzy. M\u00f3j blog zawiera dok\u0142adnie 453 artyku\u0142y, to jest niez\u0142ych rozmiar\u00f3w ksi\u0105\u017cka (ten b\u0119dzie 454-ty). Od marca, 2007 wesz\u0142o tu prawie p\u00f3\u0142 miliona ludzi.<\/p>\n","protected":false},"author":2,"featured_media":0,"comment_status":"open","ping_status":"open","sticky":false,"template":"","format":"standard","meta":[],"categories":[4],"tags":[],"_links":{"self":[{"href":"https:\/\/sporek.com\/blog\/index.php?rest_route=\/wp\/v2\/posts\/454"}],"collection":[{"href":"https:\/\/sporek.com\/blog\/index.php?rest_route=\/wp\/v2\/posts"}],"about":[{"href":"https:\/\/sporek.com\/blog\/index.php?rest_route=\/wp\/v2\/types\/post"}],"author":[{"embeddable":true,"href":"https:\/\/sporek.com\/blog\/index.php?rest_route=\/wp\/v2\/users\/2"}],"replies":[{"embeddable":true,"href":"https:\/\/sporek.com\/blog\/index.php?rest_route=%2Fwp%2Fv2%2Fcomments&post=454"}],"version-history":[{"count":0,"href":"https:\/\/sporek.com\/blog\/index.php?rest_route=\/wp\/v2\/posts\/454\/revisions"}],"wp:attachment":[{"href":"https:\/\/sporek.com\/blog\/index.php?rest_route=%2Fwp%2Fv2%2Fmedia&parent=454"}],"wp:term":[{"taxonomy":"category","embeddable":true,"href":"https:\/\/sporek.com\/blog\/index.php?rest_route=%2Fwp%2Fv2%2Fcategories&post=454"},{"taxonomy":"post_tag","embeddable":true,"href":"https:\/\/sporek.com\/blog\/index.php?rest_route=%2Fwp%2Fv2%2Ftags&post=454"}],"curies":[{"name":"wp","href":"https:\/\/api.w.org\/{rel}","templated":true}]}}