{"id":455,"date":"2014-08-31T22:47:46","date_gmt":"2014-09-01T02:47:46","guid":{"rendered":"http:\/\/sporek.com\/blog\/?p=455"},"modified":"2020-05-09T19:51:10","modified_gmt":"2020-05-09T23:51:10","slug":"szef-europy","status":"publish","type":"post","link":"https:\/\/sporek.com\/blog\/?p=455","title":{"rendered":"Szef Europy"},"content":{"rendered":"<p><span style=\"color: #000000; font-family: Arial; font-size: 13px; font-style: normal; font-variant: normal; font-weight: normal; text-decoration: none; vertical-align: baseline; background-color: transparent\">Sobota, 30 sierpnia mog\u0142aby sta\u0107 si\u0119 dniem dumy, rado\u015bci, satysfakcji. Mog\u0142aby, ale nie b\u0119dzie. Nie dla mnie. Ogromnie bym si\u0119 cieszy\u0142 ze zwyci\u0119stwa polskiego premiera, wybranego na prezydenta rady europejskiej, ale jest mi raczej wstyd. <!--more-->Cieszy\u0142bym si\u0119 w ka\u017cdym innym przypadku, ale nie w tym. Oto najwy\u017csze stanowisko w Unii Europejskiej otrzymuje cz\u0142owiek, kt\u00f3ry przykrywa\u0142 afery, broni\u0142 aferzyst\u00f3w, nie wyja\u015bni\u0142 kwestii udzia\u0142u swojego syna w aferze Amber Gold, nie zdymisjonowa\u0142 ministra, kt\u00f3ry nazywa w\u0142asny kraj \u201c&#8230; i kamieni kup\u0105\u201d, kt\u00f3ry korumpowa\u0142 z szefem Banku Narodowego, poni\u017cy\u0142 ofiary katastrofy smole\u0144skiej i poni\u017cy\u0142 Nar\u00f3d. Cz\u0142owiek, za kt\u00f3rego rz\u0105d\u00f3w bankrutowa\u0142y firmy buduj\u0105ce drogi, daj\u0105cy emerytom podwy\u017ck\u0119 w wysoko\u015bci 36 z\u0142otych, ale urz\u0119dnikom\u2026 ponad 1200 z\u0142otych. Obieca\u0142 uczniom komputery, &#8211; nie da\u0142; drwi\u0142, \u017ce tak wielk\u0105 ilo\u015b\u0107 radar\u00f3w mo\u017ce postawi\u0107 tylko kto\u015b, kto nie ma prawa jazdy; sam zamontowa\u0142 ich trzy razy wi\u0119cej. Szefem UE zostaje cz\u0142owiek, kt\u00f3rego ministrowie (pod jego w\u0142adztwem) wyprzedali maj\u0105tek Polski.<\/span><\/p>\n<p><strong style=\"font-weight: normal\"><\/p>\n<p dir=\"ltr\" style=\"line-height: 1.15; margin-top: 0pt; margin-bottom: 0pt\"><span style=\"color: #000000; font-family: Arial; font-size: 13px; font-style: normal; font-variant: normal; font-weight: normal; text-decoration: none; vertical-align: baseline; background-color: transparent\">Litania negatyw\u00f3w jest tak ogromna, ze brak\u0142oby miejsca na normalny artyku\u0142.<\/span><\/p>\n<p dir=\"ltr\" style=\"line-height: 1.15; margin-top: 0pt; margin-bottom: 0pt\"><span style=\"color: #000000; font-family: Arial; font-size: 13px; font-style: normal; font-variant: normal; font-weight: normal; text-decoration: none; vertical-align: baseline; background-color: transparent\">Czym\u017cesz wi\u0119c jest ta Europa? A, no, dowiemy si\u0119 niebawem. Ju\u017c wiemy, \u017ce wiele pa\u0144stw (czytaj \u201cspo\u0142ecze\u0144stw\u201d) ma jej dosy\u0107. Wiemy, \u017ce nie wnika, kim jest kandydat na prezydenta; ma by\u0107 mierny, bierny, ale wierny. Tusk, jak zwykle og\u0142osi\u0142 Europie has\u0142a, zupe\u0142nie, jak w swoich, zak\u0142amanych expose, w Sejmie RP. Nie zna angielskiego na tyle biegle i dobrze, aby rozmawia\u0107 samodzielnie. Na tym poziomie nie mo\u017cna czego\u015b nie rozumie\u0107, lub czego\u015b nie umie\u0107 powiedzie\u0107. A francuski? Samo \u201crrr\u201d nie wystarczy. A powinien francuski zna\u0107, bo inaczej nie za\u017cegna kryzysu putinowskiego. A wi\u0119c rozmowy w zaciszu gabinet\u00f3w z t\u0142umaczem? Troch\u0119 obciach.<\/span><\/p>\n<p dir=\"ltr\" style=\"line-height: 1.15; margin-top: 0pt; margin-bottom: 0pt\"><span style=\"color: #000000; font-family: Arial; font-size: 13px; font-style: normal; font-variant: normal; font-weight: normal; text-decoration: none; vertical-align: baseline; background-color: transparent\">B\u0119dzie mia\u0142 cztery limuzyny do dyspozycji i 100 tysi\u0119cy z\u0142otych (w przeliczeniu), miesi\u0119cznie. I teraz ju\u017c b\u0119dzie mia\u0142 kompletnie gdzie\u015b polskich emeryt\u00f3w i nie tylko. W pods\u0142uchanej rozmowie obna\u017cy\u0142 ca\u0142y sw\u00f3j stosunek do Polski; niezwykle negatywny. Nie b\u0119d\u0119 cytowa\u0142 jego przekle\u0144stw i inwektyw.<\/span><\/p>\n<p dir=\"ltr\" style=\"line-height: 1.15; margin-top: 0pt; margin-bottom: 0pt\"><span style=\"color: #000000; font-family: Arial; font-size: 13px; font-style: normal; font-variant: normal; font-weight: normal; text-decoration: none; vertical-align: baseline; background-color: transparent\">Bawi mnie i troch\u0119 dziwi to gadanie o ogromnym sukcesie. Pami\u0119tamy Buzka? I co z tego mia\u0142a Polska? Buzek, Tusek, co za r\u00f3\u017cnica?<\/span><\/p>\n<p dir=\"ltr\" style=\"line-height: 1.15; margin-top: 0pt; margin-bottom: 0pt\"><span style=\"color: #000000; font-family: Arial; font-size: 13px; font-style: normal; font-variant: normal; font-weight: normal; text-decoration: none; vertical-align: baseline; background-color: transparent\">Ogromnie si\u0119 ciesz\u0119, \u017ce polski premier zosta\u0142 szefem rady europejskiej i ogromnie jest mi wstyd, \u017ce tym cz\u0142owiekiem jest Donald Tusk. <\/span><\/p>\n<p dir=\"ltr\" style=\"line-height: 1.15; margin-top: 0pt; margin-bottom: 0pt\"><span style=\"color: #000000; font-family: Arial; font-size: 13px; font-style: normal; font-variant: normal; font-weight: normal; text-decoration: none; vertical-align: baseline; background-color: transparent\">Jedyny pozytyw, to ten, \u017ce nie b\u0119dzie ju\u017c premierem polskiego rz\u0105du. Ale sitwa chyba jednak zostanie uratowana, bo prezydent ma prawo nie przyj\u0105\u0107 dymisji rz\u0105du. I, jak znam \u017cycie, ten prezydent skorzysta z tego przywileju.\u00a0 <\/span><\/p>\n<p dir=\"ltr\" style=\"line-height: 1.15; margin-top: 0pt; margin-bottom: 0pt\"><span style=\"color: #000000; font-family: Arial; font-size: 13px; font-style: normal; font-variant: normal; font-weight: normal; text-decoration: none; vertical-align: baseline; background-color: transparent\">PS: Miesi\u0105c temu skr\u00f3ci\u0142em pobyt w zdrowotnych wodach S\u0142owacji i pojecha\u0142em do Warszawy, aby by\u0107 \u015bwiadkiem po\u0142aczenia si\u0142 po prawej stronie. Moim jedynym komentarzem jest tylko proste zdanie: nie wierz\u0119 Gowinowi i to samo radz\u0119 J. Kaczy\u0144skiemu.<\/span><\/p>\n<p dir=\"ltr\" style=\"line-height: 1.15; margin-top: 0pt; margin-bottom: 0pt\">&nbsp;<\/p>\n<p><\/strong><\/p>\n","protected":false},"excerpt":{"rendered":"<p>Sobota, 30 sierpnia mog\u0142aby sta\u0107 si\u0119 dniem dumy, rado\u015bci, satysfakcji. Mog\u0142aby, ale nie b\u0119dzie. Nie dla mnie. Ogromnie bym si\u0119 cieszy\u0142 ze zwyci\u0119stwa polskiego premiera, wybranego na prezydenta rady europejskiej, ale jest mi raczej wstyd.<\/p>\n","protected":false},"author":2,"featured_media":0,"comment_status":"open","ping_status":"open","sticky":false,"template":"","format":"standard","meta":[],"categories":[4],"tags":[],"_links":{"self":[{"href":"https:\/\/sporek.com\/blog\/index.php?rest_route=\/wp\/v2\/posts\/455"}],"collection":[{"href":"https:\/\/sporek.com\/blog\/index.php?rest_route=\/wp\/v2\/posts"}],"about":[{"href":"https:\/\/sporek.com\/blog\/index.php?rest_route=\/wp\/v2\/types\/post"}],"author":[{"embeddable":true,"href":"https:\/\/sporek.com\/blog\/index.php?rest_route=\/wp\/v2\/users\/2"}],"replies":[{"embeddable":true,"href":"https:\/\/sporek.com\/blog\/index.php?rest_route=%2Fwp%2Fv2%2Fcomments&post=455"}],"version-history":[{"count":0,"href":"https:\/\/sporek.com\/blog\/index.php?rest_route=\/wp\/v2\/posts\/455\/revisions"}],"wp:attachment":[{"href":"https:\/\/sporek.com\/blog\/index.php?rest_route=%2Fwp%2Fv2%2Fmedia&parent=455"}],"wp:term":[{"taxonomy":"category","embeddable":true,"href":"https:\/\/sporek.com\/blog\/index.php?rest_route=%2Fwp%2Fv2%2Fcategories&post=455"},{"taxonomy":"post_tag","embeddable":true,"href":"https:\/\/sporek.com\/blog\/index.php?rest_route=%2Fwp%2Fv2%2Ftags&post=455"}],"curies":[{"name":"wp","href":"https:\/\/api.w.org\/{rel}","templated":true}]}}