{"id":457,"date":"2014-09-08T00:57:49","date_gmt":"2014-09-08T04:57:49","guid":{"rendered":"http:\/\/sporek.com\/blog\/?p=457"},"modified":"2014-09-08T01:00:51","modified_gmt":"2014-09-08T05:00:51","slug":"sejm-parodia-demokracji","status":"publish","type":"post","link":"https:\/\/sporek.com\/blog\/?p=457","title":{"rendered":"Sejm &#8211; parodia demokracji"},"content":{"rendered":"<p><strong style=\"font-weight: normal\"><\/strong><\/p>\n<p><strong style=\"font-weight: normal\"><strong style=\"font-weight: normal\"><\/p>\n<p dir=\"ltr\" style=\"line-height: 1.15; margin-top: 0pt; margin-bottom: 0pt\" id=\"docs-internal-guid-2275109a-539f-d603-e01d-0c5e16556882\"><span style=\"color: #000000; font-family: Verdana; font-size: 13px; font-style: normal; font-variant: normal; font-weight: normal; text-decoration: none; vertical-align: baseline; background-color: transparent\">Jednak musz\u0119 stwierdzi\u0107, \u017ce w mojej ocenie Tusk i Bie\u0144kowska zrejterowali do Europy. Po prostu uciekli. <!--more-->Nie wyobra\u017cam sobie, \u017ceby kt\u00f3rykolwiek z premier\u00f3w zgodzi\u0142 si\u0119 na taki \u201cawans\u201d; na pewno nie Orban, na pewno nie Cameron, nie m\u00f3wi\u0105c ju\u017c o Angeli. My jednak potrafimy si\u0119 zach\u0142ysn\u0105\u0107 tym cieniutkim blichtrem i opowiada\u0107 \u015bwiatu, \u017ce jeste\u015bmy pa\u0144stwem licz\u0105cym si\u0119 na arenie mi\u0119dzynarodowej. Poslak nic z tego nie b\u0119dzie mia\u0142a, a Polacy w Londynie ju\u017c si\u0119 dowiedzieli, \u017ce ich Tusek przehandlowa\u0142, je\u015bli chodzi o \u015bwiadczenia socjalne. Ba\u0142agan, jaki oboje zostawili trudno b\u0119dzie uprz\u0105tn\u0105\u0107, o ile w og\u00f3le mo\u017cliwe jest jakiekolwiek posprz\u0105tanie po rz\u0105dach PO i PSL. Wsp\u00f3\u0142czuj\u0119 Tuskowi jego pierwszego zetkni\u0119cia si\u0119 z przedstawicielami innych rz\u0105d\u00f3w, a to ze wzgl\u0119du na kiepsk\u0105 znajomo\u015b\u0107 j\u0119zyka angielskiego, co nawet zauwa\u017cy\u0142a frau Merkel. Nie da si\u0119 w ci\u0105gu niespe\u0142na czterech miesi\u0119cy nauczy\u0107 biegle j\u0119zyka, je\u015bli nie jest si\u0119 w jego naturalnym kr\u0119gu. I b\u0119dzie troch\u0119 kompromituj\u0105co. Ale to ju\u017c jego sprawa. <\/span><\/p>\n<p dir=\"ltr\" style=\"line-height: 1.15; margin-top: 0pt; margin-bottom: 0pt\"><span style=\"color: #000000; font-family: Verdana; font-size: 13px; font-style: normal; font-variant: normal; font-weight: normal; text-decoration: none; vertical-align: baseline; background-color: transparent\">Zn\u00f3w wysz\u0142o, \u017ce Tusk m\u00f3wi co innego, a robi co innego, wszak niedawno zarzeka\u0142 si\u0119, \u017ce jego miejsce jest w Polsce, ale te\u017c niedawno nagrano jego \u00a0prawdziwe intencje, czyli <\/span><span style=\"color: #000000; font-family: Verdana; font-size: 13px; font-style: italic; font-variant: normal; font-weight: normal; text-decoration: none; vertical-align: baseline; background-color: transparent\">\u201codczepi\u0107 si\u0119 wreszcie od tego polskiego syfu\u201d<\/span><span style=\"color: #000000; font-family: Verdana; font-size: 13px; font-style: normal; font-variant: normal; font-weight: normal; text-decoration: none; vertical-align: baseline; background-color: transparent\">. No i \u00a0tu, co powiedzia\u0142, to zrobi\u0142.<\/span><\/p>\n<p dir=\"ltr\" style=\"line-height: 1.15; margin-top: 0pt; margin-bottom: 0pt\"><span style=\"color: #000000; font-family: Verdana; font-size: 13px; font-style: normal; font-variant: normal; font-weight: normal; text-decoration: none; vertical-align: baseline; background-color: transparent\">Plusem tego \u201csukcesu\u201d Tuska i Bie\u0144kowskiej jest, \u017ce ich nie b\u0119dzie w Polsce i nie b\u0119dzie ich w sejmie.<\/span><\/p>\n<p dir=\"ltr\" style=\"line-height: 1.15; margin-top: 0pt; margin-bottom: 0pt\"><span style=\"color: #000000; font-family: Verdana; font-size: 13px; font-style: normal; font-variant: normal; font-weight: normal; text-decoration: none; vertical-align: baseline; background-color: transparent\">W Sejmie, kt\u00f3ry jest parodi\u0105 demokracji. Jak bowiem nazwa\u0107 fakt, \u017ce ministrowie s\u0105 jednocze\u015bnie pos\u0142ami? Powinno to by\u0107 konstytucyjnie zabronione. W ostatnich latach widzieli\u015bmy seri\u0119 akcji typu \u201cWotum nieufno\u015bci\u201d. I proste pytanie: jak mog\u0105 w g\u0142osowaniu nad wotum nieufno\u015bci dla rz\u0105du bra\u0107 udzia\u0142 ministrowie? Wi\u0119kszo\u015b\u0107 z nich jest pos\u0105\u0142mi..<\/span><\/p>\n<p><\/strong><\/strong><strong style=\"font-weight: normal\"><strong style=\"font-weight: normal\"><span style=\"color: #000000; font-family: Verdana; font-size: 13px; font-style: normal; font-variant: normal; font-weight: normal; text-decoration: none; vertical-align: baseline; background-color: transparent\">Skandal, to zbyt ma\u0142e s\u0142owo do okre\u015blenia tego paradoksu. Ale to nie jedyny przyk\u0142ad, \u017ce przest\u0119pcy s\u0105 s\u0119dziami we w\u0142asnej sprawie. Vide afera ta\u015bmowa Sienkiewicza. No i co<\/span><span style=\"color: #000000; font-family: Verdana; font-size: 13px; font-style: italic; font-variant: normal; font-weight: normal; text-decoration: none; vertical-align: baseline; background-color: transparent\">, \u201co take Polskie \u017ce\u015bmy walczyly\u201d?<\/span><span style=\"color: #000000; font-family: Verdana; font-size: 13px; font-style: normal; font-variant: normal; font-weight: normal; text-decoration: none; vertical-align: baseline; background-color: transparent\">, &#8211; jak m\u00f3wi s\u0142ynny elektryk. On pewnie walczy\u0142 w\u0142a\u015bnie o<\/span><span style=\"color: #000000; font-family: Verdana; font-size: 13px; font-style: italic; font-variant: normal; font-weight: normal; text-decoration: none; vertical-align: baseline; background-color: transparent\"> \u201ctake Polskie\u201d.<\/span><br \/>\n<\/strong><br \/>\n<\/strong><\/p>\n","protected":false},"excerpt":{"rendered":"<p>Jednak musz\u0119 stwierdzi\u0107, \u017ce w mojej ocenie Tusk i Bie\u0144kowska zrejterowali do Europy. Po prostu uciekli.<\/p>\n","protected":false},"author":2,"featured_media":0,"comment_status":"open","ping_status":"open","sticky":false,"template":"","format":"standard","meta":[],"categories":[4],"tags":[],"_links":{"self":[{"href":"https:\/\/sporek.com\/blog\/index.php?rest_route=\/wp\/v2\/posts\/457"}],"collection":[{"href":"https:\/\/sporek.com\/blog\/index.php?rest_route=\/wp\/v2\/posts"}],"about":[{"href":"https:\/\/sporek.com\/blog\/index.php?rest_route=\/wp\/v2\/types\/post"}],"author":[{"embeddable":true,"href":"https:\/\/sporek.com\/blog\/index.php?rest_route=\/wp\/v2\/users\/2"}],"replies":[{"embeddable":true,"href":"https:\/\/sporek.com\/blog\/index.php?rest_route=%2Fwp%2Fv2%2Fcomments&post=457"}],"version-history":[{"count":0,"href":"https:\/\/sporek.com\/blog\/index.php?rest_route=\/wp\/v2\/posts\/457\/revisions"}],"wp:attachment":[{"href":"https:\/\/sporek.com\/blog\/index.php?rest_route=%2Fwp%2Fv2%2Fmedia&parent=457"}],"wp:term":[{"taxonomy":"category","embeddable":true,"href":"https:\/\/sporek.com\/blog\/index.php?rest_route=%2Fwp%2Fv2%2Fcategories&post=457"},{"taxonomy":"post_tag","embeddable":true,"href":"https:\/\/sporek.com\/blog\/index.php?rest_route=%2Fwp%2Fv2%2Ftags&post=457"}],"curies":[{"name":"wp","href":"https:\/\/api.w.org\/{rel}","templated":true}]}}