{"id":458,"date":"2014-09-09T01:32:09","date_gmt":"2014-09-09T05:32:09","guid":{"rendered":"http:\/\/sporek.com\/blog\/?p=458"},"modified":"2014-09-14T22:48:56","modified_gmt":"2014-09-15T02:48:56","slug":"efekt-tuska","status":"publish","type":"post","link":"https:\/\/sporek.com\/blog\/?p=458","title":{"rendered":"Efekt Tuska"},"content":{"rendered":"<p><font face=\"Times New Roman\">  <\/font><span style=\"color: #000000; font-family: Verdana; font-size: 13px; font-style: normal; font-variant: normal; font-weight: normal; text-decoration: none; vertical-align: baseline; background-color: transparent\">To, co wyprawiaj\u0105 ze spo\u0142ecze\u0144stwem media po wygraniu przez Tuska wybor\u00f3w w Brukselii nie da si\u0119 por\u00f3wna\u0107 do \u017cadnej chyba kampanii og\u0142upiania. Ukuto nowy termin: \u201cEfekt Tuska\u201d. Dla mnie jedynymi <\/span><span style=\"color: #000000; font-family: Verdana; font-size: 13px; font-style: italic; font-variant: normal; font-weight: normal; text-decoration: none; vertical-align: baseline; background-color: transparent\">\u201cefektami Tuska\u201d<\/span><span style=\"color: #000000; font-family: Verdana; font-size: 13px; font-style: normal; font-variant: normal; font-weight: normal; text-decoration: none; vertical-align: baseline; background-color: transparent\"> s\u0105<!--more--> niedoko\u0144czone autostrady, zbankrutowane firmy buduj\u0105ce drogi, tysi\u0105ce radar\u00f3w, uczniowie bez komputer\u00f3w, wiek emartytalny 67, miliony m\u0142odych poza granicami, rozwalona s\u0142u\u017cba zdrowia, wyprzedane zak\u0142ady pracy, rozwalona armia i brak s\u0142u\u017cb samoobronnych, zniszczone g\u00f3rnictwo, rz\u0105dowi z\u0142odzieje i aferzy\u015bci, kt\u00f3rych on, jak nia\u0144ka chodowa\u0142 \u00a0i broni\u0142, no i najtragiczniejsze: lekcewa\u017cenie i poni\u017canie \u015bp. Prezydenta Kaczy\u0144skiego, a\u017c do Jego tragicznej \u015bmierci, czyli upodlenie Narodu i Polski oddaniem \u015bledztwa w r\u0119ce<\/span><span style=\"color: #000000; font-family: Verdana; font-size: 13px; font-style: italic; font-variant: normal; font-weight: normal; text-decoration: none; vertical-align: baseline; background-color: transparent\"> \u201crzetelnie je prowadz\u0105cych Rosjan<\/span><span style=\"color: #000000; font-family: Verdana; font-size: 13px; font-style: normal; font-variant: normal; font-weight: normal; text-decoration: none; vertical-align: baseline; background-color: transparent\">\u201d, przy tym wyniesienie najwi\u0119kszej k\u0142amczyni, Ewy Kopacz, za s\u0142ynne s\u0142owa o \u201cprzekopaniu ka\u017cdego centymetra smole\u0144skiej ziemi na g\u0142\u0119boko\u015b\u0107 jednego metra\u201d i polskich lekarzach \u201cr\u0119ka w r\u0119k\u0119 przeprowadzaj\u0105cych sekcje zw\u0142ok\u201d, na najwy\u017csze stanowiska w kraju.<\/span><\/p>\n<p><strong style=\"font-weight: normal\"><\/p>\n<p dir=\"ltr\" style=\"line-height: 1.15; margin-top: 0pt; margin-bottom: 0pt\"><span style=\"color: #000000; font-family: Verdana; font-size: 13px; font-style: normal; font-variant: normal; font-weight: normal; text-decoration: none; vertical-align: baseline; background-color: transparent\">To tylko kr\u00f3tka lista <\/span><span style=\"color: #000000; font-family: Verdana; font-size: 13px; font-style: italic; font-variant: normal; font-weight: normal; text-decoration: none; vertical-align: baseline; background-color: transparent\">\u201cefekt\u00f3w Tuska\u201d<\/span><span style=\"color: #000000; font-family: Verdana; font-size: 13px; font-style: normal; font-variant: normal; font-weight: normal; text-decoration: none; vertical-align: baseline; background-color: transparent\">.<\/span><\/p>\n<p dir=\"ltr\" style=\"line-height: 1.15; margin-top: 0pt; margin-bottom: 0pt\"><span style=\"color: #000000; font-family: Verdana; font-size: 13px; font-style: normal; font-variant: normal; font-weight: normal; text-decoration: none; vertical-align: baseline; background-color: transparent\">S\u0142u\u017c\u0105cy rz\u0105dz\u0105cym dziennikarze (dziwi\u0119 si\u0119, \u017ce ani w Gazecie Polskiej, ani w Telewizji Republika nikt nie odwr\u00f3ci\u0142 <\/span><span style=\"color: #000000; font-family: Verdana; font-size: 13px; font-style: italic; font-variant: normal; font-weight: normal; text-decoration: none; vertical-align: baseline; background-color: transparent\">\u201cefekt\u00f3w Tuska\u201d, <\/span><span style=\"color: #000000; font-family: Verdana; font-size: 13px; font-style: normal; font-variant: normal; font-weight: normal; text-decoration: none; vertical-align: baseline; background-color: transparent\">nazywaj\u0105c je po imieniu), mami\u0105 czytelnik\u00f3w fenomenem <\/span><span style=\"color: #000000; font-family: Verdana; font-size: 13px; font-style: italic; font-variant: normal; font-weight: normal; text-decoration: none; vertical-align: baseline; background-color: transparent\">\u201cefektu Tuska\u201d<\/span><span style=\"color: #000000; font-family: Verdana; font-size: 13px; font-style: normal; font-variant: normal; font-weight: normal; text-decoration: none; vertical-align: baseline; background-color: transparent\">, kt\u00f3ry w prawdziwym sonada\u017cu, jakim s\u0105 wybory nie odni\u00f3s\u0142 \u017cadnego skutku. Przygniataj\u0105cym tego dowodem s\u0105 uzupe\u0142niaj\u0105ce wybory z\u00a0niedzieli, 7 wrze\u015bnia. Oto w Rybniku, nazywanym \u201cbastionem PO\u201d, &#8211; wstyd mi za moje ukochane miasto, ale po wyborach jestem z niego dumny, cho\u0107 wiem, \u017ce w mie\u015bcie PO wygra\u0142o,- na szcz\u0119\u015bcie s\u0105 ludzie inteligentniejsi w satelitarnych miejscowo\u015bciach, ni\u017c mieszcza\u0144ska \u201cyntelygencja\u201d i ostatecznie wygra\u0142a kandydatka PiSu, pani Izabela Kloc i to 49 procentami. Nie pomog\u0142a \u201cgospodarcza\u201d wizyta S\u0142o\u0144ca Peru, kr\u00f3la Europy, ochroniarza aferzyst\u00f3w, nie pomog\u0142a te\u017c wizyta super ministry. Wyborcy powiedzieli \u201cdosy\u0107\u201d. <\/span><span style=\"color: #000000; font-family: Verdana; font-size: 13px; font-style: italic; font-variant: normal; font-weight: normal; text-decoration: none; vertical-align: baseline; background-color: transparent\">\u201cEfekt Tuska\u201d<\/span><span style=\"color: #000000; font-family: Verdana; font-size: 13px; font-style: normal; font-variant: normal; font-weight: normal; text-decoration: none; vertical-align: baseline; background-color: transparent\"> nie zadzia\u0142a\u0142. Nie zadzia\u0142a\u0142 te\u017c w dw\u00f3ch pozosta\u0142ych okr\u0119gach, gdzie przeprowadzono wybory. Za to, tradycyjnie\u2026 nie wytrzyma\u0142y serwery, &#8211; Bo\u017ce ratuj nasz kraj, gdy w listopadzie b\u0119d\u0105 wybory kilkana\u015bcie razy wi\u0119ksze. <\/span><\/p>\n<p dir=\"ltr\" style=\"line-height: 1.15; margin-top: 0pt; margin-bottom: 0pt\"><span style=\"color: #000000; font-family: Verdana; font-size: 13px; font-style: normal; font-variant: normal; font-weight: normal; text-decoration: none; vertical-align: baseline; background-color: transparent\">I zn\u00f3w trzeba b\u0119dzie wys\u0142a\u0107 do Moskwy cz\u0142onk\u00f3w Krajowej Komisji Wyborczej, aby si\u0119 na tak\u0105 okoliczno\u015b\u0107 wyszkolili i nauczyli si\u0119 cho\u0107 troch\u0119 o ruskich serwerach. <\/span><\/p>\n<p dir=\"ltr\" style=\"line-height: 1.15; margin-top: 0pt; margin-bottom: 0pt\"><span style=\"color: #000000; font-family: Verdana; font-size: 13px; font-style: normal; font-variant: normal; font-weight: normal; text-decoration: none; vertical-align: baseline; background-color: transparent\">Ale kampania og\u0142upiania trwa w najlepsze. Stawiam tez\u0119, \u017ce ani wszystkie rozbiory, z programami rusycyzmu, prusycyzmu, austriacyzmu, ani zap\u0119dy Hitlera w doprowadzeniu Polski do kompletnej ruiny intelektualnej, ani 50 lat PRLu nie osi\u0105gn\u0119\u0142y nawet po\u0142owy tego efektu, jaki Platforma osi\u0105gn\u0119\u0142a przy pomocy Michnika, Lisa, Olejnik i innych \u00a0w og\u0142upieniu spo\u0142ecze\u0144stwa w ci\u0105gu niespe\u0142na o\u015bmiu lat. Efekty ju\u017c wida\u0107: przy wyborach potrzebne by\u0142y \u2026 liczyd\u0142a. I to jest jeszcze jeden \u201c<\/span><span style=\"color: #000000; font-family: Verdana; font-size: 13px; font-style: italic; font-variant: normal; font-weight: normal; text-decoration: none; vertical-align: baseline; background-color: transparent\">Efekt Tuska\u201d.<\/span><\/p>\n<p dir=\"ltr\" style=\"line-height: 1.15; margin-top: 0pt; margin-bottom: 0pt\"><span style=\"color: #000000; font-family: Verdana; font-size: 13px; font-style: normal; font-variant: normal; font-weight: normal; text-decoration: none; vertical-align: baseline; background-color: transparent\">S\u0142o\u0144ce Peru \u015bwieci\u0107 teraz b\u0119dzie nad Europ\u0105, a jego pierwszym \u201csukcesem\u201d, cho\u0107 na dwa tygodnie przed faktycznym z\u0142o\u017ceniem swojego ty\u0142ka na kr\u00f3lewskim fotelu w Belgii, b\u0119dzie od\u0142\u0105czenie Szkocji od Wielkiej Brytanii. S\u0142o\u0144ce wprawdzie obieca\u0142o Cameronowi, \u017ce i t\u0105 spraw\u0105 si\u0119 zajmie, ale obawiam si\u0119, \u017ce b\u0119dzie to pierwsza obietnica, kt\u00f3rej, jak to w Polsce bywa\u0142o, nie spe\u0142ni.<\/span><\/p>\n<p dir=\"ltr\" style=\"line-height: 1.15; margin-top: 0pt; margin-bottom: 0pt\"><span style=\"color: #000000; font-family: Verdana; font-size: 13px; font-style: normal; font-variant: normal; font-weight: normal; text-decoration: none; vertical-align: baseline; background-color: transparent\">W przeciwie\u0144stwie do polskich obywateli S\u0142o\u0144ce p\u00f3jdzie na emerytur\u0119 w wieku 62 lat i wtedy wr\u00f3ci w promieniach europejskiej s\u0142awy, aby zamieni\u0107 si\u0119 miejscami z gajowym, <\/span><span style=\"color: #000000; font-family: Verdana; font-size: 13px; font-style: italic; font-variant: normal; font-weight: normal; text-decoration: none; vertical-align: baseline; background-color: transparent\">ktury<\/span><span style=\"color: #000000; font-family: Verdana; font-size: 13px; font-style: normal; font-variant: normal; font-weight: normal; text-decoration: none; vertical-align: baseline; background-color: transparent\"> z <\/span><span style=\"color: #000000; font-family: Verdana; font-size: 13px; font-style: italic; font-variant: normal; font-weight: normal; text-decoration: none; vertical-align: baseline; background-color: transparent\">bulem<\/span><span style=\"color: #000000; font-family: Verdana; font-size: 13px; font-style: normal; font-variant: normal; font-weight: normal; text-decoration: none; vertical-align: baseline; background-color: transparent\"> serca b\u0119dzie <\/span><span style=\"color: #000000; font-family: Verdana; font-size: 13px; font-style: italic; font-variant: normal; font-weight: normal; text-decoration: none; vertical-align: baseline; background-color: transparent\">m\u00f3sia\u0142 op\u00f3\u015bci\u0107 pa\u0142adz<\/span><span style=\"color: #000000; font-family: Verdana; font-size: 13px; font-style: normal; font-variant: normal; font-weight: normal; text-decoration: none; vertical-align: baseline; background-color: transparent\"> przy Krakowskim Przedmie\u015bciu.<\/span><\/p>\n<p dir=\"ltr\" style=\"line-height: 1.15; margin-top: 0pt; margin-bottom: 0pt\"><span style=\"color: #000000; font-family: Verdana; font-size: 13px; font-style: normal; font-variant: normal; font-weight: normal; text-decoration: none; vertical-align: baseline; background-color: transparent\">I\u2026 \u017cegnaj Polsko. O, nie; Nar\u00f3d si\u0119 budzi, powoli, ale si\u0119 budzi. I pozostan\u0119 przy nadziei, tej nadziei.<\/span><\/p>\n<p><\/strong><\/p>\n<p style=\"margin: 0in 0in 10pt\"><strong style=\"font-weight: normal\"> <\/strong><\/p>\n<p style=\"margin: 0in 0in 10pt\">&nbsp;<\/p>\n<p><font face=\"Times New Roman\">  <\/font><\/p>\n","protected":false},"excerpt":{"rendered":"<p>To, co wyprawiaj\u0105 ze spo\u0142ecze\u0144stwem media po wygraniu przez Tuska wybor\u00f3w w Brukselii nie da si\u0119 por\u00f3wna\u0107 do \u017cadnej chyba kampanii og\u0142upiania. Ukuto nowy termin: \u201cEfekt Tuska\u201d. Dla mnie jedynymi \u201cefektami Tuska\u201d s\u0105<\/p>\n","protected":false},"author":2,"featured_media":0,"comment_status":"open","ping_status":"open","sticky":false,"template":"","format":"standard","meta":[],"categories":[4],"tags":[],"_links":{"self":[{"href":"https:\/\/sporek.com\/blog\/index.php?rest_route=\/wp\/v2\/posts\/458"}],"collection":[{"href":"https:\/\/sporek.com\/blog\/index.php?rest_route=\/wp\/v2\/posts"}],"about":[{"href":"https:\/\/sporek.com\/blog\/index.php?rest_route=\/wp\/v2\/types\/post"}],"author":[{"embeddable":true,"href":"https:\/\/sporek.com\/blog\/index.php?rest_route=\/wp\/v2\/users\/2"}],"replies":[{"embeddable":true,"href":"https:\/\/sporek.com\/blog\/index.php?rest_route=%2Fwp%2Fv2%2Fcomments&post=458"}],"version-history":[{"count":0,"href":"https:\/\/sporek.com\/blog\/index.php?rest_route=\/wp\/v2\/posts\/458\/revisions"}],"wp:attachment":[{"href":"https:\/\/sporek.com\/blog\/index.php?rest_route=%2Fwp%2Fv2%2Fmedia&parent=458"}],"wp:term":[{"taxonomy":"category","embeddable":true,"href":"https:\/\/sporek.com\/blog\/index.php?rest_route=%2Fwp%2Fv2%2Fcategories&post=458"},{"taxonomy":"post_tag","embeddable":true,"href":"https:\/\/sporek.com\/blog\/index.php?rest_route=%2Fwp%2Fv2%2Ftags&post=458"}],"curies":[{"name":"wp","href":"https:\/\/api.w.org\/{rel}","templated":true}]}}