{"id":459,"date":"2014-09-14T22:40:48","date_gmt":"2014-09-15T02:40:48","guid":{"rendered":"http:\/\/sporek.com\/blog\/?p=459"},"modified":"2014-09-14T22:43:32","modified_gmt":"2014-09-15T02:43:32","slug":"splam","status":"publish","type":"post","link":"https:\/\/sporek.com\/blog\/?p=459","title":{"rendered":"Sp&#8230;&#8230;lam"},"content":{"rendered":"<p><span style=\"color: #000000; font-family: Verdana; font-size: 13px; font-style: normal; font-variant: normal; font-weight: normal; text-decoration: none; vertical-align: baseline; background-color: transparent\" id=\"docs-internal-guid-c5a44004-772e-1f27-87bd-dc01ec646011\">To nie \u017caden awans, to zwyk\u0142a ucieczka od \u201cpilnych problem\u00f3w\u201d. To tak, jakby ojciec, kt\u00f3ry wp\u0119dzi\u0142 rodzin\u0119 w k\u0142opoty, zad\u0142u\u017cy\u0142 po uszy, z kumplami rozkrad\u0142 w\u0142asny dom powiedzia\u0142 nagle: <!--more-->wiecie co, rad\u017acie sobie sami, ja dosta\u0142em dobr\u0105 posad\u0119, ale wasze k\u0142opoty ju\u017c mnie nie interesuj\u0105. I poszed\u0142 sobie. Tch\u00f3rz, k\u0142amca, a nade wszystko nieudacznik. Tyle, \u017ce cwany, jak ry\u017cy lis. Oto, co Tusk powiedzia\u0142 w czerwcu, 2013 roku w wywiadzie dla TVN: <\/span><span style=\"color: #000000; font-family: Verdana; font-size: 13px; font-style: italic; font-variant: normal; font-weight: normal; text-decoration: none; vertical-align: baseline; background-color: transparent\">\u201cJak si\u0119 cz\u0142owiek na jak\u0105\u015b robot\u0119 zapisuje, to powinien wykona\u0107 j\u0105 do ko\u0144ca i to jest, yyy.., ale to nie chodzi tylko o tak\u0105 etyk\u0119 zawodow\u0105. Jestem przekonany, \u017ce to w Polsce si\u0119 b\u0119dzie rozgrywa\u0142o to, co najwa\u017cniejsze dla Polski b\u0119dzie si\u0119 rozgrywa\u0142o tutaj i uwa\u017cam, chocia\u017c wiem, \u017ce nie wszyscy podzielaj\u0105 ten pogl\u0105d, \u017ce z punktu widzenia skutecznego rz\u0105dzenia moja obecno\u015b\u0107 tutaj b\u0119dzie wa\u017cniejsza, ni\u017c ewentualny awans europejski, yyy i mam te\u017c przekonanie, \u017ce \u00a0Platforma, kt\u00f3rej chc\u0119 dalej przewodzi\u0107 jest w Polsce tak\u0105 prawdziw\u0105 gwarancj\u0105 politycznej stabilno\u015bci, nawet je\u015bli dzisiaj nie wszyscy s\u0105 jako\u015b szczeg\u00f3lnie rozentuzjazmowani, yyy\u2026 naszymi rz\u0105dami, ja to rozumiem, po blisko sze\u015bciu latach, ale alternatywa wydaje mi si\u0119 bardzo niepokoj\u0105ca, dlatego podejmuj\u0119 tak\u0105 decyzj\u0119 i zdaj\u0119 sobie te\u017c spraw\u0119 z tego, \u017ce to nie jest, yy, ja nikomu jakiej\u015b szczeg\u00f3lnej \u0142aski nie robi\u0119, to jest decyzja, kt\u00f3ra przecina spekulacje, jakie pojawia\u0142y si\u0119 od d\u0142u\u017cszego czasu na ten temat i pr\u00f3by sondowania mnie przez r\u00f3\u017cnych, europejskich polityk\u00f3w, czy by\u0142bym zainteresowany zmian\u0105 roli i takim obj\u0119ciem stanowiska\u2026\u201d <\/span><span style=\"color: #000000; font-family: Verdana; font-size: 13px; font-style: normal; font-variant: normal; font-weight: normal; text-decoration: none; vertical-align: baseline; background-color: transparent\">\u00a0K\u0142amstwa Tuska ju\u017c nie \u015bmiesz\u0105. S\u0105 tragedi\u0105. \u201cNiepokoj\u0105ca alternatywa\u201d, o kt\u00f3rej wspomina, to oczywi\u015bcie PiS. Ale teraz ju\u017c go ta alternatywa nie interesuje. Zostawia Polsk\u0119 z \u201cryzykiem\u201d \u017ce ta alternatywa wygra; no i co z tego; \u201cch\u2026 d\u2026 i kamieni kupa\u201d Przypomn\u0119: roczna pensja 400 tysi\u0119cy dolar\u00f3w, a c\u00f3rka tego \u201cwybitnego m\u0119\u017ca stanu\u201d, na swoim blogu pisze: \u201cmake life easier\u201d &#8211; <\/span><span style=\"color: #000000; font-family: Verdana; font-size: 13px; font-style: italic; font-variant: normal; font-weight: normal; text-decoration: none; vertical-align: baseline; background-color: transparent\">uczy\u0144 swoje \u017cycie \u0142atwiejszym . <\/span><span style=\"color: #000000; font-family: Verdana; font-size: 13px; font-style: normal; font-variant: normal; font-weight: normal; text-decoration: none; vertical-align: baseline; background-color: transparent\">I to jest chyba jedyne zdanie, jakie Tusk zna w j\u0119zyku angielskim. Dziwi mnie moralno\u015b\u0107 rz\u0105dc\u00f3w Europy, kt\u00f3rzy wiedz\u0105, \u017ce w Polsce toczy si\u0119 \u015bledztwo w dw\u00f3ch aferach, w kt\u00f3rych Tusk jest zamieszany: Polskie Watergate, czyli afera pods\u0142uchowa i Amber Gold, w kt\u00f3r\u0105 zamieszany jest jego syn., a o kt\u00f3rym to Amber Gold nawet szef Banku Narodowego, niejaki Belka &#8211; excusez moi, informowa\u0142 go, \u017ce jest po prostu piramid\u0105 finansow\u0105, ale obecny \u201ckr\u00f3l\u201d Europy ani my\u015bla\u0142 o zareagowaniu. Europa i moralno\u015b\u0107, to jednak dwa, stoj\u0105ce daleko od siebie poj\u0119cia. A kto go zast\u0105pi? Jeszcze wi\u0119ksza k\u0142amczyni, bez charyzmy, bez talentu, tyle, \u017ce \u015bwietnie wyszkolona wnabijaniu spo\u0142ecze\u0144stwa w butelk\u0119. W tym\u017ce samym, 2013 roku ta wybitna \u201cministra\u201d, potem \u201cmarsza\u0142ka\u201d sejmu, a teraz \u201cpremiera\u201d polskiego rz\u0105du raczy\u0142a wyartyku\u0142owa\u0107 z\u0142ot\u0105 my\u015bl: \u201c<\/span><span style=\"color: #000000; font-family: Verdana; font-size: 13px; font-style: italic; font-variant: normal; font-weight: normal; text-decoration: none; vertical-align: baseline; background-color: transparent\">Polska jest zainteresowana wymian\u0105 do\u015bwiadcze\u0144 z Chinami w dziedzinie budowy pa\u0144stwa prawa i spo\u0142ecze\u0144stwa obywatelskiego\u201d &#8211; <\/span><span style=\"color: #000000; font-family: Verdana; font-size: 13px; font-style: normal; font-variant: normal; font-weight: normal; text-decoration: none; vertical-align: baseline; background-color: transparent\">\u00a0to by\u0142y cele wizyty Ewy Kopacz w ojczy\u017anie zamordyzmu, w rocznic\u0119 masakry na Placu Tiananmen. Czy kto\u015b s\u0142ysza\u0142 wi\u0119ksz\u0105 bzdur\u0119? Szare kom\u00f3rki tej pani zszarza\u0142y totalnie, ale czy Polacy to widz\u0105? Nie. Badania wykaza\u0142y, \u017ce zainteresowanie Polak\u00f3w w\u0142asnym krajem; polityk\u0105, ekonomi\u0105, gospodark\u0105, aferami nawet jest jednym z najni\u017cszych na \u015bwiecie. Je\u015bli Polacy w listopadowych wyborach nie pozb\u0119d\u0105 si\u0119 platformers\u00f3w i ludowc\u00f3w, a w wyborach prezydenckich nie wygoni\u0105 Komorowskiego z jego <\/span><span style=\"color: #000000; font-family: Verdana; font-size: 13px; font-style: italic; font-variant: normal; font-weight: normal; text-decoration: none; vertical-align: baseline; background-color: transparent\">\u00a0kaszalotem <\/span><span style=\"color: #000000; font-family: Verdana; font-size: 13px; font-style: normal; font-variant: normal; font-weight: normal; text-decoration: none; vertical-align: baseline; background-color: transparent\">\u00a0z pa\u0142acu prezydenckiego, to niech si\u0119 nie spodziewaj\u0105 niczego dobrego. Miejsce aferzyst\u00f3w jest w wi\u0119zieniu, a nie w pa\u0142acowych salonach, czy pod \u017cyrandolami. To dotyczy r\u00f3wnie\u017c tych wszystkich \u201cdygnitarzy\u201d na plac\u00f3wkach, kt\u00f3rzy za pa\u0144stwowe pieni\u0105dze chlej\u0105 w\u00f3d\u0119 i organizuj\u0105 w\u0105tpliwej jako\u015bci imprezy, przewo\u017c\u0105 samochody i inne dobra pod p\u0142aszczykiem \u201cprzesiedlenia mienia\u201d. To dotyczy terenowych w\u0142adc\u00f3w, kt\u00f3rzy kombinuj\u0105 z etatami, immunitetem poselskim, sztabkami z\u0142ota itd, itp. Polacy, obud\u017acie\u017c si\u0119 wreszcie.<\/span><\/p>\n","protected":false},"excerpt":{"rendered":"<p>To nie \u017caden awans, to zwyk\u0142a ucieczka od \u201cpilnych problem\u00f3w\u201d. To tak, jakby ojciec, kt\u00f3ry wp\u0119dzi\u0142 rodzin\u0119 w k\u0142opoty, zad\u0142u\u017cy\u0142 po uszy, z kumplami rozkrad\u0142 w\u0142asny dom powiedzia\u0142 nagle:<\/p>\n","protected":false},"author":2,"featured_media":0,"comment_status":"open","ping_status":"open","sticky":false,"template":"","format":"standard","meta":[],"categories":[4],"tags":[],"_links":{"self":[{"href":"https:\/\/sporek.com\/blog\/index.php?rest_route=\/wp\/v2\/posts\/459"}],"collection":[{"href":"https:\/\/sporek.com\/blog\/index.php?rest_route=\/wp\/v2\/posts"}],"about":[{"href":"https:\/\/sporek.com\/blog\/index.php?rest_route=\/wp\/v2\/types\/post"}],"author":[{"embeddable":true,"href":"https:\/\/sporek.com\/blog\/index.php?rest_route=\/wp\/v2\/users\/2"}],"replies":[{"embeddable":true,"href":"https:\/\/sporek.com\/blog\/index.php?rest_route=%2Fwp%2Fv2%2Fcomments&post=459"}],"version-history":[{"count":0,"href":"https:\/\/sporek.com\/blog\/index.php?rest_route=\/wp\/v2\/posts\/459\/revisions"}],"wp:attachment":[{"href":"https:\/\/sporek.com\/blog\/index.php?rest_route=%2Fwp%2Fv2%2Fmedia&parent=459"}],"wp:term":[{"taxonomy":"category","embeddable":true,"href":"https:\/\/sporek.com\/blog\/index.php?rest_route=%2Fwp%2Fv2%2Fcategories&post=459"},{"taxonomy":"post_tag","embeddable":true,"href":"https:\/\/sporek.com\/blog\/index.php?rest_route=%2Fwp%2Fv2%2Ftags&post=459"}],"curies":[{"name":"wp","href":"https:\/\/api.w.org\/{rel}","templated":true}]}}