{"id":460,"date":"2014-09-15T22:56:56","date_gmt":"2014-09-16T02:56:56","guid":{"rendered":"http:\/\/sporek.com\/blog\/?p=460"},"modified":"2014-09-15T23:01:36","modified_gmt":"2014-09-16T03:01:36","slug":"ch-dupa-ismiechu-kupa","status":"publish","type":"post","link":"https:\/\/sporek.com\/blog\/?p=460","title":{"rendered":"Ch.., dupa&#8230; i&#8230;\u015bmiechu kupa"},"content":{"rendered":"<p><span style=\"color: #000000; font-family: Arial; font-size: 13px; font-style: normal; font-variant: normal; font-weight: normal; text-decoration: none; vertical-align: baseline; background-color: transparent\">Nie pami\u0119tam ju\u017c, w kt\u00f3rym artykule pisa\u0142em, \u017ce gdy PiS dojdzie do w\u0142adzy, to przede wszystkim winien u\u015bwiadomi\u0107 spo\u0142ecze\u0144stwu, co zrobi\u0142a, a czego nie zrobi\u0142a rz\u0105dz\u0105ca koalicja PO-PSL; <!--more-->w jakim stanie zostawili kraj i spo\u0142ecze\u0144stwo. Nar\u00f3d musi to wiedzie\u0107, zanim zdecyduje si\u0119 zaakceptowa\u0107 drastyczne reformy, kt\u00f3re &#8211; nie ma od tego odwo\u0142ania -, b\u0119d\u0105 bolesne. Ale to w du\u017cej mierze wina wyborc\u00f3w. To oni oddali Polsk\u0119 bandzie aferzyst\u00f3w, skandalist\u00f3w i z\u0142odziei. Potem winny nast\u0105pi\u0107 konsultacje z prawnikami i konstytucjonalistami, za tym powinny p\u00f3j\u015b\u0107 doniesienia o podejrzeniu pope\u0142nienia przest\u0119pstwa, czyli skierowanie spraw do prokuratury, a stamt\u0105d do s\u0105du. Tych, kt\u00f3rzy dopu\u015bcili si\u0119 przest\u0119pstw przeciwko polskiej racji stanu powinno postawi\u0107 si\u0119 przed trybuna\u0142em stanu. Je\u015bli maj\u0105tki obecnie rz\u0105dzacych nie b\u0119d\u0105 do wyt\u0142umaczenia &#8211; odebra\u0107; zmieni\u0107 przepisy prawne i odebra\u0107. Z\u0142odziej musi odda\u0107, co ukrad\u0142 <\/span><span style=\"color: #000000; font-family: Arial; font-size: 13px; font-style: normal; font-variant: normal; font-weight: normal; text-decoration: none; vertical-align: baseline; background-color: transparent\">i do wi\u0119zienia. <\/span><\/p>\n<p><strong style=\"font-weight: normal\"><\/p>\n<p dir=\"ltr\" style=\"line-height: 1.15; margin-top: 0pt; margin-bottom: 0pt\"><span style=\"color: #000000; font-family: Arial; font-size: 13px; font-style: normal; font-variant: normal; font-weight: normal; text-decoration: none; vertical-align: baseline; background-color: transparent\">Pisa\u0142em o sytuacji, w kt\u00f3rej PiS wygra\u0142by wybory i oto niespodziewanie ucieczka Tuska do Europy (jako\u015b nie pasuje mi tu s\u0142owo awans), sprokowa\u0142a PiS do zrobienia tego, o czym pisa\u0142em grubo wcze\u015bniej. I to jest znakomita sytuacja. PiS nie ryzykuje, \u017ce spo\u0142ecze\u0144stwo b\u0119dzie si\u0119 buntowa\u0142o przeciwko jego rz\u0105dom, bo jeszcze nie rz\u0105dzi. A je\u015bli zapowiedziany \u201caudyt\u201d b\u0119dzie zrobiony przejrzy\u015bcie, czytelnie i zrozumiale dla wszystkich, to by\u0142by to ogromny sukces Prawa i Sprawiedliwo\u015bci. I daj Bo\u017ce zdj\u0119\u0142oby to \u00a0wreszcie bielmo z oczu mi\u0142o\u015bnik\u00f3w Platformy i PSL. A wi\u0119c czekamy na audyt.<\/span><\/p>\n<p dir=\"ltr\" style=\"line-height: 1.15; margin-top: 0pt; margin-bottom: 0pt\"><span style=\"color: #000000; font-family: Arial; font-size: 13px; font-style: normal; font-variant: normal; font-weight: normal; text-decoration: none; vertical-align: baseline; background-color: transparent\"><strong>A teraz prze\u015bmieszna historia z sejmu<\/strong> z udzia\u0142em nowo-mianowanej \u201cpremiery\u201d rz\u0105du, Ewy Kopacz jeszcze, oczywi\u015bcie, jako \u201cmarsza\u0142ki\u201d.<\/span><\/p>\n<p dir=\"ltr\" style=\"line-height: 1.15; margin-top: 0pt; margin-bottom: 0pt\"><span style=\"color: #000000; font-family: Arial; font-size: 13px; font-style: normal; font-variant: normal; font-weight: normal; text-decoration: none; vertical-align: baseline; background-color: transparent\">Oto przemawia przeciwnik reformy wychowania seksualnego, czyli skandalicznego bubla, kt\u00f3ry uczy sze\u015bciolatk\u00f3w, jak si\u0119 masturbowa\u0107 i m\u00f3wi:<\/span><\/p>\n<p dir=\"ltr\" style=\"line-height: 1.15; margin-top: 0pt; margin-bottom: 0pt\"><span style=\"color: #000000; font-family: Arial; font-size: 13px; font-style: italic; font-variant: normal; font-weight: normal; text-decoration: none; vertical-align: baseline; background-color: transparent\">\u201cPodr\u0119cznik instruuje, \u017ce nale\u017cy uj\u0105\u0107 siusiaka w d\u0142o\u0144 i przesuwa\u0107 d\u0142oni\u0105 w prz\u00f3d i w ty\u0142, tak, aby ods\u0142oni\u0107 napletek\u201d&#8230;<\/span><span style=\"color: #000000; font-family: Arial; font-size: 13px; font-style: normal; font-variant: normal; font-weight: normal; text-decoration: none; vertical-align: baseline; background-color: transparent\">. W tym momencie \u201cmarsza\u0142ka\u201d sejmu, obecnie \u201cpremiera\u201d rz\u0105du &#8211; Ewa Kopacz interweniuje: <\/span><span style=\"color: #000000; font-family: Arial; font-size: 13px; font-style: italic; font-variant: normal; font-weight: bold; text-decoration: none; vertical-align: baseline; background-color: transparent\">\u201cProsz\u0119 pana, prosz\u0119 przesta\u0107, tam na galerii jest jednak sporo m\u0142odych ludzi\u201d.<\/span><\/p>\n<p dir=\"ltr\" style=\"line-height: 1.15; margin-top: 0pt; margin-bottom: 0pt\"><span style=\"color: #000000; font-family: Arial; font-size: 13px; font-style: normal; font-variant: normal; font-weight: normal; text-decoration: none; vertical-align: baseline; background-color: transparent\">Nie opanowa\u0142em \u015bmiechu i zaplu\u0142em monitor komputera. Dramat pog\u0142\u0119bi\u0142 fakt, \u017ce w tym samym momencie \u017cu\u0142em sobie orzechy w\u0142oskie. Sprz\u0105tania mia\u0142em na p\u00f3\u0142 godziny. Ale warto by\u0142o, bo rzadko cz\u0142owiek natrafia na tak\u0105 bomb\u0119 debilizmu, jakim wykaza\u0142a si\u0119 \u201cmarsza\u0142ka\u201d. A co mnie tak roz\u015bmieszy\u0142o? Ot\u00f3\u017c w tym momencie kamerzysta pokaza\u0142 tych \u201cm\u0142odych\u201d ludzi na galerii; to byli nastolatkowie ze szk\u00f3\u0142 \u015brednich. Czujecie ten paradkos? Instrukcja dla sze\u015bciolatk\u00f3w mog\u0142a, wg wybitnej intelektualistki sejmowo-rz\u0105dowej zgorszy\u0107 nastolatk\u00f3w.<\/span><\/p>\n<p dir=\"ltr\" style=\"line-height: 1.15; margin-top: 0pt; margin-bottom: 0pt\"><span style=\"color: #000000; font-family: Arial; font-size: 13px; font-style: normal; font-variant: normal; font-weight: normal; text-decoration: none; vertical-align: baseline; background-color: transparent\">I taki p\u00f3\u0142m\u00f3zgowiec b\u0119dzie teraz rz\u0105dzi\u0107 Polsk\u0105. Od siedzenia w tym wielkim, \u00a0marsza\u0142kowskim fotelu rozum spad\u0142 jej ju\u017c ca\u0142kiem poni\u017cej brzucha. Ju\u017c nie wspomn\u0119, \u017ce banda debili z ministerstwa o\u015bwiaty powinna sko\u0144czy\u0107 w zamkni\u0119tym zak\u0142adzie psychiatrycznym. Natomiast po tym niebywa\u0142ym \u201cwyst\u0119pie\u201d Ewy Kopacz mam wniosek, aby ka\u017cdego kandydata na pos\u0142a, czy ministra podda\u0107 testowi na inteligencj\u0119. Potwierdza to kolejna, ujawniona rozmowa Sikorskiego z Rostkowskim, gdzie minister spraw zagranicznych informuje by\u0142ego ksi\u0119gowego, \u017ce otwar\u0142 si\u0119, jaki\u015b nowy burdel, gdzie \u201cblow \u00a0job\u201d kosztuje 25 z\u0142otych, a \u201canal job\u201d &#8211; 35 z\u0142ot\u00f3wek. Z wrodzenej przyzwoito\u015bci nie b\u0119d\u0119 t\u0142umaczy\u0142 na polski.<\/span><\/p>\n<p dir=\"ltr\" style=\"line-height: 1.15; margin-top: 0pt; margin-bottom: 0pt\"><span style=\"color: #000000; font-family: Arial; font-size: 13px; font-style: normal; font-variant: normal; font-weight: normal; text-decoration: none; vertical-align: baseline; background-color: transparent\">I jeszcze kr\u00f3tki komentarz do Tuskowej rejterady: \u017ceby obsadzi\u0107 stanowisko szefa Europy u\u017cyto urz\u0119duj\u0105cego premiera, natomiast na stanowisko komisarza ds mi\u0119dzynarodowych, czyli europejskiego ministra spraw zagranicznych mianowano kompletnie nieznan\u0105 W\u0142oszk\u0119, kt\u00f3rej nazwiska nawet nie chce mi si\u0119 teraz szuka\u0107, bo tak, jak jej poprzedniczka, nie zrobi nic, co mia\u0142oby jaki\u015b wi\u0119kszy sens.Nowa ministra spraw zagranicznych Europy, to smarkula, prawie \u015bwie\u017co po jakich\u015b tam studiach politologicznych. Jak na d\u0142oni wida\u0107, \u017ce Unia Europejska robi sobie z obywateli Europy \u017cywne jaja. <\/span><\/p>\n<p dir=\"ltr\" style=\"line-height: 1.15; margin-top: 0pt; margin-bottom: 0pt\"><span style=\"color: #000000; font-family: Arial; font-size: 13px; font-style: normal; font-variant: normal; font-weight: normal; text-decoration: none; vertical-align: baseline; background-color: transparent\">A podobno Sienkiewicz, ten od s\u0142ynnej rozmowy z Belk\u0105 b\u0119dzie doradc\u0105 pani premiery. Nic uj\u0105\u0107 nic doda\u0107. Tak si\u0119 robi Nar\u00f3d w balona. Ksi\u0119gowy ma by\u0107\u2026 ministrem spraw zagranicznych. Ale jaja.<\/span><\/p>\n<p dir=\"ltr\" style=\"line-height: 1.15; margin-top: 0pt; margin-bottom: 0pt\"><span style=\"color: #000000; font-family: Arial; font-size: 13px; font-style: normal; font-variant: normal; font-weight: normal; text-decoration: none; vertical-align: baseline; background-color: transparent\">A Tusk m\u00f3wi\u0142 w telewizorni, \u017ce do ko\u0144ca wakacji Sienkiewicz musi si\u0119 wyt\u0142umaczy\u0107 z tej rozmowy. Piechoci\u0144ski za\u017c\u0105da\u0142 tego samego. I co? Jak zwykle &#8211; NIC..<\/span><\/p>\n<p dir=\"ltr\" style=\"line-height: 1.15; margin-top: 0pt; margin-bottom: 0pt\"><span style=\"color: #000000; font-family: Arial; font-size: 13px; font-style: normal; font-variant: normal; font-weight: normal; text-decoration: none; vertical-align: baseline; background-color: transparent\">\u201cA to Polska w\u0142a\u015bnie\u201d &#8211; ale wy\u0142\u0105cznie pod rz\u0105dami PO-PSL. Zgnilizna, bagno, dno. Z bagnistego dna odbi\u0107 si\u0119 strasznie trudno.<\/span><\/p>\n<p><\/strong><\/p>\n","protected":false},"excerpt":{"rendered":"<p>Nie pami\u0119tam ju\u017c, w kt\u00f3rym artykule pisa\u0142em, \u017ce gdy PiS dojdzie do w\u0142adzy, to przede wszystkim winien u\u015bwiadomi\u0107 spo\u0142ecze\u0144stwu, co zrobi\u0142a, a czego nie zrobi\u0142a rz\u0105dz\u0105ca koalicja PO-PSL;<\/p>\n","protected":false},"author":2,"featured_media":0,"comment_status":"open","ping_status":"open","sticky":false,"template":"","format":"standard","meta":[],"categories":[4],"tags":[],"_links":{"self":[{"href":"https:\/\/sporek.com\/blog\/index.php?rest_route=\/wp\/v2\/posts\/460"}],"collection":[{"href":"https:\/\/sporek.com\/blog\/index.php?rest_route=\/wp\/v2\/posts"}],"about":[{"href":"https:\/\/sporek.com\/blog\/index.php?rest_route=\/wp\/v2\/types\/post"}],"author":[{"embeddable":true,"href":"https:\/\/sporek.com\/blog\/index.php?rest_route=\/wp\/v2\/users\/2"}],"replies":[{"embeddable":true,"href":"https:\/\/sporek.com\/blog\/index.php?rest_route=%2Fwp%2Fv2%2Fcomments&post=460"}],"version-history":[{"count":0,"href":"https:\/\/sporek.com\/blog\/index.php?rest_route=\/wp\/v2\/posts\/460\/revisions"}],"wp:attachment":[{"href":"https:\/\/sporek.com\/blog\/index.php?rest_route=%2Fwp%2Fv2%2Fmedia&parent=460"}],"wp:term":[{"taxonomy":"category","embeddable":true,"href":"https:\/\/sporek.com\/blog\/index.php?rest_route=%2Fwp%2Fv2%2Fcategories&post=460"},{"taxonomy":"post_tag","embeddable":true,"href":"https:\/\/sporek.com\/blog\/index.php?rest_route=%2Fwp%2Fv2%2Ftags&post=460"}],"curies":[{"name":"wp","href":"https:\/\/api.w.org\/{rel}","templated":true}]}}