{"id":461,"date":"2014-09-19T22:12:09","date_gmt":"2014-09-20T02:12:09","guid":{"rendered":"http:\/\/sporek.com\/blog\/?p=461"},"modified":"2014-09-19T22:12:09","modified_gmt":"2014-09-20T02:12:09","slug":"dziekuje","status":"publish","type":"post","link":"https:\/\/sporek.com\/blog\/?p=461","title":{"rendered":"Dzi\u0119kuj\u0119"},"content":{"rendered":"<p><strong style=\"font-weight: normal\"><\/p>\n<p dir=\"ltr\" style=\"line-height: 1.15; margin-top: 0pt; margin-bottom: 0pt\" id=\"docs-internal-guid-cdf93851-90d4-52bc-6c8b-f7219d2a7f9d\"><span style=\"color: #000000; font-family: Verdana; font-size: 13px; font-style: normal; font-variant: normal; font-weight: normal; text-decoration: none; vertical-align: baseline; background-color: transparent\">Dzi\u0119kuj\u0119 wszystkim sympatykom Paltformy, wszystkim, kt\u00f3rzy g\u0142osowali na prawdom\u00f3wnego, kochaj\u0105czego Tuska i ca\u0142\u0105 t\u0119 band\u0119 nieudacznik\u00f3w, k\u0142amc\u00f3w \u00a0i leni.<\/span><\/p>\n<p dir=\"ltr\" style=\"line-height: 1.15; margin-top: 0pt; margin-bottom: 0pt\"><span style=\"color: #000000; font-family: Verdana; font-size: 13px; font-style: normal; font-variant: normal; font-weight: normal; text-decoration: none; vertical-align: baseline; background-color: transparent\">Rz\u0105d ma by\u0107 spoiwem dla Platformy. A co z Polsk\u0105, co z Narodem?<\/span><\/p>\n<p dir=\"ltr\" style=\"line-height: 1.15; margin-top: 0pt; margin-bottom: 0pt\"><span style=\"color: #000000; font-family: Verdana; font-size: 13px; font-style: normal; font-variant: normal; font-weight: normal; text-decoration: none; vertical-align: baseline; background-color: transparent\">Ju\u017c nie ma sensu pisa\u0107 o problemach Polski. Niech si\u0119 wstydz\u0105 ci, kt\u00f3rym podzi\u0119kowa\u0142em wy\u017cej. Niech si\u0119 wstydz\u0105 za ludzi, kt\u00f3rzy nie potrafi\u0105 przegrywa\u0107, kt\u00f3rzy s\u0105 po staremu nowi, kt\u00f3rzy przez siedem lat nie zrobili niczego, co mog\u0142oby pozytywnie ich zapami\u0119ta\u0107. Tylko w Polsce, w dwa miesi\u0105ce po udziale w aferze pods\u0142uchowej mo\u017cna zosta\u0107 marsza\u0142kiem sejmu, tylko w Polsce, k\u0142ami\u0105c pos\u0142om, spo\u0142ecze\u0144stwu, mo\u017cna by\u0107 marsza\u0142kiem sejmu, a potem zosta\u0107 premierem, itd, itp.<\/span><\/p>\n<p dir=\"ltr\" style=\"line-height: 1.15; margin-top: 0pt; margin-bottom: 0pt\"><span style=\"color: #000000; font-family: Verdana; font-size: 13px; font-style: normal; font-variant: normal; font-weight: normal; text-decoration: none; vertical-align: baseline; background-color: transparent\">Bior\u0105 mnie torsje. Mam zgag\u0119, jestem zniesmaczony i strasznie \u017cal mi Polski.<\/span><\/p>\n<p><\/strong><\/p>\n","protected":false},"excerpt":{"rendered":"<p>Dzi\u0119kuj\u0119 wszystkim sympatykom Paltformy, wszystkim, kt\u00f3rzy g\u0142osowali na prawdom\u00f3wnego, kochaj\u0105czego Tuska i ca\u0142\u0105 t\u0119 band\u0119 nieudacznik\u00f3w, k\u0142amc\u00f3w \u00a0i leni. Rz\u0105d ma by\u0107 spoiwem dla Platformy. A co z Polsk\u0105, co z Narodem? Ju\u017c nie ma sensu pisa\u0107 o problemach Polski. Niech si\u0119 wstydz\u0105 ci, kt\u00f3rym podzi\u0119kowa\u0142em wy\u017cej. Niech si\u0119 wstydz\u0105 za ludzi, kt\u00f3rzy nie potrafi\u0105 [&hellip;]<\/p>\n","protected":false},"author":2,"featured_media":0,"comment_status":"open","ping_status":"open","sticky":false,"template":"","format":"standard","meta":[],"categories":[4],"tags":[],"_links":{"self":[{"href":"https:\/\/sporek.com\/blog\/index.php?rest_route=\/wp\/v2\/posts\/461"}],"collection":[{"href":"https:\/\/sporek.com\/blog\/index.php?rest_route=\/wp\/v2\/posts"}],"about":[{"href":"https:\/\/sporek.com\/blog\/index.php?rest_route=\/wp\/v2\/types\/post"}],"author":[{"embeddable":true,"href":"https:\/\/sporek.com\/blog\/index.php?rest_route=\/wp\/v2\/users\/2"}],"replies":[{"embeddable":true,"href":"https:\/\/sporek.com\/blog\/index.php?rest_route=%2Fwp%2Fv2%2Fcomments&post=461"}],"version-history":[{"count":0,"href":"https:\/\/sporek.com\/blog\/index.php?rest_route=\/wp\/v2\/posts\/461\/revisions"}],"wp:attachment":[{"href":"https:\/\/sporek.com\/blog\/index.php?rest_route=%2Fwp%2Fv2%2Fmedia&parent=461"}],"wp:term":[{"taxonomy":"category","embeddable":true,"href":"https:\/\/sporek.com\/blog\/index.php?rest_route=%2Fwp%2Fv2%2Fcategories&post=461"},{"taxonomy":"post_tag","embeddable":true,"href":"https:\/\/sporek.com\/blog\/index.php?rest_route=%2Fwp%2Fv2%2Ftags&post=461"}],"curies":[{"name":"wp","href":"https:\/\/api.w.org\/{rel}","templated":true}]}}