{"id":462,"date":"2014-09-24T13:35:26","date_gmt":"2014-09-24T17:35:26","guid":{"rendered":"http:\/\/sporek.com\/blog\/?p=462"},"modified":"2014-09-26T18:23:10","modified_gmt":"2014-09-26T22:23:10","slug":"jak-to-bedzie-z-greenpointem","status":"publish","type":"post","link":"https:\/\/sporek.com\/blog\/?p=462","title":{"rendered":"Jak to b\u0119dzie z Greenpointem?"},"content":{"rendered":"<p><span style=\"color: #000000; font-family: Verdana; font-size: 13px; font-style: normal; font-variant: normal; font-weight: normal; text-decoration: none; vertical-align: baseline; background-color: transparent\">Powinienem w\u0142a\u015bciwie zapyta\u0107 \u201cJak to b\u0119dzie z Poloni\u0105\u201d? B\u0119dzie \u017ale, &#8211; m\u00f3wi\u0119 to na samym pocz\u0105tku. Znowu moje \u201cwrogi&#8221; powiedz\u0105, \u017ce wsadzam kij w mrowisko. Niech tam\u2026 <!--more-->A b\u0119dzie \u017ale z powodu nas samych. Mam co najmniej kilkunastu znajomych, kt\u00f3rzy wyprowadzili si\u0119 z tej \u201coazy polsko\u015bci\u201d z powodu cen, jakie z sufitu dyktuj\u0105 za mieszkania i lokale biznesowe polscy \u201clandlorzy\u201d. B\u0119dzie \u017ale, bo z tego samego powodu padaj\u0105 polonijne biznesy. B\u0119dzie \u017ale, bo Polonia nie ma lider\u00f3w, kt\u00f3rzy mieliby jakikolwiek program naprawy tej sytuacji, opr\u00f3cz apeli do mieszka\u0144c\u00f3w, aby nie opuszczali Greenpointu, cho\u0107 sami, od dawna z Greenpointem nie maj\u0105 nic wsp\u00f3lnego, bo pokupowali cha\u0142upy na Long Island, albo gdzie\u015b w New Jersey, czy nawet Westchester. \u201cWpadaj\u0105\u201d na Greenpoint pourz\u0119dowa\u0107 w swoich biurach &#8211; wi\u0119kszo\u015b\u0107 zakupi\u0142a domy, w kt\u00f3rych na parterze zainstalowali swoje biznesy, reszt\u0119 pomieszcze\u0144 wynaj\u0119li za niebotyczne ceny, wi\u0119c nie czuj\u0105 b\u00f3lu tych, kt\u00f3rzy musz\u0105 p\u0142aci\u0107 czynsze w wysoko\u015bci sze\u015b\u0107 do dziesi\u0119ciu tysi\u0119cy za niewielkie pomieszczenia biznesowe, lub minimum tysi\u0105c dolar\u00f3w za mizerne studio na p\u00f3\u0142torej osoby. Ponadto ci \u201clandlorzy\u201d maj\u0105 g\u0142\u0119boko gdzie\u015b pro\u015bby wynajmuj\u0105cych o, np. wyw\u00f3z badziewia zalegaj\u0105cego piwnice i powoduj\u0105cego smr\u00f3d, napraw\u0119 urz\u0105dze\u0144, instalacji, czy tym podobnych. \u201cLandlorzy\u201d, czyt. \u201cLand-lordowie\u201d chc\u0105 mie\u0107 pierwszego, ka\u017cdego miesi\u0105ca czek, a jak si\u0119 nie podoba, to wynocha, &#8211; przyjdzie inny lokator.<\/span><\/p>\n<p><strong style=\"font-weight: normal\"><\/p>\n<p dir=\"ltr\" style=\"line-height: 1.15; margin-top: 0pt; margin-bottom: 0pt\"><span style=\"color: #000000; font-family: Verdana; font-size: 13px; font-style: normal; font-variant: normal; font-weight: normal; text-decoration: none; vertical-align: baseline; background-color: transparent\">B\u0119dzie \u017ale, bo nie ma polonijnych instytucji, kt\u00f3re mia\u0142yby jakikolwiek program naprawy tej sytuacji. A sytuacja jest coraz powa\u017cniejsza. <\/span><\/p>\n<p dir=\"ltr\" style=\"line-height: 1.15; margin-top: 0pt; margin-bottom: 0pt\"><span style=\"color: #000000; font-family: Verdana; font-size: 13px; font-style: normal; font-variant: normal; font-weight: normal; text-decoration: none; vertical-align: baseline; background-color: transparent\">Unia Kredytowa przesta\u0142a ju\u017c ca\u0142kowicie dba\u0107 o kontakt z Cz\u0142onkami; comiesi\u0119czne wypociny dyrektora wykonawczego i przewodnicz\u0105cego rady dyrektor\u00f3w, to wy\u0142\u0105cznie przechwa\u0142ki na temat \u201cogromnych sukces\u00f3w Unii Kredytowej\u201d. Nowe \u201cmiot\u0142y\u201d pozamiata\u0142y i ciesz\u0105 si\u0119 ciep\u0142ymi posadkami, ale jako\u015b nigdy nie poda\u0142y do cz\u0142onkowskiej wiadomo\u015bci ilu dyrektor\u00f3w z rodzinami polecia\u0142o do Australii i ile to nas kosztowa\u0142o. \u00a0Niechlubn\u0105 decyzj\u0105 naszej, tak zachwalanej przez jej szef\u00f3w instytucji finansowej jest przyznanie w ostatnim czasie kwoty \u00a0&#8211; uwaga &#8211; 500 dolar\u00f3w (pi\u0119ciuset dolar\u00f3w)(!) na obchody 125 rocznicy dzia\u0142alno\u015bci Zwi\u0105zku Spiewak\u00f3w Polskich w Ameryce i Kanadzie, kt\u00f3re maj\u0105 si\u0119 odby\u0107 pod koniec pa\u017adziernika, tzw. \u201cMiesi\u0105ca dziedzictwa polskiego\u201d. Zwi\u0105zek \u015apiewak\u00f3w Polskich jest jedn\u0105 z najstarszych, o ile nie najstarsz\u0105 organizacj\u0105 polonijn\u0105 krzewi\u0105c\u0105 polsk\u0105 pie\u015b\u0144, a przez to polsk\u0105 kultur\u0119. W\u0142adcy Unii Kredytowej uwa\u017caj\u0105, \u017ce ten chwalebny jubileusz wart jest jedynie 500 dolar\u00f3w. To nie jest \u015bmieszne, to jest skandal \u015bwiadcz\u0105cy o wyj\u0105tkowo prymitywnym podej\u015bciu szef\u00f3w naszego banku do spraw kultury polskiej i ludzi, kt\u00f3rzy spo\u0142ecznie j\u0105 krzewi\u0105, po\u015bwi\u0119caj\u0105c prywatny czas, energi\u0119 i talent, aby pie\u015b\u0144 polska brzmia\u0142a na tej obcej ziemi. Z\u015aPA jest organizacj\u0105 niedochodow\u0105, co jest wystarczaj\u0105cym aututem w przyznaniu znacznej kwoty na tak\u0105 imprez\u0119. Jak to si\u0119 ma do horrendalnych koszt\u00f3w wycieczki dyrektor\u00f3w z rodzinami do Australii? Jak to si\u0119 ma do ogromnych pieni\u0119dzy wydanych na Columbia University &#8211; p\u00f3\u0142 miliona dolar\u00f3w!? Jak to si\u0119 ma do kilkunastu tysi\u0119cy na festiwale typu Chopin i przyjaciele, czy inne? Jak to w ko\u0144cu si\u0119 ma do odszkodowa\u0144 &#8211; czyt. \u201ckilkuset tysi\u0119cznych nagr\u00f3d, jednorazowych\u201d, kt\u00f3re dostaj\u0105 tzw. wyrzuceni dyrektorzy, kt\u00f3rzy po trzech latach wracaj\u0105 i zn\u00f3w dostaj\u0105 kilkaset tysi\u0119cy dolar\u00f3w rocznie, jako \u201czas\u0142u\u017con\u0105\u201d pensj\u0119? <\/span><\/p>\n<p dir=\"ltr\" style=\"line-height: 1.15; margin-top: 0pt; margin-bottom: 0pt\"><span style=\"color: #000000; font-family: Verdana; font-size: 13px; font-style: normal; font-variant: normal; font-weight: normal; text-decoration: none; vertical-align: baseline; background-color: transparent\">Podobno przy Konsulacie Generalnym powsta\u0142o jakie\u015b \u201cCia\u0142o doradcze\u201d ds Polonii. Nie mam zielonego poj\u0119cia, kto zasiada w tym \u201cCiele\u201d i co \u201cCia\u0142o\u201d ma zamiar robi\u0107 w sprawach polonijnych. Z innych \u017ar\u00f3de\u0142 wiem, \u017ce konsulaty nie mog\u0105 miesza\u0107 si\u0119 w \u017cycie organizacji polonijnych, (no, chyba, \u017ce je poustawia\u0107 wg w\u0142asnych, czytaj, prorz\u0105dowych regulacji), a z jeszcze innych wiem, \u017ce zasiada w nim szefowa Centrum Polsko-S\u0142owia\u0144skiego. To mo\u017ce dobrze by\u0142oby poinformowa\u0107 Cz\u0142onk\u00f3w naszej organizacji na temat tej, kolejnej, polonijnej organizacji do \u201cnic-nierobienia\u201d. Mo\u017ce powsta\u0142o to \u201cCia\u0142o\u201d wy\u0142\u0105cznie po to, \u017ceby w niedalekiej przysz\u0142o\u015bci znowu wypi\u0105\u0107 piersi jej cz\u0142onk\u00f3w do prezydenckich odznacze\u0144 na przyk\u0142ad za dzia\u0142alno\u015b\u0107 kulturaln\u0105, kt\u00f3rej na Greenpoincie ju\u017c praktycznie nie do\u015bwiadczamy, bo jej nie ma. Zupe\u0142nie niedawno takie ordery przypinano i to ludziom, kt\u00f3rzy w kulturze nie zrobili kompletnie nic. <\/span><\/p>\n<p dir=\"ltr\" style=\"line-height: 1.15; margin-top: 0pt; margin-bottom: 0pt\"><span style=\"color: #000000; font-family: Verdana; font-size: 13px; font-style: normal; font-variant: normal; font-weight: normal; text-decoration: none; vertical-align: baseline; background-color: transparent\">Ju\u017c nied\u0142ugo doczekamy sytuacji, w kt\u00f3rej parafie b\u0119d\u0105 mia\u0142y ogromny problem, \u017ceby utrzyma\u0107 polskie ko\u015bcio\u0142y, czyli te \u201cinstytucje\u201d od kt\u00f3rych nasi przodkowie zaczynali emigracj\u0119 w tym kraju.<\/span><\/p>\n<p dir=\"ltr\" style=\"line-height: 1.15; margin-top: 0pt; margin-bottom: 0pt\"><span style=\"color: #000000; font-family: Verdana; font-size: 13px; font-style: normal; font-variant: normal; font-weight: normal; text-decoration: none; vertical-align: baseline; background-color: transparent\">Od przer\u00f3\u017cnej ma\u015bci organizacji polonijnych roi si\u0119 w Ameryce, jak na uprzczonej kwiatami \u0142\u0105ce, a Nowy Dziennik, w relacji z uroczysto\u015bci pod pomnikiem katy\u0144skim, 14 wrze\u015bnia pisze: <\/span><span style=\"color: #000000; font-family: Verdana; font-size: 13px; font-style: italic; font-variant: normal; font-weight: normal; text-decoration: none; vertical-align: baseline; background-color: transparent\">\u201cPrzy pomniku spotkali si\u0119 weterani armii polskiej i ameryka\u0144skiej, \u00a0harcerze z Brooklynu, Clifton i Clark w New Jersey, przedstawiciele licznych polskich organizacji oraz Konsulatu Generalnego RP w Nowym Jorku\u201d<\/span><span style=\"color: #000000; font-family: Verdana; font-size: 13px; font-style: normal; font-variant: normal; font-weight: normal; text-decoration: none; vertical-align: baseline; background-color: transparent\">.<\/span><\/p>\n<p dir=\"ltr\" style=\"line-height: 1.15; margin-top: 0pt; margin-bottom: 0pt\"><span style=\"color: #000000; font-family: Verdana; font-size: 13px; font-style: normal; font-variant: normal; font-weight: normal; text-decoration: none; vertical-align: baseline; background-color: transparent\">I to s\u0142owo \u201clicznych\u201d wkurzy\u0142o mnie najbardziej, poza mylnie zapisan\u0105 nazw\u0105 klubu motocyklist\u00f3w Unknown Bikers, z kt\u00f3rych zrobiono \u201cUnknos Bikers\u201d, ot rzetelno\u015b\u0107 dziennikarska. Janusz Szlechta mia\u0142 do wymienienia dwa kluby motocyklowe, w czym dokona\u0142 50% b\u0142\u0119d\u00f3w. <\/span><\/p>\n<p dir=\"ltr\" style=\"line-height: 1.15; margin-top: 0pt; margin-bottom: 0pt\"><span style=\"color: #000000; font-family: Verdana; font-size: 13px; font-style: normal; font-variant: normal; font-weight: normal; text-decoration: none; vertical-align: baseline; background-color: transparent\">W tych \u201clicznych\u201d organizacjach, kt\u00f3rych by\u0142o zaledwie kilka, opr\u00f3cz harcerzy by\u0142 Klub Gazety Polskiej, Nowy Jork i Solidarni 2010, &#8211; organizacje, kt\u00f3re nie maj\u0105 \u017cadnego wsparcia finansowego znik\u0105d, ale, kt\u00f3re dzia\u0142aj\u0105 systematycznie i o ich dzia\u0142alno\u015bci przeci\u0119tny \u201cKowalski\u201d na Greenpoincie wie wi\u0119cej, ni\u017c na temat dzia\u0142alno\u015bci Centrum, czy Fundacji Ko\u015bciuszkowskiej <\/span><span style=\"color: #000000; font-family: Verdana; font-size: 13px; font-style: italic; font-variant: normal; font-weight: normal; text-decoration: none; vertical-align: baseline; background-color: transparent\">(przedstawicieli tej organizacji nigdy nie widzia\u0142em pod pomnikiem)<\/span><span style=\"color: #000000; font-family: Verdana; font-size: 13px; font-style: normal; font-variant: normal; font-weight: normal; text-decoration: none; vertical-align: baseline; background-color: transparent\">. Nowy Dziennik nie fatyguje si\u0119 jednak, aby te organizacje wymieni\u0107. Nie wymieniono delegacji KPA z New Jersey, KPA z Long Island\u00a0i kilku innych organizacji.<\/span><\/p>\n<p dir=\"ltr\" style=\"line-height: 1.15; margin-top: 0pt; margin-bottom: 0pt\"><span style=\"color: #000000; font-family: Verdana; font-size: 13px; font-style: normal; font-variant: normal; font-weight: normal; text-decoration: none; vertical-align: baseline; background-color: transparent\">Nie widzia\u0142em delegacji Centrum Polsko-S\u0142owia\u0144skiego, Kongresu Polonii Ameryka\u0144skiej, z Nowego Jorku, Instytutu Pi\u0142sudskiego, Parady Pu\u0142askiego, Pu\u0142aski Association of Business &amp; Professional Men, Polish-American Business Club,\u00a0 ksi\u0119\u017cy i ca\u0142ej gromady innych, \u201clicznych\u201d organizacji. Konsulat wys\u0142a\u0142 kt\u00f3rego\u015b z kolei zast\u0119pc\u0119 (z ca\u0142ym szacunkiem dla konsula Swobody), bo pani generalna mia\u0142a jak\u0105\u015b wa\u017cniejsz\u0105 imprez\u0119 do obs\u0142u\u017cenia &#8211; co mo\u017ce by\u0107 wa\u017cniejszego dla przedstawicielki rz\u0105du RP od oddania ho\u0142du ofiarom najwi\u0119kszej stalinowskiej zbrodni na polskiej inteligencji i oficerach Wojska Polskiego\u2026? Dlaczego Ksi\u0105dz Zubik, kt\u00f3ry jest kapelanem armii ameryka\u0144skiej w stopniu genera\u0142a (!) i jest na wszystkich patriotycznych uroczysto\u015bciach zosta\u0142 przez prowadz\u0105c\u0105 przedstawiony, jako \u201csubstytut\u201d? &#8211; ludzie, trzymajcie mnie! Ca\u0142a uroczysto\u015b\u0107 by\u0142a nad wyraz skromna w liczb\u0119 Polonus\u00f3w, a prowadzenie jej w wi\u0119kszo\u015bci w j\u0119zyku angielskim by\u0142o wr\u0119cz \u017cenuj\u0105ce i nie usprawiedliwia tego fakt udzia\u0142u w niej szeregowej przedstawicielki w\u0142adz miasta Jersey City. Ja nie wiem, kiedy my wreszcie sko\u0144czymy m\u00f3wi\u0107 do siebie po angielsku. A ju\u017c mieszanie polskiego z angielskim w jednym przem\u00f3wieniu doprowadza mnie do szewskiej pasji. Elegancko i wr\u0119cz nobilituj\u0105co wygl\u0105da\u0142oby zatrudnienie dobrze m\u00f3wi\u0105cego t\u0142umacza, a nie st\u0119kanie. Natomiast anonsowanie rocznicowego balu ch\u00f3ru Aria przy tej okazji by\u0142o wr\u0119cz \u017cenad\u0105 i niewa\u017cne jest, \u017ce Aria okrasi\u0142a t\u0119 uroczysto\u015b\u0107 kilkoma pie\u015bniami. <\/span><\/p>\n<p dir=\"ltr\" style=\"line-height: 1.15; margin-top: 0pt; margin-bottom: 0pt\"><span style=\"color: #000000; font-family: Verdana; font-size: 13px; font-style: normal; font-variant: normal; font-weight: normal; text-decoration: none; vertical-align: baseline; background-color: transparent\">Nie widzia\u0142em te\u017c przedstawicieli medi\u00f3w, poza wspomnianym N. Dziennikiem. Dlaczego\u2026?<\/span><\/p>\n<p dir=\"ltr\" style=\"line-height: 1.15; margin-top: 0pt; margin-bottom: 0pt\"><span style=\"color: #000000; font-family: Verdana; font-size: 13px; font-style: normal; font-variant: normal; font-weight: normal; text-decoration: none; vertical-align: baseline; background-color: transparent\">Chwa\u0142a Harcerzom i ich wychowawcom, chwa\u0142a wszystkim, kt\u00f3rzy wzi\u0119li udzia\u0142 w tej uroczysto\u015bci, \u0142\u0105cznie z jej organizatorami, chwa\u0142a wszystkim niezrzeszonym, kt\u00f3rzy tam przybyli, ale zr\u00f3bmy co\u015b, aby tego typu uroczysto\u015bci by\u0142y organizowane lepiej.<\/span><\/p>\n<p dir=\"ltr\" style=\"line-height: 1.15; margin-top: 0pt; margin-bottom: 0pt\"><span style=\"color: #000000; font-family: Verdana; font-size: 13px; font-style: normal; font-variant: normal; font-weight: normal; text-decoration: none; vertical-align: baseline; background-color: transparent\">Czy jest to zwi\u0105zane z \u201cwyka\u0144czaniem\u201d si\u0119 warto\u015bci polonijnych, patriotycznych, jednoczeniowych w \u015brodowiskach polonijnych? A mo\u017ce wystarczy bardziej to reklamowa\u0107? Lepiej przygotowa\u0107? Mo\u017ce. Wiem jednak, \u017ce jak organizujemy \u201cdinner-ball\u201d, to wszystko dopi\u0119te jest na ostatni guzik, bo organizacje dostaj\u0105 kup\u0119 forsy od r\u00f3\u017cnych sponsor\u00f3w, kt\u00f3rym zawsze wydaje si\u0119, \u017ce forsa na bale, a nie na uroczysto\u015bci patriotyczne jest lepiej wydana&#8230;<\/span><\/p>\n<p dir=\"ltr\" style=\"line-height: 1.15; margin-top: 0pt; margin-bottom: 0pt\"><span style=\"color: #000000; font-family: Verdana; font-size: 13px; font-style: normal; font-variant: normal; font-weight: normal; text-decoration: none; vertical-align: baseline; background-color: transparent\">Niestety, tacy jeste\u015bmy: Organizacji od cholery, lider\u00f3w jeszcze wi\u0119cej, a rzeczywisto\u015b\u0107 jest coraz bardziej dramatyczna. Na ulicach Greenpointu roi si\u0119 od \u017c\u00f3\u0142tych, czarnych, brodatych, pejsatych, w turbanach i czarnych sukniach z zas\u0142oni\u0119t\u0105 twarz\u0105, a my nie mamy ani o\u015brodka kultury, ani obiecywanej przed rozbudow\u0105 CPS biblioteki z czytelni\u0105, ani \u017cadnej innej rzeczy, kt\u00f3ra jednoczy\u0142aby, scala\u0142a Poloni\u0119, kt\u00f3ra podwy\u017csza\u0142aby jej jako\u015b\u0107 i warto\u015b\u0107 na rynku ameryka\u0144skim. Od czasu \u015bp. prezesa Mazewskiego, kiedy by\u0142 tylko jeden Kongres Polonii Ameryka\u0144skiej znaczymy tu coraz mniej. Tylko prezesom wydaje si\u0119, \u017ce znacz\u0105 du\u017co, ale to iluzja zakompleksionych ludzik\u00f3w. I tyle.<\/span><\/p>\n<p><\/strong><\/p>\n","protected":false},"excerpt":{"rendered":"<p>Powinienem w\u0142a\u015bciwie zapyta\u0107 \u201cJak to b\u0119dzie z Poloni\u0105\u201d? B\u0119dzie \u017ale, &#8211; m\u00f3wi\u0119 to na samym pocz\u0105tku. Znowu moje \u201cwrogi&#8221; powiedz\u0105, \u017ce wsadzam kij w mrowisko. Niech tam\u2026<\/p>\n","protected":false},"author":2,"featured_media":0,"comment_status":"open","ping_status":"open","sticky":false,"template":"","format":"standard","meta":[],"categories":[3],"tags":[],"_links":{"self":[{"href":"https:\/\/sporek.com\/blog\/index.php?rest_route=\/wp\/v2\/posts\/462"}],"collection":[{"href":"https:\/\/sporek.com\/blog\/index.php?rest_route=\/wp\/v2\/posts"}],"about":[{"href":"https:\/\/sporek.com\/blog\/index.php?rest_route=\/wp\/v2\/types\/post"}],"author":[{"embeddable":true,"href":"https:\/\/sporek.com\/blog\/index.php?rest_route=\/wp\/v2\/users\/2"}],"replies":[{"embeddable":true,"href":"https:\/\/sporek.com\/blog\/index.php?rest_route=%2Fwp%2Fv2%2Fcomments&post=462"}],"version-history":[{"count":0,"href":"https:\/\/sporek.com\/blog\/index.php?rest_route=\/wp\/v2\/posts\/462\/revisions"}],"wp:attachment":[{"href":"https:\/\/sporek.com\/blog\/index.php?rest_route=%2Fwp%2Fv2%2Fmedia&parent=462"}],"wp:term":[{"taxonomy":"category","embeddable":true,"href":"https:\/\/sporek.com\/blog\/index.php?rest_route=%2Fwp%2Fv2%2Fcategories&post=462"},{"taxonomy":"post_tag","embeddable":true,"href":"https:\/\/sporek.com\/blog\/index.php?rest_route=%2Fwp%2Fv2%2Ftags&post=462"}],"curies":[{"name":"wp","href":"https:\/\/api.w.org\/{rel}","templated":true}]}}