{"id":464,"date":"2014-10-10T02:43:55","date_gmt":"2014-10-10T06:43:55","guid":{"rendered":"http:\/\/sporek.com\/blog\/?p=464"},"modified":"2014-10-10T02:59:12","modified_gmt":"2014-10-10T06:59:12","slug":"list-otwarty-do-psfuk","status":"publish","type":"post","link":"https:\/\/sporek.com\/blog\/?p=464","title":{"rendered":"List otwarty do PSFUK"},"content":{"rendered":"<p style=\"margin: 0in 0in 0pt\"><span style=\"line-height: 115%; font-family: 'Verdana','sans-serif'; font-size: 10pt\" lang=\"PL\">Do Rady Dyrektor\u00f3w Polsko-S\u0142owia\u0144skiej Federalnej Unii Kredytowej.<\/span><span style=\"line-height: 115%; font-family: 'Verdana','sans-serif'; font-size: 10pt\" lang=\"PL\"><\/span><\/p>\n<p style=\"margin: 0in 0in 0pt\"><span style=\"line-height: 115%; font-family: 'Verdana','sans-serif'; font-size: 10pt\" lang=\"PL\">Szanowni Dyrektorzy:<\/span><\/p>\n<p><span style=\"line-height: 115%; font-family: 'Verdana','sans-serif'; font-size: 10pt\" lang=\"PL\">Decyzj\u0105 Rady Dyrektor\u00f3w, czyli Wasz\u0105, polonijne ch\u00f3ry okr\u0119gu nowojorskiego (siedem ch\u00f3r\u00f3w) otrzyma\u0142y \u2026 500 dolar\u00f3w na obchody 125 rocznicy powstania Zwi\u0105zku \u015apiewak\u00f3w Polskich w Ameryce, kt\u00f3re odb\u0119d\u0105 si\u0119 pod koniec pa\u017adziernika. Jest to najstarsza, polonijna organizacja kulturalna, krzewi\u0105ca pie\u015b\u0144 i j\u0119zyk polski na obczy\u017anie. \u015apiewacy dzia\u0142aj\u0105 spo\u0142ecznie po\u015bwi\u0119caj\u0105c sw\u00f3j czas, energi\u0119, talent i niejednokrotnie spore pieni\u0105dze, aby np. wzi\u0105\u0107 udzia\u0142 w og\u00f3lnokrajowym, czy okr\u0119gowym zje\u017adzie ch\u00f3r\u00f3w polonijnych; musz\u0105 sami zap\u0142aci\u0107 za samolot, hotel i utrzymanie w czasie trwania zjazdu. \u017badna z polonijnych organizacji nie mo\u017ce poszczyci\u0107 si\u0119 tak d\u0142ugim \u017cyciorysem. I jest to organizacja niedochodowa, zarejestrowana. W kontek\u015bcie tej \u017cenuj\u0105cej decyzji chcia\u0142bym uzyska\u0107 odpowiedzi na temat tego, co poni\u017cej:<\/span><font face=\"Times New Roman\">  <\/font><\/p>\n<p style=\"margin: 0in 0in 0pt\"><span style=\"line-height: 115%; font-family: 'Verdana','sans-serif'; font-size: 10pt\" lang=\"PL\">Ka\u017cdego miesi\u0105ca, 70 tysi\u0119cy Cz\u0142onk\u00f3w, posiadaj\u0105cych konta w naszej Unii otrzymuje dwustronn\u0105, kolorow\u0105, na b\u0142yszcz\u0105cym papierze ulotk\u0119. Nie zawiera ona \u017cadnych, istotnych informacji, a najwi\u0119cej miejsca zajmuj\u0105 na niej przechwa\u0142ki Dyrektora Wykonawczego i Przewodnicz\u0105cego RD dotycz\u0105ce wspania\u0142ej kondycji PSFUK. Oprocentowanie jest na poziomie bliskim zeru, spotkania z Cz\u0142onkami zosta\u0142y skasowane.<\/span><\/p>\n<p><font face=\"Times New Roman\">  <\/font><\/p>\n<p style=\"margin: 0in 0in 0pt\"><span style=\"line-height: 115%; font-family: 'Verdana','sans-serif'; font-size: 10pt\" lang=\"PL\">Chcia\u0142bym zapyta\u0107, prosz\u0105c jednocze\u015bnie o rzeteln\u0105 odpowied\u017a, &#8211; jaki jest koszt jednej takiej, kolorowej kartki, kt\u00f3ra jest wysy\u0142ana nie tylko na nazwisko, ale na ka\u017cde konto, nawet, je\u015bli kto\u015b ma ich trzy, czy cztery? \u015amiem twierdzi\u0107, \u017ce jest to ilo\u015b\u0107 si\u0119gaj\u0105ca stu tysi\u0119cy kopii. I drugie pytanie: ile dok\u0142adnie tych kopii jest drukowane? Z mojej znajomo\u015bci cen wynika, \u017ce koszt wydrukowania takiej ilo\u015bci ulotek, to oko\u0142o 10 tysi\u0119cy dolar\u00f3w wliczaj\u0105c rycza\u0142t pocztowy, koperty, prac\u0119 ludzi. Nawet, je\u015bli wysy\u0142a si\u0119 jej 70 tysi\u0119cy, to oznacza to, \u017ce wydaje si\u0119 na ni\u0105 10 tysi\u0119cy dolar\u00f3w miesi\u0119cznie, czyli \u2026 120 tysi\u0119cy dolar\u00f3w rocznie. <span>\u00a0<\/span>Nie musz\u0119 dodawa\u0107, \u017ce nie s\u0105 to pieni\u0105dze rady dyrektor\u00f3w. To s\u0105 nasze pieni\u0105dze i ja, dla przyk\u0142adu nie \u017cycz\u0119 sobie, aby moje pieni\u0105dze sponsorowa\u0142y tego typu publikacje.<\/span><\/p>\n<p><font face=\"Times New Roman\">  <\/font><\/p>\n<p style=\"margin: 0in 0in 0pt\"><span style=\"color: black; line-height: 115%; font-family: 'Verdana','sans-serif'; font-size: 10pt\" lang=\"PL\">Unia informuje, \u017ce w ci\u0105gu 14 lat wy\u0142o\u017cy\u0142a 3mln dolar\u00f3w na stypendia dla 2500 polonijnych uczni\u00f3w i student\u00f3w. To daje 1200 dolar\u00f3w na osob\u0119. Du\u017co to, czy ma\u0142o\u2026? W tym czasie na ULOTK\u0118 wydano w takim razie, co najmniej 1mln 600 tysi\u0119cy dolar\u00f3w!!!<\/span><\/p>\n<p><font face=\"Times New Roman\">  <\/font><\/p>\n<p style=\"margin: 0in 0in 0pt\"><span style=\"line-height: 115%; font-family: 'Verdana','sans-serif'; font-size: 10pt\" lang=\"PL\">120 tysi\u0119cy dolar\u00f3w do\u0142o\u017cone, co roku do stypendi\u00f3w przys\u0142u\u017c\u0105 si\u0119 znacznie lepiej polonijnej m\u0142odzie\u017cy, ni\u017c comiesi\u0119czne kolorowanki dyrektor\u00f3w Unii, kt\u00f3re nic nie wnosz\u0105, a daj\u0105 jedynie spok\u00f3j dyrektorom, \u017ce niby utrzymuj\u0105 kontakt z Cz\u0142onkami. Wszyscy chyba zauwa\u017cyli, \u017ce znikn\u0119\u0142y z harmonogramu obecnej rady dyrektor\u00f3w tzw. \u201ezebrania informacyjne\u201d. <\/span><\/p>\n<p><font face=\"Times New Roman\">  <\/font><\/p>\n<p style=\"margin: 0in 0in 0pt\"><span style=\"color: black; line-height: 115%; font-family: 'Verdana','sans-serif'; font-size: 10pt\" lang=\"PL\"><\/span><span style=\"color: black; line-height: 115%; font-family: 'Verdana','sans-serif'; font-size: 10pt\" lang=\"PL\">Prosz<\/span><span style=\"color: black; line-height: 115%; font-family: 'Verdana','sans-serif'; font-size: 10pt\" lang=\"PL\"><span style=\"line-height: 115%; font-family: 'Verdana','sans-serif'; font-size: 10pt\" lang=\"PL\">\u0119 o <\/span>odpowied\u017a. \u2013 My\u015bl\u0119, \u017ce w imieniu wielu Cz\u0142onk\u00f3w naszej \u201eSp\u00f3\u0142dzielni\u201d. My\u015bl\u0119, te\u017c, \u017ce moi Czytelnicy popr\u0105 mnie komentarzami.<\/span><\/p>\n<p><font face=\"Times New Roman\">  <\/font><\/p>\n<p style=\"margin: 0in 0in 0pt\"><span style=\"color: black; line-height: 115%; font-family: 'Verdana','sans-serif'; font-size: 10pt\" lang=\"PL\">Podkre\u015blam i zaznaczam: to jest moja opinia, moje pytania i moje obliczenia.<\/span><\/p>\n<p><font face=\"Times New Roman\">  <\/font><\/p>\n<p style=\"margin: 0in 0in 10pt\"><span style=\"color: black; line-height: 115%; font-family: 'Verdana','sans-serif'; font-size: 10pt\" lang=\"PL\">Janusz Sporek<span>\u00a0\u00a0\u00a0\u00a0\u00a0\u00a0\u00a0\u00a0\u00a0\u00a0\u00a0\u00a0\u00a0\u00a0\u00a0\u00a0\u00a0\u00a0\u00a0\u00a0\u00a0\u00a0\u00a0\u00a0\u00a0\u00a0\u00a0\u00a0<\/span><\/span><\/p>\n<p style=\"margin: 0in 0in 10pt\"><span style=\"line-height: 115%; font-family: 'Verdana','sans-serif'; font-size: 10pt\" lang=\"PL\">Nowy Jork, pa\u017adziernik, 2014<\/span><\/p>\n<p><font face=\"Times New Roman\">  <\/font><\/p>\n","protected":false},"excerpt":{"rendered":"<p>Do Rady Dyrektor\u00f3w Polsko-S\u0142owia\u0144skiej Federalnej Unii Kredytowej. Szanowni Dyrektorzy: Decyzj\u0105 Rady Dyrektor\u00f3w, czyli Wasz\u0105, polonijne ch\u00f3ry okr\u0119gu nowojorskiego (siedem ch\u00f3r\u00f3w) otrzyma\u0142y \u2026 500 dolar\u00f3w na obchody 125 rocznicy powstania Zwi\u0105zku \u015apiewak\u00f3w Polskich w Ameryce, kt\u00f3re odb\u0119d\u0105 si\u0119 pod koniec pa\u017adziernika. Jest to najstarsza, polonijna organizacja kulturalna, krzewi\u0105ca pie\u015b\u0144 i j\u0119zyk polski na obczy\u017anie. \u015apiewacy dzia\u0142aj\u0105 [&hellip;]<\/p>\n","protected":false},"author":2,"featured_media":0,"comment_status":"open","ping_status":"open","sticky":false,"template":"","format":"standard","meta":[],"categories":[3],"tags":[],"_links":{"self":[{"href":"https:\/\/sporek.com\/blog\/index.php?rest_route=\/wp\/v2\/posts\/464"}],"collection":[{"href":"https:\/\/sporek.com\/blog\/index.php?rest_route=\/wp\/v2\/posts"}],"about":[{"href":"https:\/\/sporek.com\/blog\/index.php?rest_route=\/wp\/v2\/types\/post"}],"author":[{"embeddable":true,"href":"https:\/\/sporek.com\/blog\/index.php?rest_route=\/wp\/v2\/users\/2"}],"replies":[{"embeddable":true,"href":"https:\/\/sporek.com\/blog\/index.php?rest_route=%2Fwp%2Fv2%2Fcomments&post=464"}],"version-history":[{"count":0,"href":"https:\/\/sporek.com\/blog\/index.php?rest_route=\/wp\/v2\/posts\/464\/revisions"}],"wp:attachment":[{"href":"https:\/\/sporek.com\/blog\/index.php?rest_route=%2Fwp%2Fv2%2Fmedia&parent=464"}],"wp:term":[{"taxonomy":"category","embeddable":true,"href":"https:\/\/sporek.com\/blog\/index.php?rest_route=%2Fwp%2Fv2%2Fcategories&post=464"},{"taxonomy":"post_tag","embeddable":true,"href":"https:\/\/sporek.com\/blog\/index.php?rest_route=%2Fwp%2Fv2%2Ftags&post=464"}],"curies":[{"name":"wp","href":"https:\/\/api.w.org\/{rel}","templated":true}]}}