{"id":465,"date":"2014-10-14T14:22:00","date_gmt":"2014-10-14T18:22:00","guid":{"rendered":"http:\/\/sporek.com\/blog\/?p=465"},"modified":"2014-10-14T14:25:15","modified_gmt":"2014-10-14T18:25:15","slug":"co-jest-grane","status":"publish","type":"post","link":"https:\/\/sporek.com\/blog\/?p=465","title":{"rendered":"Co jest grane?"},"content":{"rendered":"<p><span style=\"color: #000000; font-family: Verdana; font-size: 13px; font-style: normal; font-variant: normal; font-weight: normal; text-decoration: none; vertical-align: baseline; background-color: transparent\">Nie wiem, w co chcia\u0142 pogra\u0107 ze mn\u0105, podaj\u0105cy si\u0119 za g\u0142\u00f3wnego organizatora uroczysto\u015bci zwi\u0105zanych ze 125 rocznic\u0105 powstania Zawi\u0105zku \u015apiewak\u00f3w Polskich, Bogdan R\u00f3\u017cewicz, ale wiem, \u017ce pogra\u0142 piekielnie nie fair.<!--more--><\/span><\/p>\n<p><strong style=\"font-weight: normal\"><\/p>\n<p dir=\"ltr\" style=\"line-height: 1.15; margin-top: 0pt; margin-bottom: 0pt\"><span style=\"color: #000000; font-family: Verdana; font-size: 13px; font-style: normal; font-variant: normal; font-weight: normal; text-decoration: none; vertical-align: baseline; background-color: transparent\">To w\u0142a\u015bnie on poskar\u017cy\u0142 mi si\u0119, \u017ce Unia Kredytowa przyzna\u0142a zaledwie 500 dolar\u00f3w na te uroczysto\u015bci i zaznaczy\u0142: \u201cTrzeba co\u015b z tym skandalem zrobi\u0107\u201d.<\/span><\/p>\n<p dir=\"ltr\" style=\"line-height: 1.15; margin-top: 0pt; margin-bottom: 0pt\"><span style=\"color: #000000; font-family: Verdana; font-size: 13px; font-style: normal; font-variant: normal; font-weight: normal; text-decoration: none; vertical-align: baseline; background-color: transparent\">Odpar\u0142em, \u017ce \u201cmo\u017ce najlepiej napisa\u0107 list otwarty, niech si\u0119 spo\u0142ecze\u0144stwo dowie\u201d. Bogdan (dotychczas niezmiennie zapewniaj\u0105cy mnie o swoim dla mnie szacunku, respekcie i podziwie) podchwyci\u0142 moj\u0105 my\u015bl i doda\u0142: \u201cTy dobrze piszesz, to mo\u017ce napisz\u2026\u201d<\/span><\/p>\n<p dir=\"ltr\" style=\"line-height: 1.15; margin-top: 0pt; margin-bottom: 0pt\"><span style=\"color: #000000; font-family: Verdana; font-size: 13px; font-style: normal; font-variant: normal; font-weight: normal; text-decoration: none; vertical-align: baseline; background-color: transparent\">Napisa\u0142em i wys\u0142a\u0142em mu tekst. Odpisa\u0142 tego samego dnia: \u201c\u015bwietnie napisane, dzi\u0119kuj\u0119\u201d.<\/span><\/p>\n<p dir=\"ltr\" style=\"line-height: 1.15; margin-top: 0pt; margin-bottom: 0pt\"><span style=\"color: #000000; font-family: Verdana; font-size: 13px; font-style: normal; font-variant: normal; font-weight: normal; text-decoration: none; vertical-align: baseline; background-color: transparent\">No, i list poszed\u0142. Jakie\u017c by\u0142o moje zdziwienie, gdy po dw\u00f3ch tygodniach zadzwoni\u0142em do Nowego Dziennika z pytaniem, czy kiedy\u015b ten list opublikuj\u0105, a m\u00f3j rozm\u00f3wca poinformowa\u0142 mnie, \u017ce \u201cnie wydrukuj\u0105, bo otrzymali trzy listy z \u017c\u0105daniem wstrzymania publikacji. Listy napisa\u0142o troje \u201caktywist\u00f3w\u201d zwi\u0105zku, w tym dyrygentka generalna i \u2026 Bogdan R\u00f3zewicz.<\/span><\/p>\n<p dir=\"ltr\" style=\"line-height: 1.15; margin-top: 0pt; margin-bottom: 0pt\"><span style=\"color: #000000; font-family: Verdana; font-size: 13px; font-style: normal; font-variant: normal; font-weight: normal; text-decoration: none; vertical-align: baseline; background-color: transparent\">Okaza\u0142o si\u0119 \u017ce B. R zadzwoni\u0142 te\u017c do innej gazety \u201czabraniaj\u0105c\u201d publikacji mojego listu.<\/span><\/p>\n<p dir=\"ltr\" style=\"line-height: 1.15; margin-top: 0pt; margin-bottom: 0pt\"><span style=\"color: #000000; font-family: Verdana; font-size: 13px; font-style: normal; font-variant: normal; font-weight: normal; text-decoration: none; vertical-align: baseline; background-color: transparent\">Pytanie pierwsze: Czy podana przez B. R\u00f3\u017cewicza kwota nie jest zgodna z prawd\u0105 i przestraszy\u0142 si\u0119 problem\u00f3w ze strony Unii\u2026?<\/span><\/p>\n<p dir=\"ltr\" style=\"line-height: 1.15; margin-top: 0pt; margin-bottom: 0pt\"><span style=\"color: #000000; font-family: Verdana; font-size: 13px; font-style: normal; font-variant: normal; font-weight: normal; text-decoration: none; vertical-align: baseline; background-color: transparent\">Pytanie drugie: Dlaczego B. R\u00f3\u017cewicz napisa\u0142 w mailu: \u201c\u015bwietnie napisane, dzi\u0119kuj\u0119\u201d ?<\/span><\/p>\n<p dir=\"ltr\" style=\"line-height: 1.15; margin-top: 0pt; margin-bottom: 0pt\"><span style=\"color: #000000; font-family: Verdana; font-size: 13px; font-style: normal; font-variant: normal; font-weight: normal; text-decoration: none; vertical-align: baseline; background-color: transparent\">Pytanie trzecie: Je\u015bli nie chcia\u0142, aby gazety to zamieszcza\u0142y, dlaczego po prostu nie napisa\u0142 mi tego? M\u00f3g\u0142 te\u017c zadzwoni\u0107. Nie, wola\u0142 wys\u0142ac m\u00f3j list do zarz\u0105du i osi\u0105gn\u0105\u0107 co\u2026? <\/span><\/p>\n<p dir=\"ltr\" style=\"line-height: 1.15; margin-top: 0pt; margin-bottom: 0pt\"><span style=\"color: #000000; font-family: Verdana; font-size: 13px; font-style: normal; font-variant: normal; font-weight: normal; text-decoration: none; vertical-align: baseline; background-color: transparent\">Pytanie czwarte: Czy wys\u0142anie mojego listu do dyrygentki generalnej i do administracji mia\u0142o postawi\u0107 R\u00f3\u017cewicza w dobrym, a mnie w z\u0142ym \u015bwietle?<\/span><\/p>\n<p dir=\"ltr\" style=\"line-height: 1.15; margin-top: 0pt; margin-bottom: 0pt\"><span style=\"color: #000000; font-family: Verdana; font-size: 13px; font-style: normal; font-variant: normal; font-weight: normal; text-decoration: none; vertical-align: baseline; background-color: transparent\">\u201cZ\u0142ym \u015bwiat\u0142em\u201d si\u0119 nie przejmuj\u0119; znam swoj\u0105 warto\u015b\u0107, jako dyrygent, jako muzyk i jako pedagog. Zwolni\u0107 mnie nie mog\u0105, bo nie oni mnie zatrudniali.<\/span><\/p>\n<p dir=\"ltr\" style=\"line-height: 1.15; margin-top: 0pt; margin-bottom: 0pt\"><span style=\"color: #000000; font-family: Verdana; font-size: 13px; font-style: normal; font-variant: normal; font-weight: normal; text-decoration: none; vertical-align: baseline; background-color: transparent\">Wniosek Pierwszy:<\/span><\/p>\n<p dir=\"ltr\" style=\"line-height: 1.15; margin-top: 0pt; margin-bottom: 0pt\"><span style=\"color: #000000; font-family: Verdana; font-size: 13px; font-style: normal; font-variant: normal; font-weight: normal; text-decoration: none; vertical-align: baseline; background-color: transparent\">Nie m\u00f3wcie mi o zjednoczeniu i pojednaniu Polonii, je\u015bli tego typu aktywi\u015bci dzia\u0142aj\u0105 tak, jak \u00a0wy\u017cej wymienieni.<\/span><\/p>\n<p dir=\"ltr\" style=\"line-height: 1.15; margin-top: 0pt; margin-bottom: 0pt\"><span style=\"color: #000000; font-family: Verdana; font-size: 13px; font-style: normal; font-variant: normal; font-weight: normal; text-decoration: none; vertical-align: baseline; background-color: transparent\">Argument, jaki podano gazetom, aby nie drukowa\u0107 by\u0142: \u201c&#8230;bo spowoduje to rozd\u017awi\u0119k w Polonii\u201d.<\/span><\/p>\n<p dir=\"ltr\" style=\"line-height: 1.15; margin-top: 0pt; margin-bottom: 0pt\"><span style=\"color: #000000; font-family: Verdana; font-size: 13px; font-style: normal; font-variant: normal; font-weight: normal; text-decoration: none; vertical-align: baseline; background-color: transparent\">Je\u015bli my\u015bl\u0105, \u017ce zyskali moj\u0105 sympati\u0119 i ch\u0119\u0107 \u015bcis\u0142ej wsp\u00f3\u0142pracy, to s\u0105 w cholernie grubym b\u0142\u0119dzie. To samo my\u015bl\u0105 \u015apiewacy w moim ch\u00f3rze i w ch\u00f3rze w Filadelfii. Wi\u0119c nie m\u00f3wcie o dzia\u0142aniu jednocz\u0105cym.<\/span><\/p>\n<p dir=\"ltr\" style=\"line-height: 1.15; margin-top: 0pt; margin-bottom: 0pt\"><span style=\"color: #000000; font-family: Verdana; font-size: 13px; font-style: normal; font-variant: normal; font-weight: normal; text-decoration: none; vertical-align: baseline; background-color: transparent\">Co do pozosta\u0142ej tre\u015bci listu, czyli kolorowej ulotki dyrektor\u00f3w Unii pozostawiam j\u0105, jako moje my\u015bli o pracy Unii Kredytowej. Tu nie zmienia si\u0119 nic.<\/span><\/p>\n<p dir=\"ltr\" style=\"line-height: 1.15; margin-top: 0pt; margin-bottom: 0pt\"><span style=\"color: #000000; font-family: Verdana; font-size: 13px; font-style: normal; font-variant: normal; font-weight: normal; text-decoration: none; vertical-align: baseline; background-color: transparent\"><\/span><\/p>\n<p dir=\"ltr\" style=\"line-height: 1.15; margin-top: 0pt; margin-bottom: 0pt\"><span style=\"color: #000000; font-family: Verdana; font-size: 13px; font-style: normal; font-variant: normal; font-weight: normal; text-decoration: none; vertical-align: baseline; background-color: transparent\">Nauczki: <\/span><\/p>\n<p dir=\"ltr\" style=\"line-height: 1.15; margin-top: 0pt; margin-bottom: 0pt\"><span style=\"color: #000000; font-family: Verdana; font-size: 13px; font-style: normal; font-variant: normal; font-weight: normal; text-decoration: none; vertical-align: baseline; background-color: transparent\">-Nie wierzy\u0107 ludziom, kt\u00f3rzy za wszelk\u0105 cen\u0119 chc\u0105 zaistnie\u0107, bo pr\u0119dzej, czy p\u00f3\u017aniej wbij\u0105 n\u00f3\u017c w plecy. Mog\u0142em to przewidzie\u0107 widz\u0105c amatorszczyzn\u0119 organizator\u00f3w uroczysto\u015bci. A podobno ci\u0105g dalszy tej amatroszczyzny dopiero nast\u0105pi.<\/span><\/p>\n<p><\/strong><strong style=\"font-weight: normal\"><span style=\"color: #000000; font-family: Verdana; font-size: 13px; font-style: normal; font-variant: normal; font-weight: normal; text-decoration: none; vertical-align: baseline; background-color: transparent\">-Nie pomaga\u0107 ludziom, kt\u00f3rzy na to nie zas\u0142uguj\u0105.<\/span><br \/>\n<\/strong><\/p>\n","protected":false},"excerpt":{"rendered":"<p>Nie wiem, w co chcia\u0142 pogra\u0107 ze mn\u0105, podaj\u0105cy si\u0119 za g\u0142\u00f3wnego organizatora uroczysto\u015bci zwi\u0105zanych ze 125 rocznic\u0105 powstania Zawi\u0105zku \u015apiewak\u00f3w Polskich, Bogdan R\u00f3\u017cewicz, ale wiem, \u017ce pogra\u0142 piekielnie nie fair.<\/p>\n","protected":false},"author":2,"featured_media":0,"comment_status":"open","ping_status":"open","sticky":false,"template":"","format":"standard","meta":[],"categories":[3],"tags":[],"_links":{"self":[{"href":"https:\/\/sporek.com\/blog\/index.php?rest_route=\/wp\/v2\/posts\/465"}],"collection":[{"href":"https:\/\/sporek.com\/blog\/index.php?rest_route=\/wp\/v2\/posts"}],"about":[{"href":"https:\/\/sporek.com\/blog\/index.php?rest_route=\/wp\/v2\/types\/post"}],"author":[{"embeddable":true,"href":"https:\/\/sporek.com\/blog\/index.php?rest_route=\/wp\/v2\/users\/2"}],"replies":[{"embeddable":true,"href":"https:\/\/sporek.com\/blog\/index.php?rest_route=%2Fwp%2Fv2%2Fcomments&post=465"}],"version-history":[{"count":0,"href":"https:\/\/sporek.com\/blog\/index.php?rest_route=\/wp\/v2\/posts\/465\/revisions"}],"wp:attachment":[{"href":"https:\/\/sporek.com\/blog\/index.php?rest_route=%2Fwp%2Fv2%2Fmedia&parent=465"}],"wp:term":[{"taxonomy":"category","embeddable":true,"href":"https:\/\/sporek.com\/blog\/index.php?rest_route=%2Fwp%2Fv2%2Fcategories&post=465"},{"taxonomy":"post_tag","embeddable":true,"href":"https:\/\/sporek.com\/blog\/index.php?rest_route=%2Fwp%2Fv2%2Ftags&post=465"}],"curies":[{"name":"wp","href":"https:\/\/api.w.org\/{rel}","templated":true}]}}