{"id":466,"date":"2014-10-21T23:23:42","date_gmt":"2014-10-22T03:23:42","guid":{"rendered":"http:\/\/sporek.com\/blog\/?p=466"},"modified":"2014-10-21T23:26:28","modified_gmt":"2014-10-22T03:26:28","slug":"dypolnata","status":"publish","type":"post","link":"https:\/\/sporek.com\/blog\/?p=466","title":{"rendered":"Dyplomata&#8230;"},"content":{"rendered":"<p><strong style=\"font-weight: normal\"><\/p>\n<p dir=\"ltr\" style=\"line-height: 1.15; margin-top: 0pt; margin-bottom: 0pt\" id=\"docs-internal-guid-7936db3e-35df-7f26-6d83-0af58df64a1b\"><span style=\"color: #000000; font-family: Verdana; font-size: 13px; font-style: normal; font-variant: normal; font-weight: normal; text-decoration: none; vertical-align: baseline; background-color: transparent\">Kiedy\u015b postanowi\u0142em sobie, \u017ce o Sikorskim pisa\u0142 nie b\u0119d\u0119, &#8211; szkoda czasu i talentu.<\/span><\/p>\n<p dir=\"ltr\" style=\"line-height: 1.15; margin-top: 0pt; margin-bottom: 0pt\"><span style=\"color: #000000; font-family: Verdana; font-size: 13px; font-style: normal; font-variant: normal; font-weight: normal; text-decoration: none; vertical-align: baseline; background-color: transparent\">Ale nie m\u00f3wi\u0142em, \u017ce nie b\u0119d\u0119 pisa\u0142 o \u201cmistrzach \u015bwiata\u201d. A w\u0142a\u015bnie dzi\u015b niejaki Radek Sikorski osi\u0105gn\u0105\u0142 nazwy\u017csze pud\u0142o na podium mistrz\u00f3w \u015bwiata w polityczno-dyplomatycznym debili\u017amie. Zastanawiam si\u0119 tylko, dlaczego \u017ceden z dziennikarzy na tej s\u0142awetnej konferencji nie wygarn\u0105\u0142 mu: <\/span><span style=\"color: #000000; font-family: Verdana; font-size: 13px; font-style: italic; font-variant: normal; font-weight: normal; text-decoration: none; vertical-align: baseline; background-color: transparent\">Panie, \u017cyje pan z pieni\u0119dzy podatnik\u00f3w i pana psim obowi\u0105zkiem jest odpowiada\u0107 na pytania medi\u00f3w. <\/span><\/p>\n<p dir=\"ltr\" style=\"line-height: 1.15; margin-top: 0pt; margin-bottom: 0pt\"><span style=\"color: #000000; font-family: Verdana; font-size: 13px; font-style: normal; font-variant: normal; font-weight: normal; text-decoration: none; vertical-align: baseline; background-color: transparent\">Kolejny popis da\u0142 Grupi\u0144ski (oczywi\u015bcie z PO, chyba szef klubu), kt\u00f3ry oznajmi\u0142. \u017ce <\/span><span style=\"color: #000000; font-family: Verdana; font-size: 13px; font-style: italic; font-variant: normal; font-weight: normal; text-decoration: none; vertical-align: baseline; background-color: transparent\">\u201copozycja nie b\u0119dzie nam dyktowa\u0142a, kto ma by\u0107 marsza\u0142kiem\u201d.<\/span><\/p>\n<p dir=\"ltr\" style=\"line-height: 1.15; margin-top: 0pt; margin-bottom: 0pt\"><span style=\"color: #000000; font-family: Verdana; font-size: 13px; font-style: normal; font-variant: normal; font-weight: normal; text-decoration: none; vertical-align: baseline; background-color: transparent\">Ten pan te\u017c ju\u017c si\u0119 chyba wypali\u0142, jako polityk.<\/span><\/p>\n<p dir=\"ltr\" style=\"line-height: 1.15; margin-top: 0pt; margin-bottom: 0pt\"><span style=\"color: #000000; font-family: Verdana; font-size: 13px; font-style: normal; font-variant: normal; font-weight: normal; text-decoration: none; vertical-align: baseline; background-color: transparent\">Rz\u0105dz\u0105cy Polsk\u0105 \u201cwybitni\u201d politycy poszli tak daleko, \u017ce ju\u017c powinni nie wraca\u0107. No, tak, ale to Polska, a nie USA, Francja, czy Anglia. Tylko w naszym kraju najbardziej skompromitowani okupuj\u0105 najbardziej presti\u017cowe stanowiska.<\/span><\/p>\n<p><\/strong><\/p>\n<p dir=\"ltr\" style=\"line-height: 1.15; margin-top: 0pt; margin-bottom: 0pt\"><strong style=\"font-weight: normal\"><span style=\"color: #000000; font-family: Verdana; font-size: 13px; font-style: normal; font-variant: normal; font-weight: normal; text-decoration: none; vertical-align: baseline; background-color: transparent\">Powodzenia Narodzie! Obud\u017a si\u0119 wreszcie Polsko, id\u017a do wybor\u00f3w i wywal tych ludzi na zbite \u0142by. <span style=\"color: #000000; font-family: Verdana; font-size: 13px; font-style: normal; font-variant: normal; font-weight: normal; text-decoration: none; vertical-align: baseline; background-color: transparent\" id=\"docs-internal-guid-7936db3e-35e0-ac00-b77c-d2e52029304d\">Z koziej dupy klarnet lepszy by\u0142by, ni\u017c z Sikorskiego polityk i dyplomata.<\/span><br \/>\n<\/span><br \/>\n<\/strong><\/p>\n","protected":false},"excerpt":{"rendered":"<p>Kiedy\u015b postanowi\u0142em sobie, \u017ce o Sikorskim pisa\u0142 nie b\u0119d\u0119, &#8211; szkoda czasu i talentu. Ale nie m\u00f3wi\u0142em, \u017ce nie b\u0119d\u0119 pisa\u0142 o \u201cmistrzach \u015bwiata\u201d. A w\u0142a\u015bnie dzi\u015b niejaki Radek Sikorski osi\u0105gn\u0105\u0142 nazwy\u017csze pud\u0142o na podium mistrz\u00f3w \u015bwiata w polityczno-dyplomatycznym debili\u017amie. Zastanawiam si\u0119 tylko, dlaczego \u017ceden z dziennikarzy na tej s\u0142awetnej konferencji nie wygarn\u0105\u0142 mu: Panie, [&hellip;]<\/p>\n","protected":false},"author":2,"featured_media":0,"comment_status":"open","ping_status":"open","sticky":false,"template":"","format":"standard","meta":[],"categories":[4],"tags":[],"_links":{"self":[{"href":"https:\/\/sporek.com\/blog\/index.php?rest_route=\/wp\/v2\/posts\/466"}],"collection":[{"href":"https:\/\/sporek.com\/blog\/index.php?rest_route=\/wp\/v2\/posts"}],"about":[{"href":"https:\/\/sporek.com\/blog\/index.php?rest_route=\/wp\/v2\/types\/post"}],"author":[{"embeddable":true,"href":"https:\/\/sporek.com\/blog\/index.php?rest_route=\/wp\/v2\/users\/2"}],"replies":[{"embeddable":true,"href":"https:\/\/sporek.com\/blog\/index.php?rest_route=%2Fwp%2Fv2%2Fcomments&post=466"}],"version-history":[{"count":0,"href":"https:\/\/sporek.com\/blog\/index.php?rest_route=\/wp\/v2\/posts\/466\/revisions"}],"wp:attachment":[{"href":"https:\/\/sporek.com\/blog\/index.php?rest_route=%2Fwp%2Fv2%2Fmedia&parent=466"}],"wp:term":[{"taxonomy":"category","embeddable":true,"href":"https:\/\/sporek.com\/blog\/index.php?rest_route=%2Fwp%2Fv2%2Fcategories&post=466"},{"taxonomy":"post_tag","embeddable":true,"href":"https:\/\/sporek.com\/blog\/index.php?rest_route=%2Fwp%2Fv2%2Ftags&post=466"}],"curies":[{"name":"wp","href":"https:\/\/api.w.org\/{rel}","templated":true}]}}