{"id":467,"date":"2014-11-05T12:06:04","date_gmt":"2014-11-05T16:06:04","guid":{"rendered":"http:\/\/sporek.com\/blog\/?p=467"},"modified":"2014-11-12T01:18:07","modified_gmt":"2014-11-12T05:18:07","slug":"niesiolowskiego-ciag-dalszy%e2%80%a6","status":"publish","type":"post","link":"https:\/\/sporek.com\/blog\/?p=467","title":{"rendered":"Niesio\u0142owskiego ci\u0105g dalszy\u2026?"},"content":{"rendered":"<p><strong style=\"font-weight: normal\"><span style=\"color: #000000; font-family: Verdana; font-size: 13px; font-style: normal; font-variant: normal; font-weight: normal; text-decoration: none; vertical-align: baseline; background-color: transparent\"><\/span><\/strong>Nowojorski Nowy Dziennik opublikowa\u0142, w dniu 29 pa\u017adziernika kr\u00f3tk\u0105 notatk\u0119, na stronie czwartej, zatytu\u0142owan\u0105 \u201eOstre s\u0142owa o mec. Biniendzie\u201d. Notatka zaczyna si\u0119 od cytatu z wypowiedzi Barbary Borys-Dami\u0119ckiej:<strong style=\"font-weight: normal\"><strong style=\"font-weight: normal\"> <\/strong> <\/strong><span style=\"color: #000000; font-family: Verdana; font-size: 13px; font-style: italic; font-variant: normal; font-weight: normal; text-decoration: none; vertical-align: baseline; background-color: transparent\"><!--more-->\u201eNie wyobra\u017cam sobie wsp\u00f3\u0142pracy polskiej ambasady i konsulatu z tak\u0105 osob\u0105, jak pani Binienda\u201d<\/span><span style=\"color: #000000; font-family: Verdana; font-size: 13px; font-style: normal; font-variant: normal; font-weight: normal; text-decoration: none; vertical-align: baseline; background-color: transparent\">. S\u0142owa te s\u0105 komentarzem do wyboru pani Marii Szonert-Binienda na funkcj\u0119 wice-prezesa Kongresu Polonii Ameryka\u0144skiej. Doda\u0107 nale\u017cy, \u017ce nowa funkcja pani mec. Binienda obejmuje r\u00f3wnie\u017c, a mo\u017ce przede wszystkim wektor wsp\u00f3\u0142pracy Polonii z Polsk\u0105.<\/span><\/p>\n<p><strong style=\"font-weight: normal\"><\/p>\n<p dir=\"ltr\" style=\"line-height: 1.15; margin-top: 0pt; margin-bottom: 0pt\"><span style=\"color: #000000; font-family: Verdana; font-size: 13px; font-style: normal; font-variant: normal; font-weight: normal; text-decoration: none; vertical-align: baseline; background-color: transparent\">C\u00f3\u017c takiego, w wyborze mec. Biniendy nie podoba si\u0119 Barbarze Borys-Dami\u0119ckiej, pe\u0142ni\u0105cej w polskim senacie funkcj\u0119 wice-przewodnicz\u0105cej Komisji Spraw Emigracji i \u0141\u0105czno\u015bci z Polakami za Granic\u0105,? Wyja\u015bnienia nale\u017cy szuka\u0107 w kolejnych s\u0142owach Borys-Dami\u0119ckiej: <em>\u201eAlbo Polacy w USA maj\u0105 ma\u0142\u0105 wiedz\u0119 o osobie, kt\u00f3r\u0105 wybrali. Albo w\u015br\u00f3d tamtejszych Polak\u00f3w narodzi\u0142 si\u0119 kierunek polityczny wspieraj\u0105cy pogl\u0105dy, kt\u00f3re mi s\u0105 absolutnie obce i nie do przyj\u0119cia\u201d.<\/em><\/span><\/p>\n<p dir=\"ltr\" style=\"line-height: 1.15; margin-top: 0pt; margin-bottom: 0pt\"><span style=\"color: #000000; font-family: Verdana; font-size: 13px; font-style: normal; font-variant: normal; font-weight: normal; text-decoration: none; vertical-align: baseline; background-color: transparent\">Niewarygodne! Cokolwiek polska senatorka mia\u0142a na my\u015bli, to jej bezczelno\u015b\u0107 w formu\u0142owaniu swoich opinii graniczy ze skandalem. Rz\u0105dz\u0105cy Polsk\u0105 zach\u0142ystuj\u0105 si\u0119, co chwil\u0119 okre\u015bleniami \u201e\u017cyjemy w demokratycznym kraju\u201d, my, jako emigranci \u017cyjemy w demokratycznym kraju, a tu, prosz\u0119 \u2013 senatorka m\u00f3wi nam, \u017ce \u201emamy pogl\u0105dy, kt\u00f3re s\u0105 jej obce i nie do przyj\u0119cia\u201d. Czy ambasada\u00a0i konsulaty dosta\u0142y ju\u017c wytyczne, \u017ce nie wolno im wsp\u00f3\u0142pracowa\u0107 z pani\u0105 mecenas&#8230;?<\/span><\/p>\n<p dir=\"ltr\" style=\"line-height: 1.15; margin-top: 0pt; margin-bottom: 0pt\"><span style=\"color: #000000; font-family: Verdana; font-size: 13px; font-style: normal; font-variant: normal; font-weight: normal; text-decoration: none; vertical-align: baseline; background-color: transparent\">Ot\u00f3\u017c pani senator, ja stanowczo protestuj\u0119 przeciwko pani pogl\u0105dom politycznym i przeciwko narzucaniu nam i dyktowaniu pogl\u0105d\u00f3w, jakie powinni\u015bmy wyznawa\u0107. Wiedz\u0119 o mec. Biniendzie mamy wystarczaj\u0105co du\u017c\u0105, aby poprze\u0107 j\u0105 w jej dzia\u0142aniach, a nasze pogl\u0105dy o obecnej polityce rz\u0105dz\u0105cej kasty w Polsce nie zmieni\u0105 si\u0119, dop\u00f3ki ta kasta nie odejdzie w zapomnienie, \u0142\u0105cznie z pani\u0105. Zrobili\u015bcie Polsce ju\u017c wystarczaj\u0105co du\u017co krzywdy i my\u015bl\u0119, \u017ce to polskie spo\u0142ecze\u0144stwo, w niezrozumia\u0142y dla mnie spos\u00f3b zezwala na niszczenie naszej Ojczyzny, wyprzeda\u017c maj\u0105tku, uleg\u0142o\u015b\u0107 obcym wp\u0142ywom i jego -spo\u0142ecze\u0144stwa \u2013 ignorowanie przez rz\u0105dz\u0105cych. Wyrok s\u0105du europejskiego w sprawie \u201cGrzegorz Braun versus prof. Miodek\u201d nad wyraz dobitnie dowodzi braku demokracji w Polsce, a pani ten brak dobitnie pog\u0142\u0119bia. I siedzi sobie pani ju\u017c drug\u0105 kadencj\u0119 na ciep\u0142ym fotelu senatora za pieni\u0105dze podatnik\u00f3w propaguj\u0105c skandaliczne opinie o tym, co wolno, a czego nie wolno. Z nadziej\u0105, \u017ce kiedy\u015b to spo\u0142ecze\u0144stwo si\u0119 obudzi, podkre\u015blam m\u00f3j zdecydowany protest przeciwko pani wypowiedziom.<\/span><\/p>\n<p dir=\"ltr\" style=\"line-height: 1.15; margin-top: 0pt; margin-bottom: 0pt\"><span style=\"color: #000000; font-family: Verdana; font-size: 13px; font-style: normal; font-variant: normal; font-weight: normal; text-decoration: none; vertical-align: baseline; background-color: transparent\">Janusz Sporek<\/span><\/p>\n<p><\/strong><\/p>\n","protected":false},"excerpt":{"rendered":"<p>Nowojorski Nowy Dziennik opublikowa\u0142, w dniu 29 pa\u017adziernika kr\u00f3tk\u0105 notatk\u0119, na stronie czwartej, zatytu\u0142owan\u0105 \u201eOstre s\u0142owa o mec. Biniendzie\u201d. Notatka zaczyna si\u0119 od cytatu z wypowiedzi Barbary Borys-Dami\u0119ckiej:<\/p>\n","protected":false},"author":2,"featured_media":0,"comment_status":"open","ping_status":"open","sticky":false,"template":"","format":"standard","meta":[],"categories":[4],"tags":[],"_links":{"self":[{"href":"https:\/\/sporek.com\/blog\/index.php?rest_route=\/wp\/v2\/posts\/467"}],"collection":[{"href":"https:\/\/sporek.com\/blog\/index.php?rest_route=\/wp\/v2\/posts"}],"about":[{"href":"https:\/\/sporek.com\/blog\/index.php?rest_route=\/wp\/v2\/types\/post"}],"author":[{"embeddable":true,"href":"https:\/\/sporek.com\/blog\/index.php?rest_route=\/wp\/v2\/users\/2"}],"replies":[{"embeddable":true,"href":"https:\/\/sporek.com\/blog\/index.php?rest_route=%2Fwp%2Fv2%2Fcomments&post=467"}],"version-history":[{"count":0,"href":"https:\/\/sporek.com\/blog\/index.php?rest_route=\/wp\/v2\/posts\/467\/revisions"}],"wp:attachment":[{"href":"https:\/\/sporek.com\/blog\/index.php?rest_route=%2Fwp%2Fv2%2Fmedia&parent=467"}],"wp:term":[{"taxonomy":"category","embeddable":true,"href":"https:\/\/sporek.com\/blog\/index.php?rest_route=%2Fwp%2Fv2%2Fcategories&post=467"},{"taxonomy":"post_tag","embeddable":true,"href":"https:\/\/sporek.com\/blog\/index.php?rest_route=%2Fwp%2Fv2%2Ftags&post=467"}],"curies":[{"name":"wp","href":"https:\/\/api.w.org\/{rel}","templated":true}]}}