{"id":468,"date":"2014-11-07T10:05:27","date_gmt":"2014-11-07T14:05:27","guid":{"rendered":"http:\/\/sporek.com\/blog\/?p=468"},"modified":"2014-11-08T00:06:49","modified_gmt":"2014-11-08T04:06:49","slug":"jak-zawsze","status":"publish","type":"post","link":"https:\/\/sporek.com\/blog\/?p=468","title":{"rendered":"Jak zawsze"},"content":{"rendered":"<p><span style=\"color: #000000; font-family: Verdana; font-size: 13px; font-style: normal; font-variant: normal; font-weight: normal; text-decoration: none; vertical-align: baseline; background-color: transparent\">Nie spodziewa\u0142em si\u0119, \u017ce sejm odwo\u0142a Sikorskiego. By\u0142oby to nienormalne przy tej koalicji. Kopaczowa, na pytanie, jak zag\u0142osuje odpowiada: \u201cprzecie\u017c to m\u00f3j kolega\u201d. Kolesiostwo by\u0142o jej priorytetem od pierwszego dnia i ja nigdy nie uwierz\u0119 w \u017cadne s\u0142owa tej pani. <!--more-->Mimo, i\u017c PiS wiedzia\u0142, \u017ce wniosek przepadnie &#8211; wszyscy wiedzieli\u015bmy, to jednak dobrze, \u017ce doprowadzi\u0142 do dyskusji w sejmie na temat niezr\u00f3wnowa\u017conego marsza\u0142ka. Przynajmniej musia\u0142 wys\u0142ucha\u0107 prawdy o sobie. Polska sta\u0142a si\u0119 krajem polityk\u00f3w bez honoru, bez klasy; cham\u00f3w, prymityw\u00f3w i darmozjad\u00f3w, \u017ceruj\u0105cych na dochodzie narodowym. Jest to wszak kasta bezproduktywna, kt\u00f3ra ustawi\u0142a sobie nawy\u017csze pensje, najlepsze uk\u0142ady i tapla si\u0119 w dobrobycie od lewej, do prawej pod wznios\u0142ymi has\u0142ami. Obecni rz\u0105dz\u0105cy, to przede wszystkim pogarda dla Polak\u00f3w; dowodem w\u0142a\u015bnie dzisiejsze g\u0142osowanie nad Sikorskim. Kiedy\u015b, u pocz\u0105tk\u00f3w polskiego parlamentaryzmu bycie pos\u0142em, to by\u0142a sprawa godno\u015bci, honoru i s\u0142u\u017cby Narodowi. Pos\u0142owie nie otrzymywali \u017cadnych wynagrodze\u0144, ani nawet zwrot\u00f3w koszt\u00f3w przyjazdu do stolicy. Dawniej by\u0142y te\u017c sejmiki w terenie, kt\u00f3re dba\u0142y o swoje \u015brodowiska, nie pozwalaj\u0105c \u201ccentrali\u201d \u00a0na g\u0142upie rz\u0105dy. To przecie\u017c logiczne, \u017ce Warszawiak nie ma poj\u0119cia, jak \u017cyje si\u0119 w Pcimiu Dolnym, albo innych Klapkowicach, a pose\u0142 z Bia\u0142egostoku nie wie nic o potrzebach Wroc\u0142awia. Dzi\u015b bycie politykiem, pos\u0142em, czy w og\u00f3le by\u0107 na g\u00f3rze, to przede wszystkim forsa. Europa wymy\u015bli\u0142a sobie jeszcze lepsze warunki dla tych, kt\u00f3rzy umiej\u0105 si\u0119 nisko k\u0142ania\u0107 i dawa\u0107 si\u0119 klepa\u0107 po plecach. Sikorski rozpocz\u0105\u0142 urz\u0119dowanie od szczytowo g\u0142upiej wypowiedzi o podziale Ukrainy przez Polsk\u0119 i Rosj\u0119, potem zrobi\u0142 z siebie schizofrenika i, jako schizofrenik utrzymany zosta\u0142 na drugiej pozycji w kraju przez swoich kolesi\u00f3w, a w\u015br\u00f3d nich k\u0142amc\u00f3w i cham\u00f3w. I nie daj Bo\u017ce, \u017ce \u201cprezydent gdzie\u015b poleci i wszystko si\u0119 zmieni\u2026\u201d (jak m\u00f3wi\u0142 obecny prezio o swoim poprzedniku) i prezydentem Polski zostanie ci\u0119\u017cko chory na amnezj\u0119 facet. Ciarki lataj\u0105 po plecach, jak pszczo\u0142y na ukwiecon\u0105 \u0142\u0105k\u0105. Zast\u0119puj\u0105cy Sikorskiego na fotelu ministra spraw zagranicznych Grzesio, rozpocz\u0105\u0142 od wpadki, kt\u00f3ra ju\u017c popsu\u0142a stosunki polsko-ukrai\u0144skie, autorytatywnie stwierdzaj\u0105c, \u017ce \u201c<\/span><span style=\"color: #000000; font-family: Verdana; font-size: 13px; font-style: italic; font-variant: normal; font-weight: normal; text-decoration: none; vertical-align: baseline; background-color: transparent\">Rozmawia\u0107 o Ukrainie bez Polski, to tak, jakby w sprawach Libii, Algierii, Tunezji, Maroka rozmawia\u0107 bez W\u0142och, Francji, Hiszpanii\u201d. <\/span><span style=\"color: #000000; font-family: Verdana; font-size: 13px; font-style: normal; font-variant: normal; font-weight: normal; text-decoration: none; vertical-align: baseline; background-color: transparent\">R\u0119ce i majtki opadaj\u0105. Smutna wiadomo\u015b\u0107 jest taka, \u017ce oni nie odpuszcz\u0105. Ani ci z lewej, ani ci ze \u015brodka, ani ci z prawej. Im jest po prostu dobrze, za dobrze. A z tego si\u0119 nie rezygnuje. Ci panowie nie maj\u0105 w \u015bwiadomo\u015bci powagi stanowisk, na jakie ich wyniesiono. Ot, grupka m\u0142okos\u00f3w z PiSu leci sobie do Hiszpanii na &#8230;weekend; \u017conki rozrabiaj\u0105 w samolocie, bo przecie\u017c jedynie, co maj\u0105 w \u015bwiadomo\u015bci, to immunitet. A potem trzeba przeprasza\u0107 Ale wstyd zostaje, tak, jak zosta\u0142 po odrzuceniu wniosku o usuni\u0119cie Sikorskiego. Te dupki nie wiedz\u0105, \u017ce, jak w samolocie rozrabia\u0107 b\u0119dzie Haziuk z Wilkowyj, to echo tego b\u0119dzie nijakie, &#8211; ot wywal\u0105 Haziuka, cho\u0107by w powietrzu i po k\u0142opocie. ale, jak rozrabia pose\u0142, polityk, to echo niesie daleko, d\u0142ugo i szeroko. Poprzewraca\u0142o si\u0119 w g\u0142owach g\u00f3wniarzom i tyle. A dlaczego? Forsa, panie, forsa. Dobrobyt bije do \u0142ba, ot, co. Jedna trzecia spo\u0142ecze\u0144stwa na skraju biedy, g\u0142oduj\u0105ce dzieci, a politycy do Hiszpanii na weekend.<\/span><\/p>\n<p><strong style=\"font-weight: normal\"><\/p>\n<p dir=\"ltr\" style=\"line-height: 1.15; margin-top: 0pt; margin-bottom: 0pt\"><span style=\"color: #000000; font-family: Verdana; font-size: 13px; font-style: normal; font-variant: normal; font-weight: normal; text-decoration: none; vertical-align: baseline; background-color: transparent\">Zadziwiaj\u0105co wszyscy licz\u0105 na \u201cdo\u0142y\u201d. Ludzie z terenu maj\u0105 zorganizowa\u0107 spotkanie z pos\u0142em, ale pose\u0142 nie pyta ile to kosztowa\u0142o. Ludzie z terenu zrobili niejednego z nich pos\u0142em, ale po jakim\u015b czasie pose\u0142 \u0142apie wirusa amnezji i zapomina sk\u0105d przyszed\u0142, dzi\u0119ki komu dosta\u0142 si\u0119 na Wiejsk\u0105. Ignorancja. A jak raz na Wiejskiej, to ju\u017c do ko\u0144ca \u017cycia, albo przynajmniej, jak najd\u0142u\u017cej. Dla nich ju\u017c ci z \u201cdo\u0142u\u201d, to bezrozumne roboty nieznaj\u0105ce si\u0119 na polityce, a jak, nie daj Bo\u017ce wychyli si\u0119 taki nie po my\u015bli wierchuszki, to \u00a0\u201c<\/span><span style=\"color: #000000; font-family: Verdana; font-size: 13px; font-style: italic; font-variant: normal; font-weight: normal; text-decoration: none; vertical-align: baseline; background-color: transparent\">szkolony w Moskiwie\u201d<\/span><span style=\"color: #000000; font-family: Verdana; font-size: 13px; font-style: normal; font-variant: normal; font-weight: normal; text-decoration: none; vertical-align: baseline; background-color: transparent\">, powiedz\u0105. Tej, dawnej Moskwie.<\/span><\/p>\n<p dir=\"ltr\" style=\"line-height: 1.15; margin-top: 0pt; margin-bottom: 0pt\"><span style=\"color: #000000; font-family: Verdana; font-size: 13px; font-style: normal; font-variant: normal; font-weight: normal; text-decoration: none; vertical-align: baseline; background-color: transparent\">Coraz cz\u0119\u015bciej dochodz\u0119 do wniosku, \u017ce w tak zwanym \u201cterenie\u201d pos\u0142om, politykom, i wszelkiej ma\u015bci aktywistom potrzebni s\u0105 mierni, bierni, ale wierni. Byle tylko przyznawali racj\u0119, to wystarczy, reszt\u0119 spieprzymy osobi\u015bcie, my &#8211; politycy, my &#8211; pos\u0142owie. I tak, leci Polska w przepa\u015b\u0107. Czego nie uda\u0142o si\u0119 zaborcom, Hitlerowi, to w bia\u0142ych r\u0119kawiczkach zrobi\u0105 politycy. Angielskie nazwy gdzie si\u0119 da (a walczyli\u015bmy o nasz j\u0119zyk przez stulecia), obce biznesy (a bronili\u015bmy si\u0119 przed zaborcami i Hitlerem do krwi ostatniej). Historia \u201cwon\u201d ze szk\u00f3\u0142; jak pedofil, to tylko ksi\u0105dz; uczmy dzieci, jak si\u0119 masturbowa\u0107, rozdawajmy im prezerwatywy, zdejmujmy Krzy\u017ce sk\u0105d si\u0119 da, odbierajmy dzieci rodzicom, czy trzeba, czy nie, niech lud pracuje do \u015bmierci, ZUS niech buduje nowe biurowce, kupuje wypasione limuzyny, ministrowie te\u017c, a emeryt, jak do\u017cyje emerytury w jakim, takim zdrowiu, to niech zdycha z braku pieni\u0119dzy. Amen.<\/span><\/p>\n<p><\/strong><\/p>\n","protected":false},"excerpt":{"rendered":"<p>Nie spodziewa\u0142em si\u0119, \u017ce sejm odwo\u0142a Sikorskiego. By\u0142oby to nienormalne przy tej koalicji. Kopaczowa, na pytanie, jak zag\u0142osuje odpowiada: \u201cprzecie\u017c to m\u00f3j kolega\u201d. Kolesiostwo by\u0142o jej priorytetem od pierwszego dnia i ja nigdy nie uwierz\u0119 w \u017cadne s\u0142owa tej pani.<\/p>\n","protected":false},"author":2,"featured_media":0,"comment_status":"open","ping_status":"open","sticky":false,"template":"","format":"standard","meta":[],"categories":[4],"tags":[],"_links":{"self":[{"href":"https:\/\/sporek.com\/blog\/index.php?rest_route=\/wp\/v2\/posts\/468"}],"collection":[{"href":"https:\/\/sporek.com\/blog\/index.php?rest_route=\/wp\/v2\/posts"}],"about":[{"href":"https:\/\/sporek.com\/blog\/index.php?rest_route=\/wp\/v2\/types\/post"}],"author":[{"embeddable":true,"href":"https:\/\/sporek.com\/blog\/index.php?rest_route=\/wp\/v2\/users\/2"}],"replies":[{"embeddable":true,"href":"https:\/\/sporek.com\/blog\/index.php?rest_route=%2Fwp%2Fv2%2Fcomments&post=468"}],"version-history":[{"count":0,"href":"https:\/\/sporek.com\/blog\/index.php?rest_route=\/wp\/v2\/posts\/468\/revisions"}],"wp:attachment":[{"href":"https:\/\/sporek.com\/blog\/index.php?rest_route=%2Fwp%2Fv2%2Fmedia&parent=468"}],"wp:term":[{"taxonomy":"category","embeddable":true,"href":"https:\/\/sporek.com\/blog\/index.php?rest_route=%2Fwp%2Fv2%2Fcategories&post=468"},{"taxonomy":"post_tag","embeddable":true,"href":"https:\/\/sporek.com\/blog\/index.php?rest_route=%2Fwp%2Fv2%2Ftags&post=468"}],"curies":[{"name":"wp","href":"https:\/\/api.w.org\/{rel}","templated":true}]}}