{"id":469,"date":"2014-11-09T12:56:03","date_gmt":"2014-11-09T16:56:03","guid":{"rendered":"http:\/\/sporek.com\/blog\/?p=469"},"modified":"2014-11-09T12:58:50","modified_gmt":"2014-11-09T16:58:50","slug":"wybory-2014","status":"publish","type":"post","link":"https:\/\/sporek.com\/blog\/?p=469","title":{"rendered":"Wybory, 2014"},"content":{"rendered":"<p><span style=\"color: #000000; font-family: Verdana; font-size: 13px; font-style: normal; font-variant: normal; font-weight: normal; text-decoration: none; vertical-align: baseline; background-color: transparent\">Gdzie polskie spo\u0142ecze\u0144stwo pope\u0142ni\u0142o b\u0142\u0105d? Nawet w czasach komunizmu nie by\u0142o tak wielkiej rzeszy ludzi pragn\u0105cych przypodoba\u0107 si\u0119 w\u0142adzy. Gdyby wtedy wybory by\u0142y co\u015b warte, PZPR ju\u017c w pierwszym okresie istnienia nie by\u0142aby parti\u0105 wiod\u0105c\u0105. Represje by\u0142y du\u017co wi\u0119ksze, konsekwencje pot\u0119piania w\u0142adzy bardziej bolesne. <!--more-->Sytuacja by\u0142a klarowna: czy si\u0119 sz\u0142o do wybor\u00f3w, czy nie, i tak \u201ewi\u0119kszo\u015bci\u0105\u201d g\u0142os\u00f3w wygrywa\u0142a PZPR i jej kandydaci; Czy g\u0142osowa\u0142o si\u0119 za, czy przeciw \u2013 i tak wygrywa\u0142a \u201ejedynie s\u0142uszna partia\u201d. Dzi\u015b jest \u2013 teoretycznie \u2013 wolno\u015b\u0107 s\u0142owa. Je\u015bli kto\u015b chce, to w Internecie znajdzie wszystko na temat rz\u0105dz\u0105cych; jest ca\u0142a masa niezale\u017cnej prasy, telewizja O. Rydzyka i Telewizja Republika, tysi\u0105ce spotka\u0144 z intelektualistami, kt\u00f3rzy \u201em\u00f3wi\u0105 jak jest\u201d, miliony blog\u00f3w, kt\u00f3re nie zostawiaj\u0105 na rz\u0105dz\u0105cych suchej nitki. Wszystko to ods\u0142ania, albo przest\u0119pcz\u0105 przesz\u0142o\u015b\u0107 rz\u0105dz\u0105cych, albo ich powi\u0105zania z bezpiek\u0105 i innymi, skompromitowanymi s\u0142u\u017cbami, afery, zwyk\u0142e z\u0142odziejstwo, wyprzeda\u017c maj\u0105tku narodowego, nietrafione inwestycje, korupcj\u0119, czy w ko\u0144cu zwyk\u0142y idiotyzm cz\u0142onk\u00f3w rz\u0105du (Pendolino, dla przyk\u0142adu, czy stacja paliw na zachodnim wybrze\u017cu, Stocznia Gda\u0144ska, i tysi\u0105ce innych, karygodnych zaniecha\u0144, decyzji, posuni\u0119\u0107). Niezale\u017cne media (wszystkie, wymienione wy\u017cej) ods\u0142aniaj\u0105 r\u00f3wnie\u017c komunistyczn\u0105 przesz\u0142o\u015b\u0107 dziennikarzy, mydl\u0105cych dzi\u015b oczy s\u0142uchaczy i czytelnik\u00f3w. A jednak koalicja rz\u0105dz\u0105ca Polsk\u0105 ma kolejn\u0105 szans\u0119 wygra\u0107 najbli\u017csze wybory. A jednak TVN24 ogl\u0105da wi\u0119kszo\u015b\u0107, a jednak Gazet\u0119 Wyborcz\u0105 traktuje si\u0119, jak g\u0142\u00f3wne \u017ar\u00f3d\u0142o opiniotw\u00f3rcze. Jak to si\u0119 dzieje? Czy spo\u0142ecze\u0144stwo, kt\u00f3re widzi, jak \u017cyj\u0105 oprawcy Ksi\u0119dza Jerzego, jak daleko od nauk \u015aw. Jana Paw\u0142a II odeszli w\u0142adcy naszej Ojczyzny, jak Europa kupuje je (spo\u0142ecze\u0144stwo) tanimi dotacjami, zad\u0142u\u017caj\u0105c nasz kraj na pokolenia, zatraci\u0142o kompletnie to\u017csamo\u015b\u0107 i m\u0105dro\u015b\u0107? Zapomnia\u0142o o historii w\u0142asnego kraju? Odpowied\u017a jest przyziemnie prosta: nie trzeba armat, pa\u0142ek, gazu, sikawek z wod\u0105, &#8211; wystarczy ekonomia. I to ekonomia przewr\u00f3ci\u0142a my\u015blenie Polak\u00f3w do g\u00f3ry nogami: zlikwidowa\u0107 zak\u0142ady pracy, niech b\u0142agaj\u0105 o prac\u0119 na kolanach. Czy kto\u015b w komunizmie s\u0142ysza\u0142 o \u201eumowach \u015bmieciowy\u201d? Nie, bo komunist\u00f3w by\u0142oby wstyd z czym\u015b takim wychodzi\u0107. Nie by\u0142o kredyt\u00f3w, zw\u0142aszcza tak lichwiarskich, jak s\u0105 teraz. Zasada by\u0142a prosta: jak ci\u0119 nie sta\u0107, to nie kupuj. Proste. Polacy, po latach zamordyzmu poczuli wolno\u015b\u0107 i jak dziecko, kt\u00f3remu tylko na \u015bwi\u0119ta dawano s\u0142odycze zach\u0142ysn\u0119\u0142o si\u0119 t\u0105 wolno\u015bci\u0105 i zatraci\u0142o. Strach przed utrat\u0105 pracy, strach przed narastaj\u0105cym d\u0142ugiem\u2026, ale w\u0142asnym d\u0142ugiem. Zad\u0142u\u017ceniem kraju nikt si\u0119 nie przejmuje, bo nikt go fizycznie z w\u0142asnej kieszeni nie sp\u0142aca. A, \u017ce b\u0119d\u0105 go sp\u0142aca\u0142y nasze dzieci, ich dzieci i dzieci ich dzieci, to teraz niewa\u017cne.<\/span><\/p>\n<p><strong style=\"font-weight: normal\"><\/p>\n<p dir=\"ltr\" style=\"line-height: 1.15; margin-top: 0pt; margin-bottom: 0pt\"><span style=\"color: #000000; font-family: Verdana; font-size: 13px; font-style: normal; font-variant: normal; font-weight: normal; text-decoration: none; vertical-align: baseline; background-color: transparent\">Najbli\u017csze wybory w Polsce uka\u017c\u0105 albo t\u0119pot\u0119, albo m\u0105dro\u015b\u0107. Bo to ju\u017c nie s\u0105 wybory konkretnych ludzi, &#8211; to b\u0119dzie wyb\u00f3r z\u0142a, dramatu Ojczyzny, albo wyb\u00f3r ratunku. W ka\u017cdym kraju, kt\u00f3ry w minimalnym nawet stopniu dba o swoje jestestwo ministrowie tak skompromitowani, jak obecna ekipa nie mieliby racji bytu. Czy Polacy, cho\u0107 w minimalny spos\u00f3b chc\u0105 zadba\u0107 o swoje jestestwo\u2026?<\/span><\/p>\n<p dir=\"ltr\" style=\"line-height: 1.15; margin-top: 0pt; margin-bottom: 0pt\"><span style=\"color: #000000; font-family: Verdana; font-size: 13px; font-style: normal; font-variant: normal; font-weight: normal; text-decoration: none; vertical-align: baseline; background-color: transparent\">Kogo wybiera\u0107? Post komunist\u00f3w na pewno nie, ekstremist\u00f3w typu Mikke, Palikoty i im podobni, &#8211; na pewno nie; obecnie rz\u0105dz\u0105cych, zdecydowanie nie. Cokolwiek, ktokolwiek chcia\u0142by wyliczy\u0107, to pozostaje jedynie PiS. Za\u015blepieni propagand\u0105 przekln\u0105 mnie w tym momencie, &#8211; wiem. Ale prosz\u0119, cho\u0107 chwil\u0119 zastan\u00f3wcie si\u0119: jak d\u0142ugo Polska mo\u017ce jeszcze istnie\u0107? Przeanalizujcie dokonania rz\u0105dz\u0105cych, prawdom\u00f3wno\u015b\u0107, przejrzysto\u015b\u0107, przeanalizujcie, jakich maj\u0105tk\u00f3w dorobili si\u0119 rz\u0105dz\u0105c Polsk\u0105. Pisa\u0142em w poprzednim artykule: ci ludzie niczego nie produkuj\u0105, oni tylko bior\u0105. Bior\u0105 z czego? Z Waszej pracy, z waszych podatk\u00f3w, ubezpiecze\u0144. Czy nie czas z tym sko\u0144czy\u0107?<\/span><\/p>\n<p><\/strong><strong style=\"font-weight: normal\"><span style=\"color: #000000; font-family: Verdana; font-size: 13px; font-style: normal; font-variant: normal; font-weight: normal; text-decoration: none; vertical-align: baseline; background-color: transparent\">Polska, jak nigdy dot\u0105d jest wy\u0142\u0105cznie w r\u0119kach spo\u0142ecze\u0144stwa. Czy te r\u0119ce oka\u017c\u0105 si\u0119 m\u0105dre, zobaczymy 16 listopada.<\/span><br \/>\n<\/strong><\/p>\n","protected":false},"excerpt":{"rendered":"<p>Gdzie polskie spo\u0142ecze\u0144stwo pope\u0142ni\u0142o b\u0142\u0105d? Nawet w czasach komunizmu nie by\u0142o tak wielkiej rzeszy ludzi pragn\u0105cych przypodoba\u0107 si\u0119 w\u0142adzy. Gdyby wtedy wybory by\u0142y co\u015b warte, PZPR ju\u017c w pierwszym okresie istnienia nie by\u0142aby parti\u0105 wiod\u0105c\u0105. Represje by\u0142y du\u017co wi\u0119ksze, konsekwencje pot\u0119piania w\u0142adzy bardziej bolesne.<\/p>\n","protected":false},"author":2,"featured_media":0,"comment_status":"open","ping_status":"open","sticky":false,"template":"","format":"standard","meta":[],"categories":[4],"tags":[],"_links":{"self":[{"href":"https:\/\/sporek.com\/blog\/index.php?rest_route=\/wp\/v2\/posts\/469"}],"collection":[{"href":"https:\/\/sporek.com\/blog\/index.php?rest_route=\/wp\/v2\/posts"}],"about":[{"href":"https:\/\/sporek.com\/blog\/index.php?rest_route=\/wp\/v2\/types\/post"}],"author":[{"embeddable":true,"href":"https:\/\/sporek.com\/blog\/index.php?rest_route=\/wp\/v2\/users\/2"}],"replies":[{"embeddable":true,"href":"https:\/\/sporek.com\/blog\/index.php?rest_route=%2Fwp%2Fv2%2Fcomments&post=469"}],"version-history":[{"count":0,"href":"https:\/\/sporek.com\/blog\/index.php?rest_route=\/wp\/v2\/posts\/469\/revisions"}],"wp:attachment":[{"href":"https:\/\/sporek.com\/blog\/index.php?rest_route=%2Fwp%2Fv2%2Fmedia&parent=469"}],"wp:term":[{"taxonomy":"category","embeddable":true,"href":"https:\/\/sporek.com\/blog\/index.php?rest_route=%2Fwp%2Fv2%2Fcategories&post=469"},{"taxonomy":"post_tag","embeddable":true,"href":"https:\/\/sporek.com\/blog\/index.php?rest_route=%2Fwp%2Fv2%2Ftags&post=469"}],"curies":[{"name":"wp","href":"https:\/\/api.w.org\/{rel}","templated":true}]}}