{"id":470,"date":"2014-11-10T14:20:36","date_gmt":"2014-11-10T18:20:36","guid":{"rendered":"http:\/\/sporek.com\/blog\/?p=470"},"modified":"2014-11-10T14:22:08","modified_gmt":"2014-11-10T18:22:08","slug":"dla-kogo-pracujemy","status":"publish","type":"post","link":"https:\/\/sporek.com\/blog\/?p=470","title":{"rendered":"Dla kogo pracujemy?"},"content":{"rendered":"<p><strong style=\"font-weight: normal\"><span style=\"color: #000000; font-family: Arial; font-size: 15px; font-style: normal; font-variant: normal; font-weight: normal; text-decoration: none; vertical-align: baseline; background-color: transparent\"><\/span><\/strong><span style=\"color: #000000; font-family: Verdana; font-size: 13px; font-style: normal; font-variant: normal; font-weight: normal; text-decoration: none; vertical-align: baseline; background-color: transparent\">M\u00f3wi si\u0119, \u017ce pracujemy dla siebie. Tytu\u0142 mo\u017ce raczej powinien brzmie\u0107, &#8211; \u201cNa kogo pracujemy?\u201d I nie mo\u017cna zaprzeczy\u0107, \u017ce pracujemy na z\u0142odziei, cham\u00f3w, obojnak\u00f3w, homo i innych cwaniak\u00f3w i prymityw\u00f3w, kt\u00f3rzy zasiadaj\u0105 w czcigodnych \u0142awach w wielkim budynku, przy ulicy Wiejskiej. <!--more-->Oni nie produkuj\u0105 nic, nie generuj\u0105 \u017cadnych wp\u0142yw\u00f3w do skarbu pa\u0144stwa, wr\u0119cz odwrotnie. Je\u015bli kto\u015b teraz my\u015bli, \u017ce chodzi tylko o trzech pan\u00f3w z PiSu, to jest w grubym b\u0142\u0119dzie. Pisa\u0142em na tym forum wiele razy o pos\u0142ach, kt\u00f3rzy przylatuj\u0105 z Brukselii w pi\u0105tek wiecz\u00f3r, podpisuj\u0105 list\u0119 w parlamencie polskim i jad\u0105 sobie do domu. Podobnie pisa\u0142em o europos\u0142ach. Oni pobieraj\u0105 pieni\u0105dze, kt\u00f3re wypracowuje spo\u0142ecze\u0144stwo. W nagrod\u0119 spo\u0142ecze\u0144stwo zosta\u0142o przez obecnie rz\u0105dz\u0105cych obdarowane przed\u0142u\u017ceniem okresu pracy, w\u0105tpliwej jako\u015bci emeryturami i beznadziejnej jako\u015bci opiek\u0105 zdrowotn\u0105. Ale to samo spo\u0142ecze\u0144stwo, z uporem maniaka ponownie wybierze t\u0119 sam\u0105 koalicj\u0119, bo tej koalicji uda\u0142o si\u0119 jedno: og\u0142upi\u0107 obywateli. Bez specjalnych ustaw, bez rozporz\u0105dze\u0144, ot, po prostu przy pomocy podporz\u0105dkowanych sobie medi\u00f3w, s\u0142u\u017calczych dziennikarzy, udaj\u0105cych intelektuallist\u00f3w. W my\u015bl: raz przej\u0119tej w\u0142adzy, nie oddamy.<\/span><\/p>\n<p><strong style=\"font-weight: normal\"><strong style=\"font-weight: normal\"><\/p>\n<p dir=\"ltr\" style=\"line-height: 1.15; margin-top: 0pt; margin-bottom: 0pt\"><span style=\"color: #000000; font-family: Verdana; font-size: 13px; font-style: normal; font-variant: normal; font-weight: normal; text-decoration: none; vertical-align: baseline; background-color: transparent\">Czy jednak tego typu kradzie\u017ce by\u0142yby mo\u017cliwe, gdyby ludzie przy Wiejskiej \u00a0wynie\u015bli uczciwo\u015b\u0107 z domu rodzinnego? Nie. Definitywnie, nie. Ja pami\u0119tam z dzieci\u0144stwa, &#8211; nie ukrad\u0142em, ale wzi\u0105\u0142em, przy innych kolegach, wzi\u0105\u0142em mojemu kuzynowi wieczne pi\u00f3ro, kt\u00f3re wujek przywi\u00f3z\u0142 mu z Czechos\u0142owacji. Wzi\u0105\u0142em, &#8211; jak gangster: \u201cju\u017c nie masz tego pi\u00f3ra, ja go mam\u201d. Oczywi\u015bcie kuzyn przyszed\u0142 do mojej Matki. No i koniec \u015bwiata. Tydzie\u0144 ca\u0142y nie odzywa\u0142a si\u0119 do mnie i wiedzia\u0142a, \u017ce prze\u017cywamm to bardziej, ni\u017c gdyby sku\u0142a mi g\u0119b\u0119, albo jakimi\u015b r\u00f3zgami zarumieni\u0142a m\u00f3j ty\u0142ek. Nie; \u201cnie rozmawiam z kim\u015b, kto zabiera, co nie jego\u201d &#8211; m\u00f3wi\u0142a. Koniec. Mimo, \u017ce odda\u0142em, mimo, \u017ce przeprosi\u0142em. Tydzie\u0144 milczenia mojej Matki, po kazaniu, jakie mi zrobi\u0142a by\u0142 tak bolesny, \u017ce pami\u0119tam go do dzisiaj. I nie tylko dlatego, \u017ce milcza\u0142a, ale dlatego, \u017ce to jej milczenie spowodowa\u0142o , i\u017c wyrzut i pogarda dla siebie, za zabranie komu\u015b czego\u015b, co nale\u017ca\u0142o do niego jest do dzi\u015b tak wielka, \u017ce kradzie\u017c uwa\u017cam za jedno z najwi\u0119kszych przest\u0119pstw. Tydzie\u0144 temu, po doj\u015bciu z w\u00f3zkiem z Key Food do samochodu stwierdzi\u0142em, \u017ce na dole w\u00f3zka jest sze\u015bciopak wody mineralnej, za kt\u00f3ry nie zap\u0142aci\u0142em. Mog\u0142em nie wraca\u0107, nikt tego nie zauwa\u017cy\u0142, ani kasjerka, ani facet przy drzwiach. Wielki supermarket nie zbiednia\u0142by z powodu $3.99. A jednak co\u015b mnie wstrzymywa\u0142o, aby w\u0142o\u017cy\u0107 do auta te sze\u015b\u0107 butelek wody. Wr\u00f3ci\u0142em i przeprosi\u0142em kasjerk\u0119. Pech kasjerki polega\u0142 na tym, \u017ce zauwa\u017cy\u0142 m\u00f3j powr\u00f3t jaki\u015b tam \u201cwy\u017cszy sklepowy\u201d i zacz\u0105\u0142 jecha\u0107 po biednej dziewczynie, jak po starej szkapie, a\u017c musia\u0142em go upomnie\u0107 i to ostro za jego zachowanie. Przeprosi\u0142, gdy zagrozi\u0142em, \u017ce nie b\u0119d\u0119 wi\u0119cej robi\u0142 zakup\u00f3w w sklepie, w kt\u00f3rym pracownik\u00f3w traktuje si\u0119, jak niewolnik\u00f3w odpowiedzialnych za wszystko.<\/span><\/p>\n<p dir=\"ltr\" style=\"line-height: 1.15; margin-top: 0pt; margin-bottom: 0pt\"><span style=\"color: #000000; font-family: Verdana; font-size: 13px; font-style: normal; font-variant: normal; font-weight: normal; text-decoration: none; vertical-align: baseline; background-color: transparent\">A kra\u015b\u0107 spo\u0142ecze\u0144stwu, to ju\u017c przest\u0119pstwo, kt\u00f3re powinno si\u0119 sko\u0144czy\u0107 wi\u0119zieniem, a nie usuni\u0119ciem z parti. Babcia \u201czwin\u0119\u0142a\u201d w jakim\u015b tam sklepie batonikk za 90 groszy, &#8211; uruhomiono system sprawiedliwo\u015bci, co podnios\u0142o cen\u0119 tego drobiazgu do prawie tysi\u0105ca z\u0142otych. Idiotyzm goni idiotyzm. By\u0142em pe\u0142en uznania dla Jaros\u0142awa Kaczy\u0144skiego za natychmiastow\u0105 reakcj\u0119 i zawieszenie tych trzech facet\u00f3w i teraz jeszcze bardziej ceni\u0119 go za wyrzucenie ich z partii, ale jedno mi si\u0119 nie spodoba\u0142o, &#8211; \u017ce mog\u0105 wr\u00f3ci\u0107 do polityki za kilka lat. Nie, nie mog\u0105. Nie powinni\u015bmy ich zaakceptowa\u0107. I niech mi tu nikt nie opowiada o wybaczeniu, o ich resocjalizacji. Nie! Na pocz\u0105tku mojej emigracji byli\u015bmy dumni z \u201cnaszego cz\u0142owieka\u201d, w kongeresie USA, Dana Rostenkowskiego. Polak, w Bia\u0142ym Domu, to brzmia\u0142o naprawd\u0119 dumnie. I dup. Rost\u0119kowski zosta\u0142 przy\u0142apany na kombinacjach ze znaczkami. Udowodniono mu du\u017cy przekr\u0119t \u00a0i co? Zosta\u0142 wyrzucony z polityki i otrzyma\u0142 wyrok 17 miesi\u0119cy. Ani lewicowe, ani prawicowe media nie owija\u0142y w bawe\u0142n\u0119. Winien; &#8211; won i do pierdla. Popatrzmy na polskich kr\u0119taczy, aferzyst\u00f3w, gangster\u00f3w w sejmie i poza nim. Polityk\u00f3w \u201czaprzyja\u017anionych\u201d z aferzystami. \u015awi\u0119te krowy. S\u0142usznie napisa\u0142 jeden z komentator\u00f3w na Internecie: powinno si\u0119 prze\u015bwietli\u0107 wszystkich z ulicy Wiejskiej; &#8211; sk\u0105d maj\u0105 te maj\u0105tki? Milionowe maj\u0105tki. Nie b\u0119d\u0119 podawa\u0142 nazwisk, kt\u00f3re mi podpadaj\u0105, ale zapewniam, to s\u0105 nazwiska i z lewej i z prawej.<\/span><\/p>\n<p dir=\"ltr\" style=\"line-height: 1.15; margin-top: 0pt; margin-bottom: 0pt\"><span style=\"color: #000000; font-family: Verdana; font-size: 13px; font-style: normal; font-variant: normal; font-weight: normal; text-decoration: none; vertical-align: baseline; background-color: transparent\">Reakcja J. Kaczy\u0144skiego &#8211; usuni\u0119cie z partii, utwierdza mnie w\u0142a\u015bnie w przekonaniu, \u017ce bardzo bym chcia\u0142, aby ta partia przej\u0119\u0142a rz\u0105dy, bo, jak widzieli\u015bmy przy okazji afery ta\u015bmowej, g\u0142osowania nad Sikorskim, itd, itp, &#8211; wszystkie inne partie wol\u0105 schowa\u0107 g\u0142ow\u0119 w piasek. Przede wszystkim, \u017ceby nie popiera\u0107 PiSu, ale te\u017c, by zamie\u015b\u0107 pod dywan, bo to kumpel, bo to pociotek, znajomy, przyjaciel.<\/span><\/p>\n<p dir=\"ltr\" style=\"line-height: 1.15; margin-top: 0pt; margin-bottom: 0pt\"><span style=\"color: #000000; font-family: Verdana; font-size: 13px; font-style: normal; font-variant: normal; font-weight: normal; text-decoration: none; vertical-align: baseline; background-color: transparent\">Pracujemy dla siebie, ale pracujemy na tych, kt\u00f3rzy tam, na g\u00f3rze roztrwonili Polsk\u0119 do cna.<\/span><\/p>\n<p dir=\"ltr\" style=\"line-height: 1.15; margin-top: 0pt; margin-bottom: 0pt\"><span style=\"color: #000000; font-family: Verdana; font-size: 13px; font-style: normal; font-variant: normal; font-weight: normal; text-decoration: none; vertical-align: baseline; background-color: transparent\">I to trzeba zmieni\u0107. Spo\u0142ecze\u0144stwo zda egzamin 16 listopada, albo ponownie nie przejdzie do nast\u0119pnej klasy. A wtedy, niech sobie siedzi w \u201ckozie\u201d do us\u2026. \u015bmierci.<\/span><\/p>\n<p dir=\"ltr\" style=\"line-height: 1.15; margin-top: 0pt; margin-bottom: 0pt\" id=\"docs-internal-guid-7f4c6c07-9ab3-d55e-6237-e48130e88e07\">&nbsp;<\/p>\n<p><\/strong><\/p>\n<p dir=\"ltr\" style=\"line-height: 1.15; margin-top: 0pt; margin-bottom: 0pt\" id=\"docs-internal-guid-7f4c6c07-9ab3-d55e-6237-e48130e88e07\">&nbsp;<\/p>\n<p dir=\"ltr\" style=\"line-height: 1.15; margin-top: 0pt; margin-bottom: 0pt\" id=\"docs-internal-guid-7f4c6c07-9ab3-d55e-6237-e48130e88e07\">&nbsp;<\/p>\n<p><\/strong><\/p>\n","protected":false},"excerpt":{"rendered":"<p>M\u00f3wi si\u0119, \u017ce pracujemy dla siebie. Tytu\u0142 mo\u017ce raczej powinien brzmie\u0107, &#8211; \u201cNa kogo pracujemy?\u201d I nie mo\u017cna zaprzeczy\u0107, \u017ce pracujemy na z\u0142odziei, cham\u00f3w, obojnak\u00f3w, homo i innych cwaniak\u00f3w i prymityw\u00f3w, kt\u00f3rzy zasiadaj\u0105 w czcigodnych \u0142awach w wielkim budynku, przy ulicy Wiejskiej.<\/p>\n","protected":false},"author":2,"featured_media":0,"comment_status":"open","ping_status":"open","sticky":false,"template":"","format":"standard","meta":[],"categories":[4],"tags":[],"_links":{"self":[{"href":"https:\/\/sporek.com\/blog\/index.php?rest_route=\/wp\/v2\/posts\/470"}],"collection":[{"href":"https:\/\/sporek.com\/blog\/index.php?rest_route=\/wp\/v2\/posts"}],"about":[{"href":"https:\/\/sporek.com\/blog\/index.php?rest_route=\/wp\/v2\/types\/post"}],"author":[{"embeddable":true,"href":"https:\/\/sporek.com\/blog\/index.php?rest_route=\/wp\/v2\/users\/2"}],"replies":[{"embeddable":true,"href":"https:\/\/sporek.com\/blog\/index.php?rest_route=%2Fwp%2Fv2%2Fcomments&post=470"}],"version-history":[{"count":0,"href":"https:\/\/sporek.com\/blog\/index.php?rest_route=\/wp\/v2\/posts\/470\/revisions"}],"wp:attachment":[{"href":"https:\/\/sporek.com\/blog\/index.php?rest_route=%2Fwp%2Fv2%2Fmedia&parent=470"}],"wp:term":[{"taxonomy":"category","embeddable":true,"href":"https:\/\/sporek.com\/blog\/index.php?rest_route=%2Fwp%2Fv2%2Fcategories&post=470"},{"taxonomy":"post_tag","embeddable":true,"href":"https:\/\/sporek.com\/blog\/index.php?rest_route=%2Fwp%2Fv2%2Ftags&post=470"}],"curies":[{"name":"wp","href":"https:\/\/api.w.org\/{rel}","templated":true}]}}