{"id":471,"date":"2014-11-12T01:07:49","date_gmt":"2014-11-12T05:07:49","guid":{"rendered":"http:\/\/sporek.com\/blog\/?p=471"},"modified":"2014-11-12T01:17:19","modified_gmt":"2014-11-12T05:17:19","slug":"jak-zawieje-wiatr%e2%80%a6","status":"publish","type":"post","link":"https:\/\/sporek.com\/blog\/?p=471","title":{"rendered":"Jak zawieje wiatr\u2026"},"content":{"rendered":"<p>&#8230;Tak Tusk si\u0119 ustawia. Czym r\u00f3\u017cni si\u0119 afera ta\u015bmowa za czas\u00f3w koalicji PO-PSL, w 2014, od afery za czas\u00f3w PiS-LPR-SO, w 2006?<br \/>\nOt\u00f3\u017c tym samym, czym r\u00f3\u017cni si\u0119 traktowanie aferzyst\u00f3w w jedynie POrz\u0105dnej partii, od traktowania aferzyst\u00f3w w PiSie. Aferzy\u015bci w PO pozostaj\u0105 i maj\u0105 si\u0119 dobrze, aferzy\u015bci PiS wylatuj\u0105 na zbity ryj.<!--more--><br \/>\nTyle o ostatnich aferach: ta\u015bmowej w PO \u2013 (Sienkiewicz, Belka, Sikorski i mo\u017ce sam Tusk), plus debilne wypowiedzi Sikorskiego dla portalu ameryka\u0144skiego o rozbiorze Ukrainy oraz, nazwijmy to, \u2018hiszpa\u0144skiej\u201d w PiS \u2013 (Hoffman, Kami\u0144ski, Rogalski). Niech Czytelnicy sami rozwa\u017c\u0105 wag\u0119 jednej i drugiej.<br \/>\nWed\u0142ug Tuska w aferze PO \u201ePolacy, nic si\u0119 nie sta\u0142o, oni z trosk\u0105 o ojczy\u017anie\u2026\u201d i tego typu bzdety.<br \/>\nAle osiem lat temu mieli\u015bmy tzw. \u201eta\u015bmy Beger\u201d, w kt\u00f3rych \u201ezbrodni\u0105\u201d PiSu by\u0142o nak\u0142anianie do przej\u015bcia z Samoobrony, do PiSu z obiecywaniem stanowiska w rz\u0105dzie; Beger mia\u0142a chyba dosta\u0107 posad\u0119 podsekretarza stanu w ministerstwie rolnictwa i rozwoju wsi. Nie by\u0142o przekle\u0144stw, wyszydzania ze spo\u0142ecze\u0144stwa, z koleg\u00f3w, zabierania pieni\u0119dzy z Banku Centralnego i oto, co Donald Tusk powiedzia\u0142 w dzie\u0144 po ujawnieniu tych ta\u015bm, czyli 27 wrze\u015bnia, 2006:<br \/>\n<strong><em>\u201eDzi\u0119kuj\u0119 dziennikarzom za wspieranie demokracji poprzez ujawnienie kompromituj\u0105cego przypadku skandalicznej korupcji politycznej, jakiej dopu\u015bci\u0142 si\u0119 PiS. Miliony Polak\u00f3w mog\u0142y pozna\u0107 dzi\u0119ki tym nagraniom kulisy kuchni politycznej kompromituj\u0105cej obecny rz\u0105d\u201d.<\/em><\/strong><br \/>\nI dalej:<br \/>\n<em><strong>\u201eDzi\u015b wszyscy przyzwoici ludzie w Polsce musz\u0105 za\u017c\u0105da\u0107 nie tylko natychmiastowego skr\u00f3cenia kadencji Sejmu, ale i natychmiastowej dymisji rz\u0105du\u201d.<\/strong><\/em><br \/>\nPinokio wszechczas\u00f3w. Ogromne wyzwanie do &#8222;wszystkich przyzwoitych ludzi&#8221;. Jest tak, jako\u015b, \u017ce \u017cycie p\u0142aci za k\u0142amstwa, nieuczciwo\u015b\u0107, krzywdy, itp. Nie \u017cycz\u0119 Tuskowi \u017ale, &#8211; w ko\u0144cu Polak, by\u0142y premier, teraz w\u00f3dz Europy. Ale spadanie z wysokiego konia jest cholernie bolesne, a gdzie\u015b, pod sk\u00f3r\u0105 czuj\u0119, \u017ce ten facet spadnie. Historia ma takich w\u0142adc\u00f3w na p\u0119czki, od rzymskich cesarzy, po wsp\u00f3\u0142czesno\u015b\u0107. I my\u015bl\u0119, \u017ce to tylko kwestia czasu. A przys\u0142owia s\u0105 m\u0105dro\u015bci\u0105 narod\u00f3w: nosi\u0142 wilk razy kilka\u2026, dop\u00f3ty dzban wod\u0119 nosi\u2026, ten si\u0119 \u015bmieje\u2026,<br \/>\nA na pochy\u0142e drzewo wszystkie kozy\u2026 lej\u0105.<\/p>\n","protected":false},"excerpt":{"rendered":"<p>&#8230;Tak Tusk si\u0119 ustawia. Czym r\u00f3\u017cni si\u0119 afera ta\u015bmowa za czas\u00f3w koalicji PO-PSL, w 2014, od afery za czas\u00f3w PiS-LPR-SO, w 2006? Ot\u00f3\u017c tym samym, czym r\u00f3\u017cni si\u0119 traktowanie aferzyst\u00f3w w jedynie POrz\u0105dnej partii, od traktowania aferzyst\u00f3w w PiSie. Aferzy\u015bci w PO pozostaj\u0105 i maj\u0105 si\u0119 dobrze, aferzy\u015bci PiS wylatuj\u0105 na zbity ryj.<\/p>\n","protected":false},"author":2,"featured_media":0,"comment_status":"open","ping_status":"open","sticky":false,"template":"","format":"standard","meta":[],"categories":[4],"tags":[],"_links":{"self":[{"href":"https:\/\/sporek.com\/blog\/index.php?rest_route=\/wp\/v2\/posts\/471"}],"collection":[{"href":"https:\/\/sporek.com\/blog\/index.php?rest_route=\/wp\/v2\/posts"}],"about":[{"href":"https:\/\/sporek.com\/blog\/index.php?rest_route=\/wp\/v2\/types\/post"}],"author":[{"embeddable":true,"href":"https:\/\/sporek.com\/blog\/index.php?rest_route=\/wp\/v2\/users\/2"}],"replies":[{"embeddable":true,"href":"https:\/\/sporek.com\/blog\/index.php?rest_route=%2Fwp%2Fv2%2Fcomments&post=471"}],"version-history":[{"count":0,"href":"https:\/\/sporek.com\/blog\/index.php?rest_route=\/wp\/v2\/posts\/471\/revisions"}],"wp:attachment":[{"href":"https:\/\/sporek.com\/blog\/index.php?rest_route=%2Fwp%2Fv2%2Fmedia&parent=471"}],"wp:term":[{"taxonomy":"category","embeddable":true,"href":"https:\/\/sporek.com\/blog\/index.php?rest_route=%2Fwp%2Fv2%2Fcategories&post=471"},{"taxonomy":"post_tag","embeddable":true,"href":"https:\/\/sporek.com\/blog\/index.php?rest_route=%2Fwp%2Fv2%2Ftags&post=471"}],"curies":[{"name":"wp","href":"https:\/\/api.w.org\/{rel}","templated":true}]}}