{"id":473,"date":"2014-11-17T12:14:48","date_gmt":"2014-11-17T16:14:48","guid":{"rendered":"http:\/\/sporek.com\/blog\/?p=473"},"modified":"2014-11-18T10:12:40","modified_gmt":"2014-11-18T14:12:40","slug":"policzmy-glosy","status":"publish","type":"post","link":"https:\/\/sporek.com\/blog\/?p=473","title":{"rendered":"Policzmy g\u0142osy"},"content":{"rendered":"<p><span style=\"color: #000000; font-family: Verdana; font-size: 13px; font-style: normal; font-variant: normal; font-weight: normal; text-decoration: none; vertical-align: baseline; background-color: transparent\">Powinienem ten tytu\u0142 uj\u0105\u0107 w cudzys\u0142\u00f3w, bo s\u0105 to s\u0142ynne s\u0142owa Tuska z jeszcze s\u0142ynniejszej \u201cNocnej zmiany\u201d &#8211; czerwiec, 1992, tu\u017c przed obaleniem rz\u0105du Jana Olszewskiego przez grup\u0119 wyrachowanych karierowicz\u00f3w\u00a0i pseudo-solidarno\u015bciowc\u00f3w, na czele z Wa\u0142\u0119s\u0105.<!--more--><\/span><\/p>\n<p><strong style=\"font-weight: normal\"><\/p>\n<p dir=\"ltr\" style=\"line-height: 1.15; margin-top: 0pt; margin-bottom: 0pt\"><span style=\"color: #000000; font-family: Verdana; font-size: 13px; font-style: normal; font-variant: normal; font-weight: normal; text-decoration: none; vertical-align: baseline; background-color: transparent\">Pami\u0119tam dzie\u0144 wybor\u00f3w do Kongresu USA, w listopadzie, 2010. By\u0142em wtedy w biurze kongresmana Peta Kinga, na Long Island, gdzie razem z dr. Kirchnerem dyskutowali\u015bmy o katastrofie smole\u0144skiej. Siedzieli\u015bmy w gabinecie kongresmana, gdy nagle z g\u0142\u00f3wnego biura, gdzie zgromadzili si\u0119 pracownicy i przyjaciele, oraz zwolennicy P. Kinga dobieg\u0142y entuzjastyczne krzyki typu hurrra, brawo! Wybiegli\u015bmy z niewielkiego pomieszczenia i zobaczy\u0142em t\u0142um stoj\u0105cy przed wielkim, plazmowym ekranem, wiwatuj\u0105cy na cze\u015b\u0107 swojego kongresmana. King przyjmowa\u0142 gratulacje, obj\u0105\u0142 przyjacielsko dra Kirchnera, potem mnie. By\u0142 szcz\u0119\u015bliwy. Wygra\u0142. Spojrza\u0142em na zegarek, &#8211; dochodzi\u0142a 22:00. Jak, to? &#8211; pomy\u015bla\u0142em &#8211; przecie\u017c jeszcze trwaj\u0105 wybory. Rzecz polega\u0142a na tym, \u017ce ju\u017c wiedziano, jaki procent przyszed\u0142, jaki procent jeszcze ewentualnie zg\u0142osi si\u0119 do urn. I w ten prosty spos\u00f3b obliczono, \u017ce ju\u017c nic si\u0119 Kingowi przytrafi\u0107 nie mo\u017ce.<\/span><\/p>\n<p dir=\"ltr\" style=\"line-height: 1.15; margin-top: 0pt; margin-bottom: 0pt\"><span style=\"color: #000000; font-family: Verdana; font-size: 13px; font-style: normal; font-variant: normal; font-weight: normal; text-decoration: none; vertical-align: baseline; background-color: transparent\">Stany Zjednoczone &#8211; ponad 200 milion\u00f3w ludzi. Nawet, je\u015bli za\u0142o\u017cymy, \u017ce w wyborach wzi\u0119\u0142o udzia\u0142, podobnie, jak wczoraj w Polsce 46% uprawnionych, to czyni to liczb\u0119 92 miliony, prawie dwa razy tyle, ile liczy ca\u0142a ludno\u015b\u0107 Polski. I wyniki znane by\u0142y tego samego dnia, na tyle, \u017ce mo\u017cna by\u0142o w prawie stu procentach pewno\u015bci stwierdzi\u0107, kto ju\u017c wygra\u0142, a kto jeszcze musi poczeka\u0107. W Polsce, w tej chwili mija 19-ta godzina od zamkni\u0119cia punkt\u00f3w wyborczych, a oni dalej licz\u0105 i zastanawiaj\u0105 si\u0119, czy polega\u0107 na komputerach, czy liczy\u0107 r\u0119cznie. <\/span><\/p>\n<p dir=\"ltr\" style=\"line-height: 1.15; margin-top: 0pt; margin-bottom: 0pt\"><span style=\"color: #000000; font-family: Verdana; font-size: 13px; font-style: normal; font-variant: normal; font-weight: normal; text-decoration: none; vertical-align: baseline; background-color: transparent\">I to jest obraz Polski po rz\u0105dach PO-PSL. S\u0105 tylko trzy mo\u017cliwo\u015bci t\u0142umacz\u0105ce ten stan:<\/span><\/p>\n<p dir=\"ltr\" style=\"line-height: 1.15; margin-top: 0pt; margin-bottom: 0pt\"><span style=\"color: #000000; font-family: Verdana; font-size: 13px; font-style: normal; font-variant: normal; font-weight: normal; text-decoration: none; vertical-align: baseline; background-color: transparent\">&#8211; Jeste\u015bmy krajem totalnie zacofanym i nie sta\u0107 nas na porz\u0105dny system komputerowy.<\/span><\/p>\n<p dir=\"ltr\" style=\"line-height: 1.15; margin-top: 0pt; margin-bottom: 0pt\"><span style=\"color: #000000; font-family: Verdana; font-size: 13px; font-style: normal; font-variant: normal; font-weight: normal; text-decoration: none; vertical-align: baseline; background-color: transparent\">&#8211; Koalicja w perfidny spos\u00f3b doprowadzi\u0142a do takiej sytuacji, maj\u0105c nadziej\u0119, \u017ce kolejne machlojki przy urnach skutecznie zniech\u0119c\u0105 wyborc\u00f3w do uczestniczenia w wyborach.<\/span><\/p>\n<p dir=\"ltr\" style=\"line-height: 1.15; margin-top: 0pt; margin-bottom: 0pt\"><span style=\"color: #000000; font-family: Verdana; font-size: 13px; font-style: normal; font-variant: normal; font-weight: normal; text-decoration: none; vertical-align: baseline; background-color: transparent\">&#8211; Koalicja daje sobie kilka dni, albo kilkadziesi\u0105t godzin do takiego majstrowania przy liczeniu g\u0142os\u00f3w, aby znowu wygra\u0107.<\/span><\/p>\n<p dir=\"ltr\" style=\"line-height: 1.15; margin-top: 0pt; margin-bottom: 0pt\"><span style=\"color: #000000; font-family: Verdana; font-size: 13px; font-style: normal; font-variant: normal; font-weight: normal; text-decoration: none; vertical-align: baseline; background-color: transparent\">Zadziwiaj\u0105ce, z drugiej strony, jak szybko odkrywa si\u0119, \u017ce gdzie\u015b tam s\u0105 g\u0142osy niewa\u017cne &#8211; tu system dzia\u0142a bez zarzutu.<\/span><\/p>\n<p dir=\"ltr\" style=\"line-height: 1.15; margin-top: 0pt; margin-bottom: 0pt\"><span style=\"color: #000000; font-family: Verdana; font-size: 13px; font-style: normal; font-variant: normal; font-weight: normal; text-decoration: none; vertical-align: baseline; background-color: transparent\">Konkluduj\u0105c, &#8211; jestem dumny z Polak\u00f3w, \u017ce ruszyli do wybor\u00f3w w tych 46 procentach i dokonali do\u015b\u0107 znacznych symptom\u00f3w zmian, kt\u00f3rych pragn\u0105. Pokazali, \u017ce pewnych rzeczy maj\u0105 ju\u017c do\u015b\u0107. Cieszy odsuwanie SLD na coraz dalszy plan sceny politycznej, a ugrupowanie Palikota na zupe\u0142ne obrze\u017ca polityki. Nar\u00f3d nie jest jednak do cna og\u0142upiony i Bogu dzi\u0119ki.<\/span><\/p>\n<p dir=\"ltr\" style=\"line-height: 1.15; margin-top: 0pt; margin-bottom: 0pt\"><span style=\"color: #000000; font-family: Verdana; font-size: 13px; font-style: normal; font-variant: normal; font-weight: normal; text-decoration: none; vertical-align: baseline; background-color: transparent\">Przyznam si\u0119, \u017ce od kilku tygodni, uczestnicz\u0105c w porannych Mszach \u015aw. w ko\u015bciele \u015aw. St. Kostki odmawia\u0142em dziesi\u0119\u0107 Zdrowa\u015b Mario z r\u00f3\u017ca\u0144ca w intencji Polski, w intencji zmian, w intencji odsuni\u0119cia od w\u0142adzy ludzi, kt\u00f3rzy zaprzeczaj\u0105 naszej historii, tradycji, naszego chrze\u015bcija\u0144stwa, kt\u00f3rzy stawiaj\u0105 Europ\u0119 wy\u017cej, ni\u017c kraj rodzinny, Ojczyzn\u0119 i Nar\u00f3d.<\/span><\/p>\n<p><\/strong><\/p>\n","protected":false},"excerpt":{"rendered":"<p>Powinienem ten tytu\u0142 uj\u0105\u0107 w cudzys\u0142\u00f3w, bo s\u0105 to s\u0142ynne s\u0142owa Tuska z jeszcze s\u0142ynniejszej \u201cNocnej zmiany\u201d &#8211; czerwiec, 1992, tu\u017c przed obaleniem rz\u0105du Jana Olszewskiego przez grup\u0119 wyrachowanych karierowicz\u00f3w\u00a0i pseudo-solidarno\u015bciowc\u00f3w, na czele z Wa\u0142\u0119s\u0105.<\/p>\n","protected":false},"author":2,"featured_media":0,"comment_status":"open","ping_status":"open","sticky":false,"template":"","format":"standard","meta":[],"categories":[4],"tags":[],"_links":{"self":[{"href":"https:\/\/sporek.com\/blog\/index.php?rest_route=\/wp\/v2\/posts\/473"}],"collection":[{"href":"https:\/\/sporek.com\/blog\/index.php?rest_route=\/wp\/v2\/posts"}],"about":[{"href":"https:\/\/sporek.com\/blog\/index.php?rest_route=\/wp\/v2\/types\/post"}],"author":[{"embeddable":true,"href":"https:\/\/sporek.com\/blog\/index.php?rest_route=\/wp\/v2\/users\/2"}],"replies":[{"embeddable":true,"href":"https:\/\/sporek.com\/blog\/index.php?rest_route=%2Fwp%2Fv2%2Fcomments&post=473"}],"version-history":[{"count":0,"href":"https:\/\/sporek.com\/blog\/index.php?rest_route=\/wp\/v2\/posts\/473\/revisions"}],"wp:attachment":[{"href":"https:\/\/sporek.com\/blog\/index.php?rest_route=%2Fwp%2Fv2%2Fmedia&parent=473"}],"wp:term":[{"taxonomy":"category","embeddable":true,"href":"https:\/\/sporek.com\/blog\/index.php?rest_route=%2Fwp%2Fv2%2Fcategories&post=473"},{"taxonomy":"post_tag","embeddable":true,"href":"https:\/\/sporek.com\/blog\/index.php?rest_route=%2Fwp%2Fv2%2Ftags&post=473"}],"curies":[{"name":"wp","href":"https:\/\/api.w.org\/{rel}","templated":true}]}}