{"id":474,"date":"2014-11-19T23:48:15","date_gmt":"2014-11-20T03:48:15","guid":{"rendered":"http:\/\/sporek.com\/blog\/?p=474"},"modified":"2014-11-19T23:58:19","modified_gmt":"2014-11-20T03:58:19","slug":"teorie-spiskowe","status":"publish","type":"post","link":"https:\/\/sporek.com\/blog\/?p=474","title":{"rendered":"Teorie spiskowe"},"content":{"rendered":"<p><span style=\"color: #000000; font-family: 'Times New Roman'; font-size: 16px; font-style: normal; font-variant: normal; font-weight: normal; text-decoration: none; vertical-align: baseline; background-color: #ffffff\">Wczoraj media w Polsce poinformowa\u0142y, \u017ce cz\u0142onk\u00f3w Pa\u0144stwowej Komisji Wyborczej powo\u0142uje prezydent. ALE JU\u017b ODWO\u0141A\u0106 NIE MO\u017bE !!! <\/span><span style=\"color: #000000; font-family: 'Times New Roman'; font-size: 16px; font-style: normal; font-variant: normal; font-weight: normal; text-decoration: none; vertical-align: baseline; background-color: #ffffff\">Do PKW desygnowanych jest:<!--more--><\/span><\/p>\n<p><strong style=\"font-weight: normal\"><strong style=\"font-weight: normal\"><\/p>\n<p dir=\"ltr\" style=\"line-height: 1; margin-top: 0pt; margin-bottom: 16pt\"><span style=\"color: #000000; font-family: 'Times New Roman'; font-size: 16px; font-style: normal; font-variant: normal; font-weight: normal; text-decoration: none; vertical-align: baseline; background-color: #ffffff\">3 s\u0119dzi\u00f3w<\/span><a href=\"http:\/\/pl.wikipedia.org\/wiki\/Trybuna%C5%82_Konstytucyjny\" style=\"text-decoration: none\"><span style=\"color: #000000; font-family: 'Times New Roman'; font-size: 16px; font-style: normal; font-variant: normal; font-weight: normal; text-decoration: none; vertical-align: baseline; background-color: #ffffff\"> <\/span><span style=\"color: #000000; font-family: 'Times New Roman'; font-size: 16px; font-style: normal; font-variant: normal; font-weight: normal; text-decoration: underline; vertical-align: baseline; background-color: #ffffff\">Trybuna\u0142u Konstytucyjnego<\/span><\/a><span style=\"color: #000000; font-family: 'Times New Roman'; font-size: 16px; font-style: normal; font-variant: normal; font-weight: normal; text-decoration: none; vertical-align: baseline; background-color: #ffffff\"> wskazanych przez Prezesa Trybuna\u0142u Konstytucyjnego,<\/span><\/p>\n<p dir=\"ltr\" style=\"line-height: 1; margin-top: 0pt; margin-bottom: 16pt\"><span style=\"color: #000000; font-family: 'Times New Roman'; font-size: 16px; font-style: normal; font-variant: normal; font-weight: normal; text-decoration: none; vertical-align: baseline; background-color: #ffffff\">3 s\u0119dzi\u00f3w<\/span><a href=\"http:\/\/pl.wikipedia.org\/wiki\/S%C4%85d_Najwy%C5%BCszy_%28Polska%29\" style=\"text-decoration: none\"><span style=\"color: #000000; font-family: 'Times New Roman'; font-size: 16px; font-style: normal; font-variant: normal; font-weight: normal; text-decoration: none; vertical-align: baseline; background-color: #ffffff\"> <\/span><span style=\"color: #000000; font-family: 'Times New Roman'; font-size: 16px; font-style: normal; font-variant: normal; font-weight: normal; text-decoration: underline; vertical-align: baseline; background-color: #ffffff\">S\u0105du Najwy\u017cszego<\/span><\/a><span style=\"color: #000000; font-family: 'Times New Roman'; font-size: 16px; font-style: normal; font-variant: normal; font-weight: normal; text-decoration: none; vertical-align: baseline; background-color: #ffffff\"> wskazanych przez<\/span><a href=\"http:\/\/pl.wikipedia.org\/wiki\/Pierwszy_Prezes_S%C4%85du_Najwy%C5%BCszego\" style=\"text-decoration: none\"><span style=\"color: #000000; font-family: 'Times New Roman'; font-size: 16px; font-style: normal; font-variant: normal; font-weight: normal; text-decoration: none; vertical-align: baseline; background-color: #ffffff\"> <\/span><span style=\"color: #000000; font-family: 'Times New Roman'; font-size: 16px; font-style: normal; font-variant: normal; font-weight: normal; text-decoration: underline; vertical-align: baseline; background-color: #ffffff\">Pierwszego Prezesa S\u0105du Najwy\u017cszego<\/span><\/a><span style=\"color: #000000; font-family: 'Times New Roman'; font-size: 16px; font-style: normal; font-variant: normal; font-weight: normal; text-decoration: none; vertical-align: baseline; background-color: #ffffff\">,<\/span><\/p>\n<p dir=\"ltr\" style=\"line-height: 1; margin-top: 0pt; margin-bottom: 16pt\"><span style=\"color: #000000; font-family: 'Times New Roman'; font-size: 16px; font-style: normal; font-variant: normal; font-weight: normal; text-decoration: none; vertical-align: baseline; background-color: #ffffff\">3 s\u0119dzi\u00f3w<\/span><a href=\"http:\/\/pl.wikipedia.org\/wiki\/Naczelny_S%C4%85d_Administracyjny\" style=\"text-decoration: none\"><span style=\"color: #000000; font-family: 'Times New Roman'; font-size: 16px; font-style: normal; font-variant: normal; font-weight: normal; text-decoration: none; vertical-align: baseline; background-color: #ffffff\"> <\/span><span style=\"color: #000000; font-family: 'Times New Roman'; font-size: 16px; font-style: normal; font-variant: normal; font-weight: normal; text-decoration: underline; vertical-align: baseline; background-color: #ffffff\">Naczelnego S\u0105du Administracyjnego<\/span><\/a><span style=\"color: #000000; font-family: 'Times New Roman'; font-size: 16px; font-style: normal; font-variant: normal; font-weight: normal; text-decoration: none; vertical-align: baseline; background-color: #ffffff\"> wskazanych przez Prezesa Naczelnego S\u0105du Administracyjnego.<\/span><\/p>\n<p dir=\"ltr\" style=\"line-height: 1; margin-top: 0pt; margin-bottom: 16pt\"><span style=\"color: #000000; font-family: 'Times New Roman'; font-size: 16px; font-style: normal; font-variant: normal; font-weight: normal; text-decoration: none; vertical-align: baseline; background-color: #ffffff\"><strong>Wyga\u015bni\u0119cie cz\u0142onkostwa w Pa\u0144stwowej Komisji Wyborczej nast\u0119puje wskutek:<\/strong><\/span><\/p>\n<p dir=\"ltr\" style=\"line-height: 1; margin-top: 0pt; margin-bottom: 16pt\"><span style=\"color: #000000; font-family: 'Times New Roman'; font-size: 16px; font-style: normal; font-variant: normal; font-weight: normal; text-decoration: none; vertical-align: baseline; background-color: #ffffff\">-zrzeczenia si\u0119 cz\u0142onkostwa, <\/span><\/p>\n<p dir=\"ltr\" style=\"line-height: 1; margin-top: 0pt; margin-bottom: 16pt\"><span style=\"color: #000000; font-family: 'Times New Roman'; font-size: 16px; font-style: normal; font-variant: normal; font-weight: normal; text-decoration: none; vertical-align: baseline; background-color: #ffffff\">-podpisania zgody na kandydowanie na Prezydenta Rzeczypospolitej,<\/span><a href=\"http:\/\/pl.wikipedia.org\/wiki\/Pose%C5%82\" style=\"text-decoration: none\"><span style=\"color: #000000; font-family: 'Times New Roman'; font-size: 16px; font-style: normal; font-variant: normal; font-weight: normal; text-decoration: none; vertical-align: baseline; background-color: #ffffff\"> <\/span><span style=\"color: #000000; font-family: 'Times New Roman'; font-size: 16px; font-style: normal; font-variant: normal; font-weight: normal; text-decoration: underline; vertical-align: baseline; background-color: #ffffff\">pos\u0142a<\/span><\/a><span style=\"color: #000000; font-family: 'Times New Roman'; font-size: 16px; font-style: normal; font-variant: normal; font-weight: normal; text-decoration: none; vertical-align: baseline; background-color: #ffffff\">,<\/span><a href=\"http:\/\/pl.wikipedia.org\/wiki\/Senator\" style=\"text-decoration: none\"><span style=\"color: #000000; font-family: 'Times New Roman'; font-size: 16px; font-style: normal; font-variant: normal; font-weight: normal; text-decoration: none; vertical-align: baseline; background-color: #ffffff\"> <\/span><span style=\"color: #000000; font-family: 'Times New Roman'; font-size: 16px; font-style: normal; font-variant: normal; font-weight: normal; text-decoration: underline; vertical-align: baseline; background-color: #ffffff\">senatora<\/span><\/a><span style=\"color: #000000; font-family: 'Times New Roman'; font-size: 16px; font-style: normal; font-variant: normal; font-weight: normal; text-decoration: none; vertical-align: baseline; background-color: #ffffff\"> albo<\/span><a href=\"http:\/\/pl.wikipedia.org\/wiki\/Pose%C5%82_do_Parlamentu_Europejskiego\" style=\"text-decoration: none\"><span style=\"color: #000000; font-family: 'Times New Roman'; font-size: 16px; font-style: normal; font-variant: normal; font-weight: normal; text-decoration: none; vertical-align: baseline; background-color: #ffffff\"> <\/span><span style=\"color: #000000; font-family: 'Times New Roman'; font-size: 16px; font-style: normal; font-variant: normal; font-weight: normal; text-decoration: underline; vertical-align: baseline; background-color: #ffffff\">pos\u0142a do Parlamentu Europejskiego<\/span><\/a><span style=\"color: #000000; font-family: 'Times New Roman'; font-size: 16px; font-style: normal; font-variant: normal; font-weight: normal; text-decoration: none; vertical-align: baseline; background-color: #ffffff\">,<\/span><\/p>\n<p dir=\"ltr\" style=\"line-height: 1; margin-top: 0pt; margin-bottom: 16pt\"><span style=\"color: #000000; font-family: 'Times New Roman'; font-size: 16px; font-style: normal; font-variant: normal; font-weight: normal; text-decoration: none; vertical-align: baseline; background-color: #ffffff\">-\u015bmierci cz\u0142onka Komisji,<\/span><\/p>\n<p dir=\"ltr\" style=\"line-height: 1; margin-top: 0pt; margin-bottom: 16pt\"><span style=\"color: #000000; font-family: 'Times New Roman'; font-size: 16px; font-style: normal; font-variant: normal; font-weight: normal; text-decoration: none; vertical-align: baseline; background-color: #ffffff\">-uko\u0144czenia 70 lat przez cz\u0142onka Komisji b\u0119d\u0105cego s\u0119dzi\u0105 w stanie spoczynku,<\/span><\/p>\n<p dir=\"ltr\" style=\"line-height: 1; margin-top: 0pt; margin-bottom: 16pt\"><span style=\"color: #000000; font-family: 'Times New Roman'; font-size: 16px; font-style: normal; font-variant: normal; font-weight: normal; text-decoration: none; vertical-align: baseline; background-color: #ffffff\">-odwo\u0142ania przez Prezydenta Rzeczypospolitej na wniosek prezesa, kt\u00f3ry wskaza\u0142 s\u0119dziego jako cz\u0142onka Komisji.<\/span><\/p>\n<p dir=\"ltr\" style=\"line-height: 1; margin-top: 0pt; margin-bottom: 0pt\"><span style=\"color: #000000; font-family: 'Times New Roman'; font-size: 16px; font-style: normal; font-variant: normal; font-weight: normal; text-decoration: none; vertical-align: baseline; background-color: transparent\">Czyli, \u017ceby rozp\u0119dzi\u0107 te skompromitowan\u0105 grup\u0119 nieudacznik\u00f3w i zas\u0142u\u017conych komunist\u00f3w, prezydent musi wym\u00f3c na trzech prezesach (niestety te\u017c s\u0119dziach), by ci wsp\u00f3lnie zechcieli odwo\u0142a\u0107 swoich kolesi\u00f3w z ciep\u0142ych synekur. <\/span><span style=\"color: #000000; font-family: 'Times New Roman'; font-size: 16px; font-style: normal; font-variant: normal; font-weight: normal; text-decoration: none; vertical-align: baseline; background-color: transparent\">CZY TO NIE S\u0104 JAJA i PARODIA???<\/span><\/p>\n<p dir=\"ltr\" style=\"line-height: 1; margin-top: 0pt; margin-bottom: 0pt\"><span style=\"color: #000000; font-family: 'Times New Roman'; font-size: 16px; font-style: normal; font-variant: normal; font-weight: normal; text-decoration: none; vertical-align: baseline; background-color: transparent\">Ju\u017c wszyscy w ko\u0142o \u015bmiej\u0105 si\u0119 z Polski w kwestii wybor\u00f3w. <\/span><span style=\"color: #000000; font-family: 'Times New Roman'; font-size: 16px; font-style: normal; font-variant: normal; font-weight: normal; text-decoration: none; vertical-align: baseline; background-color: transparent\">W wyborach do parlamentu europejskiego Polska<\/span><span style=\"color: #000000; font-family: 'Times New Roman'; font-size: 16px; font-style: normal; font-variant: normal; font-weight: bold; text-decoration: none; vertical-align: baseline; background-color: transparent\"> <\/span><span style=\"color: #000000; font-family: 'Times New Roman'; font-size: 16px; font-style: normal; font-variant: normal; font-weight: bold; text-decoration: underline; vertical-align: baseline; background-color: transparent\">ostatnia<\/span><span style=\"color: #000000; font-family: 'Times New Roman'; font-size: 16px; font-style: normal; font-variant: normal; font-weight: normal; text-decoration: underline; vertical-align: baseline; background-color: transparent\"> <\/span><span style=\"color: #000000; font-family: 'Times New Roman'; font-size: 16px; font-style: normal; font-variant: normal; font-weight: normal; text-decoration: none; vertical-align: baseline; background-color: transparent\">nades\u0142a\u0142a wyniki.<\/span><\/p>\n<p dir=\"ltr\" style=\"line-height: 1.15; margin-top: 0pt; margin-bottom: 0pt\"><span style=\"color: #000000; font-family: 'Times New Roman'; font-size: 16px; font-style: normal; font-variant: normal; font-weight: normal; text-decoration: none; vertical-align: baseline; background-color: transparent\">A jakie dzia\u0142y si\u0119 rzeczy podczas wybor\u00f3w? <\/span><\/p>\n<p dir=\"ltr\" style=\"line-height: 1.15; margin-top: 0pt; margin-bottom: 0pt\"><span style=\"color: #000000; font-family: 'Times New Roman'; font-size: 16px; font-style: normal; font-variant: normal; font-weight: normal; text-decoration: none; vertical-align: baseline; background-color: transparent\">Oto w Z\u0142otoryji zarzuty w sprawie kupowania g\u0142os\u00f3w us\u0142ysza\u0142o ju\u017c sze\u015b\u0107 os\u00f3b. Organizatorem \u00a0przekr\u0119tu jest przedsi\u0119biorca, S\u0142awomir T. (wg Tele Expressu i Wiadomo\u015bci). Ukryta kamera \u00a0wychwyci\u0142a, jak kupuje glosy na rzecz obecnego burmistrza. Konieczna jest druga tura. W setkach punkt\u00f3w wyborczych komisje posz\u0142y sobie do domu nie wywieszaj\u0105c protoko\u0142\u00f3w, nie dokonuj\u0105c liczenia; stwierdzono tysi\u0105ce g\u0142os\u00f3w niewa\u017cnych, etc, etc. Reszta wyjdzie na jaw, gdy \u015bwiat\u0142o dzienne ujrz\u0105 efekty kontroli NIK i filmy robione przez zwyk\u0142ych obywateli. <\/span><\/p>\n<p dir=\"ltr\" style=\"line-height: 1.15; margin-top: 0pt; margin-bottom: 6pt\"><span style=\"color: #000000; font-family: 'Times New Roman'; font-size: 16px; font-style: normal; font-variant: normal; font-weight: normal; text-decoration: none; vertical-align: baseline; background-color: transparent\">Pami\u0119tacie jak w nocy z 4 na 5 lipca 2010, przez godzin\u0119, czy dwie<\/span><span style=\"color: #000000; font-family: 'Times New Roman'; font-size: 16px; font-style: normal; font-variant: normal; font-weight: bold; text-decoration: none; vertical-align: baseline; background-color: transparent\"> prezydentem by\u0142 Jaros\u0142aw Kaczy\u0144ski?<\/span><span style=\"color: #000000; font-family: 'Times New Roman'; font-size: 16px; font-style: normal; font-variant: normal; font-weight: normal; text-decoration: none; vertical-align: baseline; background-color: transparent\"> I co si\u0119 nagle sta\u0142o? Cud nad urnami.<\/span><\/p>\n<p dir=\"ltr\" style=\"line-height: 1.15; margin-top: 0pt; margin-bottom: 6pt\"><span style=\"color: #000000; font-family: 'Times New Roman'; font-size: 16px; font-style: normal; font-variant: normal; font-weight: normal; text-decoration: none; vertical-align: baseline; background-color: transparent\">Teraz okazuje si\u0119, \u017ce wygrywa PSL, jedna z najs\u0142abiej notowanych przed wyborami partii. Na drugi dzie\u0144, w sonda\u017cu otrzyma\u0142a niespe\u0142na 9%. \u00a0Pierwsze wyniki by\u0142y, \u017ce PiS i PO \u00a0mia\u0142y po osiem wygranych wojew\u00f3dztw. Teraz maj\u0105 trzy, a reszt\u0119 PSL. Przypomnijmy sobie ta\u015bmy z Sikorskim, gdzie m\u00f3wi o <\/span><span style=\"color: #000000; font-family: 'Times New Roman'; font-size: 16px; font-style: normal; font-variant: normal; font-weight: bold; text-decoration: none; vertical-align: baseline; background-color: transparent\">43-procentowym poparciu dla PiS<\/span><span style=\"color: #000000; font-family: 'Times New Roman'; font-size: 16px; font-style: normal; font-variant: normal; font-weight: normal; text-decoration: none; vertical-align: baseline; background-color: transparent\"> <\/span><span style=\"color: #000000; font-family: 'Times New Roman'; font-size: 16px; font-style: normal; font-variant: normal; font-weight: bold; text-decoration: none; vertical-align: baseline; background-color: transparent\">i \u017ce trzeba zaje&#8230;<\/span><span style=\"color: #000000; font-family: 'Times New Roman'; font-size: 16px; font-style: normal; font-variant: normal; font-weight: normal; text-decoration: none; vertical-align: baseline; background-color: transparent\">. i tak dalej. Cud nad urnami. Teoria spiskowa?<\/span><\/p>\n<p dir=\"ltr\" style=\"line-height: 1.15; margin-top: 0pt; margin-bottom: 6pt\"><span style=\"color: #000000; font-family: 'Times New Roman'; font-size: 16px; font-style: normal; font-variant: normal; font-weight: normal; text-decoration: none; vertical-align: baseline; background-color: transparent\">W czerwcu, 2014 r. ujawniono, \u017ce kilka tygodni przed euro-wyborami serwery Krajowego Biura Wyborczego przeniesiono do firmy Exatel, kt\u00f3rej prezesem, trzy miesi\u0105ce przedtem zosta\u0142 Marcin Jab\u0142o\u0144ski, wcze\u015bniej wiceszef MSW w rz\u0105dzie D. Tuska oraz cz\u0142onek KLD i PO. Wiceprezesem Exatela zosta\u0142 tu\u017c przed wyborami do parlamentu europejskiego syn W\u0142adys\u0142awa Bartoszewskiego, tego od nazywania Nar\u00f3d \u201ebyd\u0142em\u201d. Nie s\u0142ysza\u0142em, \u017ceby dwaj moi adwersarze z Facebooka, kt\u00f3rzy od 24 godzin prostuj\u0105 mi kr\u0119gos\u0142up podnosili wtedy rwetes, \u017ce obra\u017cono Nar\u00f3d. Dzi\u015b upominaj\u0105 mnie, \u017ce nie wolno mi krytykowa\u0107 Komorowskiego, bo to prezydent. Jaruzelskiego te\u017c by bronili, bo takie maj\u0105 m\u00f3zgi. Co z tego, \u017ce by\u0142 stan wojenny, \u017ce zgin\u0119li ludzie\u2026? By\u0142 prezydentem i nale\u017cy mu si\u0119 szacunek. &#8211; Takie maj\u0105 my\u015blenie. A kto krytykuje, ten wymy\u015bla teorie spiskowe. Na moim blogu jest prawie 500 artyku\u0142\u00f3w, ponad p\u00f3\u0142 miliona wej\u015b\u0107, &#8211; nie s\u0142ysza\u0142em, \u017ceby kt\u00f3ry\u015b z tych pan\u00f3w co\u015b pisa\u0142, \u017ceby kt\u00f3ry\u015b z nich zrobi\u0142 co\u015b dla Polski, polskiej kultury, dla zwyk\u0142ych ludzi. Ale potrafi\u0105 kpi\u0107, obra\u017ca\u0107, ur\u0105ga\u0107, no i oczywi\u015bcie broni\u0107 systemu, jaki wypracowano w Polsce przez ostatnie osiem lat. Pytam wi\u0119c, po co wyjechali\u015bcie z Polski? Tam jest komuna, &#8211; wr\u00f3\u0107cie. Okazuje si\u0119, \u017ce faceci, kt\u00f3rzy majstruj\u0105 przy komputerach wyborczych wsp\u00f3\u0142pracuj\u0105 z jednym z ministerstw obecnego rz\u0105du. Specjalista od informatyki odkry\u0142 niewiarygodnie du\u017c\u0105 ilo\u015b\u0107 b\u0142\u0119d\u00f3w w systemie, udowadniaj\u0105c, \u017ce firma, kt\u00f3ra wygra\u0142a przetarg na skomputeryzowanie procesu wyborczego to kupa amator\u00f3w. Zabra\u0142o mu dwie godziny, aby wej\u015b\u0107 w system. Dzi\u015b cytuj\u0105 go prawie wszystkie media w Polsce. Ot, post\u0119p, ot rozw\u00f3j. Kontrola NIKu pewnie wyka\u017ce ile za to zap\u0142acono. M\u00f3wi si\u0119 o p\u00f3\u0142 milionie z\u0142otych. Teoria spiskowa. Czy mo\u017ce by\u0107 wi\u0119ksza kpina z obywateli, z kraju?<\/span><\/p>\n<p dir=\"ltr\" style=\"line-height: 1.15; margin-top: 0pt; margin-bottom: 6pt\"><span style=\"color: #000000; font-family: 'Times New Roman'; font-size: 16px; font-style: normal; font-variant: normal; font-weight: normal; text-decoration: none; vertical-align: baseline; background-color: transparent\">Niech m\u00f3wi kto chce, co chce, ale jest, niestety tak, \u017ce \u00a0je\u015bli tym razem rz\u0105dz\u0105ca koalicja nie zostanie odsuni\u0119ta, to mamy po Polsce. Pami\u0119tajmy, \u017ce podczas swojego pierwszego pobytu w Brukselii, Kopaczowa, mimo ostrych zapowiedzi z sejmowej m\u00f3wnicy, \u017ce b\u0119dzie twarda i nie podpisze nic niekorzystnego dla Polski, zrobi\u0142a akurat odrwotnie; podpisa\u0142a. Najgorszy cyrograf z mo\u017cliwych. Polska \u00a0b\u0119dzie musia\u0142a zap\u0142aci\u0107 ponad 160 miliard\u00f3w. Polska, czytaj Polacy, bo Polska tych pieni\u0119dzy nie ma. Obywatelom mo\u017cna zabiera\u0107, w imi\u0119 Europy, po kt\u00f3rej podr\u00f3\u017cami zach\u0142ysn\u0119li si\u0119 \u00a0mali ludzie, bez wyobra\u017ani. Dla nich to jest \u201cpost\u0119p i rozw\u00f3j, kontakt z cywilizacj\u0105\u201d, &#8211; \u00a0kurze m\u00f3zgi, \u00a0zlasowane przez propagand\u0119 z\u0142odziei, aferzyst\u00f3w i niegodziwc\u00f3w sprzedaj\u0105cych, co si\u0119 da, byle ju\u017c nie by\u0142o tego w Polsce. <\/span><\/p>\n<p dir=\"ltr\" style=\"line-height: 1.15; margin-top: 0pt; margin-bottom: 6pt\"><span style=\"color: #000000; font-family: 'Times New Roman'; font-size: 16px; font-style: normal; font-variant: normal; font-weight: normal; text-decoration: none; vertical-align: baseline; background-color: transparent\">Czym\u017ce\u015b Ty Polsko za\u0142u\u017cy\u0142a na taki los? Kiedy\u015b \u00a0grabili Ci\u0119 obcy, \u00a0szarpali na trzy \u00a0cz\u0119\u015bci, zakuwali w niewol\u0119, wywozili na Sybir. \u00a0Dzi\u015b zrobili to \u00a0\u201csami swoi\u201d. Ale nic nie trwa wiecznie. Z\u0142odziejom, grabie\u017ccom, aferzystom te\u017c pewnego dnia sko\u0144czy si\u0119 dobra passa. W jednym by\u0142y minister Sienkiewicz \u00a0(pradziadek przewraca si\u0119 w grobie) mia\u0142 racj\u0119: <\/span><span style=\"color: #000000; font-family: 'Times New Roman'; font-size: 16px; font-style: italic; font-variant: normal; font-weight: bold; text-decoration: none; vertical-align: baseline; background-color: transparent\">Polska istnieje tylko teoretycznie<\/span><span style=\"color: #000000; font-family: 'Times New Roman'; font-size: 16px; font-style: normal; font-variant: normal; font-weight: normal; text-decoration: none; vertical-align: baseline; background-color: transparent\">. A po ostatnich wyborach, to my\u015bl\u0119, \u017ce i ten Drzewiecki te\u017c mia\u0142 racj\u0119: <\/span><span style=\"color: #000000; font-family: 'Times New Roman'; font-size: 16px; font-style: italic; font-variant: normal; font-weight: bold; text-decoration: none; vertical-align: baseline; background-color: transparent\">\u201cPolska, to dziki kraj\u201d<\/span><span style=\"color: #000000; font-family: 'Times New Roman'; font-size: 16px; font-style: normal; font-variant: normal; font-weight: bold; text-decoration: none; vertical-align: baseline; background-color: transparent\"> <\/span><span style=\"color: #000000; font-family: 'Times New Roman'; font-size: 16px; font-style: normal; font-variant: normal; font-weight: normal; text-decoration: none; vertical-align: baseline; background-color: transparent\">&#8211; jedyne, co r\u00f3\u017cni polsk\u0105 demokracj\u0119 od demokracji w zakutych krajach Afryki to to, \u017ce w Polsce nie ma \u2026 eboli.<\/span><\/p>\n<p><\/strong><\/strong><strong style=\"font-weight: normal\"><\/strong><strong style=\"font-weight: normal\"><br \/>\n<\/strong><\/p>\n","protected":false},"excerpt":{"rendered":"<p>Wczoraj media w Polsce poinformowa\u0142y, \u017ce cz\u0142onk\u00f3w Pa\u0144stwowej Komisji Wyborczej powo\u0142uje prezydent. ALE JU\u017b ODWO\u0141A\u0106 NIE MO\u017bE !!! Do PKW desygnowanych jest:<\/p>\n","protected":false},"author":2,"featured_media":0,"comment_status":"open","ping_status":"open","sticky":false,"template":"","format":"standard","meta":[],"categories":[4],"tags":[],"_links":{"self":[{"href":"https:\/\/sporek.com\/blog\/index.php?rest_route=\/wp\/v2\/posts\/474"}],"collection":[{"href":"https:\/\/sporek.com\/blog\/index.php?rest_route=\/wp\/v2\/posts"}],"about":[{"href":"https:\/\/sporek.com\/blog\/index.php?rest_route=\/wp\/v2\/types\/post"}],"author":[{"embeddable":true,"href":"https:\/\/sporek.com\/blog\/index.php?rest_route=\/wp\/v2\/users\/2"}],"replies":[{"embeddable":true,"href":"https:\/\/sporek.com\/blog\/index.php?rest_route=%2Fwp%2Fv2%2Fcomments&post=474"}],"version-history":[{"count":0,"href":"https:\/\/sporek.com\/blog\/index.php?rest_route=\/wp\/v2\/posts\/474\/revisions"}],"wp:attachment":[{"href":"https:\/\/sporek.com\/blog\/index.php?rest_route=%2Fwp%2Fv2%2Fmedia&parent=474"}],"wp:term":[{"taxonomy":"category","embeddable":true,"href":"https:\/\/sporek.com\/blog\/index.php?rest_route=%2Fwp%2Fv2%2Fcategories&post=474"},{"taxonomy":"post_tag","embeddable":true,"href":"https:\/\/sporek.com\/blog\/index.php?rest_route=%2Fwp%2Fv2%2Ftags&post=474"}],"curies":[{"name":"wp","href":"https:\/\/api.w.org\/{rel}","templated":true}]}}