{"id":475,"date":"2014-11-20T23:16:00","date_gmt":"2014-11-21T03:16:00","guid":{"rendered":"http:\/\/sporek.com\/blog\/?p=475"},"modified":"2014-11-21T03:48:11","modified_gmt":"2014-11-21T07:48:11","slug":"gdzie-artysci","status":"publish","type":"post","link":"https:\/\/sporek.com\/blog\/?p=475","title":{"rendered":"Gdzie arty\u015bci?"},"content":{"rendered":"<p><span style=\"color: #000000; font-family: Verdana; font-size: 13px; font-style: normal; font-variant: normal; font-weight: normal; text-decoration: none; vertical-align: baseline; background-color: transparent\">S\u0105. Jest ich ca\u0142e m\u00f3stwo. Wbrew opiniom, \u017ce muzyk, \u017ce artysta nie powinien wtr\u0105ca\u0107 si\u0119 do polityki. Wszycy, kt\u00f3rzy s\u0105 na emigracji, tej z ostatniego 40-lecia, wszyscy wychowani byli na Pietrzaku, kt\u00f3ry wali\u0142 prosto z mostu, na Kabarecie Dudek, <!--more-->inteligentnie przemycaj\u0105cym kpin\u0119 z systemu, na filmach Stanis\u0142awa Bareji, na kultowym \u201cRejsie\u201d, Laskowiku, kt\u00f3ry, niestety dzisiaj zg\u0142upia\u0142 i robi skecze na temat Krzy\u017ca, ale wtedy by\u0142 mocny. Oni bawili, ale pokazywali to, o czym teraz trzeba m\u00f3wi\u0107 pe\u0142nym g\u0142osem. Polska, obok Pi\u0142sudskiego najwi\u0119cej do zawdzi\u0119czenia ma Arty\u015bcie &#8211; Ignacemu Janowi Paderewskiemu.<\/span><\/p>\n<p><strong style=\"font-weight: normal\"><\/p>\n<p dir=\"ltr\" style=\"line-height: 1.15; margin-top: 0pt; margin-bottom: 0pt\"><span style=\"color: #000000; font-family: Verdana; font-size: 13px; font-style: normal; font-variant: normal; font-weight: normal; text-decoration: none; vertical-align: baseline; background-color: transparent\">Demokracja umar\u0142a w Polsce pierwsza. Umar\u0142a 16 listopada, 2014. Umiera\u0142a powoli, latami \u201cwolno\u015bci\u201d. Znaczenie Polski w \u015bwiecie umiera ju\u017c od jakiego\u015b czasu. Dzi\u015b zachodni politycy nie b\u0119d\u0105 si\u0119 spieszyli rozmawia\u0107 z naszymi, bo wiedz\u0105, \u017ce jeden dupek z drugim, albo chlapnie co\u015b u \u201cSowy i przyjaci\u00f3\u0142\u201d, albo da durny wywiad dla obcego czasopisma, albo dla obcego portalu &#8211; vide obecny marsza\u0142ek Sejmu. Arty\u015bci zawsze byli sumieniem narod\u00f3w. Ogl\u0105da\u0142em tutaj serial kryminalny zatytu\u0142owany \u201cBlue Bloods\u201d, &#8211; w roli g\u0142\u00f3wnej, znakomity Tom Selleck, jako NYPD Commissioner, czyli szef nowojorskiej policji. Stanowisko niezwykle wa\u017cne, drugi cz\u0142owiek po burmistrzu. Jego trzech syn\u00f3w jest w policji, c\u00f3rka &#8211; pi\u0119kna Bridget Moynahan &#8211; jest asystentem prokuratora okr\u0119gowego. Zacz\u0105\u0142em ogl\u0105da\u0107, bo zagra\u0142 tam m\u00f3j przyjaciel, Olek Krupa, jedyny chyba polski aktor, kt\u00f3remu uda\u0142o si\u0119 wej\u015b\u0107 w ameryka\u0144ski rynek filmowy. Jednymi z najpi\u0119kniejszych scen w tym serialu i prawie w ka\u017cdym odcinku s\u0105 sceny rodzinnego obiadu, w kt\u00f3rym bior\u0105 udzia\u0142 wszyscy cz\u0142onkowie rodziny, od najstarszego, czyli pradziadka, do najm\u0142odszych, czyli wnuk\u00f3w Selleck\u2019a. Obiad ten zawsze rozpoczyna si\u0119 od wskazania przez Toma Selleck\u2019a cz\u0142onka rodziny, kt\u00f3ry ma odm\u00f3wi\u0107 modlitw\u0119. Za ka\u017cdym razem kto\u015b inny. Wydawa\u0107 by si\u0119 mog\u0142o, \u017ce oni nie potrzebuj\u0105 modlitwy, ani Boga. Najmocniejsi ludzie na ziemi; w\u0142adcy stolicy \u015bwiata. Czy\u017c nie jest to g\u0142os artyst\u00f3w w sprawach religii? Oczywi\u015bcie, \u017ce jest. W kontek\u015bcie \u017cenuj\u0105cych wypowiedzi polskich pa\u0144, od pos\u0142anek, do zwyk\u0142ych dzia\u0142aczek jakiego\u015b tam \u201cruchu\u201d, czy SLD te momenty w ameryka\u0144skim serialu s\u0105, jak mommenty kultowe. Wszyscy pochylaj\u0105 g\u0142owy, sk\u0142adaj\u0105 r\u0119ce i dzi\u0119kuj\u0105 Bogu za dary, jakie maj\u0105 na stole. I nie wstyd. W \u017cadnym chyba polskim serialu nie ma czego\u015b takiego. Pewnie by\u0142o w \u201cPlebanii\u201d. Polska, ustami ograniczonych m\u00f3zgowo pa\u0144 i pan\u00f3w z \u0142aw sejmowych, z pierwszych szereg\u00f3w podrz\u0119dnych partii wypycha Boga ze swojej historii, ze swojej tradycji. Kto im za to zap\u0142aci\u0142? Jaki scenariusz realizowany jest teraz w Polsce? Scenariusz kompromitowania Polski? Scenariusz oddania jej obcym mocarstwom?<\/span><span style=\"color: #000000; font-family: Verdana; font-size: 13px; font-style: normal; font-variant: normal; font-weight: normal; text-decoration: none; vertical-align: baseline; background-color: transparent\"><strong> <\/strong>Ale to tylko niekt\u00f3rym wydaje si\u0119, \u017ce ludzie w Polsce \u015bpi\u0105 i dadz\u0105 si\u0119 sprzeda\u0107 na \u015bpi\u0105co. Coraz wi\u0119cej m\u0142odych swoimi bystrymi umys\u0142ami wy\u0142apuje dramat, jaki rozgrywa si\u0119 w naszej Ojczy\u017anie. Pos\u0142uchajcie tego utworu i g\u0142owy same podnios\u0105 si\u0119 Wam w poczuciu dumy, \u017ce to m\u0142odzi \u015bpiewaj\u0105. A tym starszym nie wstyd? A tym m\u0142odym, innym, kt\u00f3rzy plot\u0105 o post\u0119pie, bo Europa\u2026, nie wstyd? <\/span><a href=\"http:\/\/www.youtube.com\/watch?v=VXeL29YEMLo\" style=\"text-decoration: none\"><span style=\"color: #0072c6; font-family: Verdana; font-size: 13px; font-style: normal; font-variant: normal; font-weight: normal; text-decoration: underline; vertical-align: baseline; background-color: transparent\">http:\/\/www.youtube.com\/watch?v=VXeL29YEMLo<\/span><\/a><\/p>\n<p><\/strong><strong style=\"font-weight: normal\"><\/p>\n<p dir=\"ltr\" style=\"line-height: 1.15; margin-top: 0pt; margin-bottom: 0pt\"><span style=\"color: #000000; font-family: Verdana; font-size: 13px; font-style: normal; font-variant: normal; font-weight: normal; text-decoration: none; vertical-align: baseline; background-color: transparent\">Scenariusz dla Polski, przygotowany przez obcych z pomoc\u0105 \u201cnaszych\u201d sprzedawczyk\u00f3w jest bardziej, ni\u017c dramatyczny. Prze\u015bledzi\u0107 wystarczy to, co dzia\u0142o si\u0119 w Polsce w ostatnim 30-leciu, a ju\u017c dobitnie w ostatnim p\u00f3\u0142roczu. Powoli, stopniowo: tu angielskie nazwy, tworzenie niby m\u0142odzie\u017cowego j\u0119zyka: nara, szacun \u201cszapo ba\u201d, event, level, tam obce banki, likwidowany przemys\u0142, fa\u0142szywe narzekania, \u017ce wyjechali, ale w duszy: \u201cniech ju\u017c nie wracaj\u0105\u201d, a wy, na miejscu &#8211; pracujcie do \u015bmierci i zdychajcie, byle nam \u017cy\u0142o si\u0119 dobrze.<\/span><\/p>\n<p dir=\"ltr\" style=\"line-height: 1.15; margin-top: 0pt; margin-bottom: 0pt\"><span style=\"color: #000000; font-family: Verdana; font-size: 13px; font-style: normal; font-variant: normal; font-weight: normal; text-decoration: none; vertical-align: baseline; background-color: transparent\">Obud\u017a si\u0119 Polsko, bo czas jest najwy\u017cszy.<\/span><\/p>\n<p dir=\"ltr\" style=\"line-height: 1.15; margin-top: 0pt; margin-bottom: 0pt\"><span style=\"color: #000000; font-family: Verdana; font-size: 13px; font-style: normal; font-variant: normal; font-weight: normal; text-decoration: none; vertical-align: baseline; background-color: transparent\">I zn\u00f3w us\u0142ysz\u0119, \u017ce \u201cteoria spiskowa\u201d, ale to b\u0119d\u0105 m\u00f3wi\u0107 tylko ci, kt\u00f3rzy nie analizuj\u0105. Oni analizuj\u0105 mnie, nie to, co m\u00f3wi\u0119, co pisz\u0119. Nie chc\u0105, bo tak im wygodnie. Nie ma OJCA w tej rodzinie polskiej, s\u0105 tylko kuk\u0142y mamrocz\u0105ce co\u015b o jedno\u015bci, patrioty\u017amie, ale, jak im si\u0119 nadarzy okazja, zwijaj\u0105 manele i dawaj, do Europy. Tam b\u0119d\u0105 ich klepa\u0107 po plecach, a Polacy niech wierz\u0105, \u017ce to zaszczyt, \u017ce to awans Polski. Jeszcze raz pytam: kto wie, z jakiego kraju pochodzi poprzednik Tuska w Brukselii? Co ten jego kraj zyska\u0142 na tym, \u017ce on rz\u0105dzi\u0142 Europ\u0105? Trzeba mie\u0107 nie pokolei w g\u0142owie, \u017ceby w te brednie wierzy\u0107. C\u00f3\u017ce\u015bmy zyskali, kiedy Buzek by\u0142 szefem Parlamentu? Dajcie mi jeden przyk\u0142ad. <\/span><\/p>\n<p><\/strong><strong style=\"font-weight: normal\"><span style=\"color: #000000; font-family: Verdana; font-size: 13px; font-style: normal; font-variant: normal; font-weight: normal; text-decoration: none; vertical-align: baseline; background-color: transparent\">Mam wra\u017cenie, \u017ce Majdan w Kijowie, to by\u0142 pocz\u0105tek podporz\u0105dkowywania sobie kraj\u00f3w Europy Wschodniej. Naj\u0142atwiej dzi\u015b \u201cza\u0142atwi\u0107\u201d jaki\u015b kraj ekonomicznie, finasowo. D\u0142ug Polski, otwarcie drogi do przyznawania polskiego obywatelstwa Izraelczykom, wyprzeda\u017c polskiego maj\u0105tku, likwidacja przemys\u0142u, ekonomiczne zmuszanie Polak\u00f3w do opuszczania kraju, ostatni wyg\u0142up Kopaczowej, z podpisaniem cyrografu w Brukselii\u00a0s\u0105 zjawiskami tak niebezpiecznymi, \u017ce gdy jeszcze troch\u0119 si\u0119 rozwin\u0105, Polska ju\u017c si\u0119 nie podniesie. <\/span><br \/>\n<\/strong><\/p>\n","protected":false},"excerpt":{"rendered":"<p>S\u0105. Jest ich ca\u0142e m\u00f3stwo. Wbrew opiniom, \u017ce muzyk, \u017ce artysta nie powinien wtr\u0105ca\u0107 si\u0119 do polityki. Wszycy, kt\u00f3rzy s\u0105 na emigracji, tej z ostatniego 40-lecia, wszyscy wychowani byli na Pietrzaku, kt\u00f3ry wali\u0142 prosto z mostu, na Kabarecie Dudek,<\/p>\n","protected":false},"author":2,"featured_media":0,"comment_status":"open","ping_status":"open","sticky":false,"template":"","format":"standard","meta":[],"categories":[4],"tags":[],"_links":{"self":[{"href":"https:\/\/sporek.com\/blog\/index.php?rest_route=\/wp\/v2\/posts\/475"}],"collection":[{"href":"https:\/\/sporek.com\/blog\/index.php?rest_route=\/wp\/v2\/posts"}],"about":[{"href":"https:\/\/sporek.com\/blog\/index.php?rest_route=\/wp\/v2\/types\/post"}],"author":[{"embeddable":true,"href":"https:\/\/sporek.com\/blog\/index.php?rest_route=\/wp\/v2\/users\/2"}],"replies":[{"embeddable":true,"href":"https:\/\/sporek.com\/blog\/index.php?rest_route=%2Fwp%2Fv2%2Fcomments&post=475"}],"version-history":[{"count":0,"href":"https:\/\/sporek.com\/blog\/index.php?rest_route=\/wp\/v2\/posts\/475\/revisions"}],"wp:attachment":[{"href":"https:\/\/sporek.com\/blog\/index.php?rest_route=%2Fwp%2Fv2%2Fmedia&parent=475"}],"wp:term":[{"taxonomy":"category","embeddable":true,"href":"https:\/\/sporek.com\/blog\/index.php?rest_route=%2Fwp%2Fv2%2Fcategories&post=475"},{"taxonomy":"post_tag","embeddable":true,"href":"https:\/\/sporek.com\/blog\/index.php?rest_route=%2Fwp%2Fv2%2Ftags&post=475"}],"curies":[{"name":"wp","href":"https:\/\/api.w.org\/{rel}","templated":true}]}}