{"id":476,"date":"2014-11-22T01:58:44","date_gmt":"2014-11-22T05:58:44","guid":{"rendered":"http:\/\/sporek.com\/blog\/?p=476"},"modified":"2014-11-22T09:24:41","modified_gmt":"2014-11-22T13:24:41","slug":"stan-wolnosci","status":"publish","type":"post","link":"https:\/\/sporek.com\/blog\/?p=476","title":{"rendered":"Stan wo&#8230;lno\u015bci"},"content":{"rendered":"<p><span style=\"color: #000000; font-family: Verdana; font-size: 13px; font-style: normal; font-variant: normal; font-weight: normal; text-decoration: none; vertical-align: baseline; background-color: transparent\">Jak blisko stoi to obok <\/span><span style=\"color: #000000; font-family: Verdana; font-size: 13px; font-style: italic; font-variant: normal; font-weight: normal; text-decoration: none; vertical-align: baseline; background-color: transparent\">stanu wojennego<\/span><span style=\"color: #000000; font-family: Verdana; font-size: 13px; font-style: normal; font-variant: normal; font-weight: normal; text-decoration: none; vertical-align: baseline; background-color: transparent\">. Jedna sylaba. Dzi\u015b, ci, kt\u00f3rzy maj\u0105 pe\u0142ne g\u0119by opowiadania, jak to walczyli z komun\u0105, niesprawiedliwo\u015bci\u0105, walczyli o wolno\u015b\u0107 s\u0142owa, prawd\u0119, robi\u0105 dok\u0142adnie to, co robili ci, przeciw kt\u00f3rym walczyli.<!--more--> Lecz, niestety, robi\u0105 to w jeszcze groszym wymiarze. Nie jestem zwolennikiem napadania na urz\u0119dy pa\u0144stwowe. Gdzie\u015b, u wierzcho\u0142ka dowodzenia dzisiejsz\u0105 akcj\u0105 pod i w pomieszczeniach PKW zabrak\u0142o zdrowego zrozs\u0105dku. Posz\u0142o na hurra i chyba wiem, kto najbardziej to \u201churra\u201d podnieca\u0142. Ale wkurzonych ludzi mo\u017cna jako\u015b wyt\u0142umaczy\u0107; psychoza t\u0142umu, rozczarowanie, z\u0142o\u015b\u0107, a nawet w\u015bciek\u0142o\u015b\u0107 na to, co dzieje si\u0119 od dnia wybor\u00f3w. Wszystko to rozumiem i czuj\u0119 to samo. A mo\u017ce jeszcze bardziej, bo dzi\u015b w\u0142a\u015bnie dosta\u0142em policzek od zaprzyja\u017anionego Amerykanina: \u201c<\/span><span style=\"color: #000000; font-family: Verdana; font-size: 13px; font-style: italic; font-variant: normal; font-weight: normal; text-decoration: none; vertical-align: baseline; background-color: transparent\">policzyli ju\u017c tego g\u0142osy, czy jeszcze licz\u0105<\/span><span style=\"color: #000000; font-family: Verdana; font-size: 13px; font-style: normal; font-variant: normal; font-weight: normal; text-decoration: none; vertical-align: baseline; background-color: transparent\">?\u201d &#8211; zapyta\u0142 ze \u015bmiechem, bez dzien dobry, jak si\u0119 masz, itp. O Polsce, je\u015bli si\u0119 tu nie m\u00f3wi w og\u00f3le, to czasem lepiej, bo, jak maj\u0105 m\u00f3wi\u0107, tak, to smutek miesza si\u0119 z w\u015bciek\u0142o\u015bci\u0105. Przyw\u00f3dcy dzisiejszego buntu, zaznaczam &#8211; w pe\u0142ni zrozumia\u0142ego, w pe\u0142ni uzasadnionego &#8211; powinni zastanowi\u0107 si\u0119 przez chwil\u0119 nad konsekwencjami; media s\u0105 rz\u0105dowe, ludzi od koryta odci\u0105gn\u0105\u0107 to wi\u0119kszy trud, ni\u017c odci\u0105gn\u0105\u0107 od niego prosiaka, wi\u0119c mo\u017cna by\u0142o przewidzie\u0107, \u017ce oni w\u0142adzy nie oddadz\u0105, a wej\u015bcie do pa\u0144stwowego budynku odczytane b\u0119dzie i podane spo\u0142ecze\u0144stwu, jako skrajne przest\u0119pstwo. I tak si\u0119 sta\u0142o. Jestem przekonany, \u017ce dobrze zorganizowane pikietowanie, nawet 24 godziny na dob\u0119 przynios\u0142oby lepszy skutek. \u00a0Jest Internet, jest Facebook, jest Gazeta Polska i GP Codziennie, Gazeta Warszawska, portale internetowe, etc. Dlaczego nikt nie \u00a0pomy\u015bla\u0142? Ale, jeszcze raz powtarzam, wkurzonych ludzi mo\u017cna zrozumie\u0107 i wyt\u0142umaczy\u0107, natomiast zachowania i decyzji podj\u0119tych przez tzw. polityk\u00f3w, mieni\u0105cych si\u0119 przy tym by\u0107 dyplomatami zrozumie\u0107 nie podobna. Nie by\u0142o niszczenia sprz\u0119tu, nie by\u0142o atak\u00f3w fizycznych na cz\u0142onk\u00f3w PKW, a jednak zapad\u0142y decyzje o aresztowaniach. Najbardziej oburza aresztowanie dziennikarzy. To jest to, co postawi\u0142o kropk\u0119 nad \u201ci\u201d do mojego wczorajszego stwierdzenia, \u017ce \u201cdemokracja umar\u0142a\u201d. Umar\u0142a 16 listopada, w niedziel\u0119, a w pi\u0105tek, 21 listopada, odby\u0142 si\u0119 jej pogrzeb. Zaaresztowano m. in. Jana Pawlickiego, dziennikarza Gazety Polskiej. W domu zosta\u0142a \u017cona z trzytygodniowym dzieckiem. Upominaj\u0105c si\u0119 o informacj\u0119, o miejscu pobytu m\u0119\u017ca nie otrzyma\u0142a jej. Chcia\u0142a przekaza\u0107 kurtk\u0119, co\u015b do jedzenia, &#8211; nie pozwolono. Pawlicki pokaza\u0142 legitymacj\u0119 s\u0142u\u017cbow\u0105, &#8211; zosta\u0142 wyniesiony przez policjant\u00f3w.<\/span><\/p>\n<p><strong style=\"font-weight: normal\"><\/p>\n<p dir=\"ltr\" style=\"line-height: 1.15; margin-top: 0pt; margin-bottom: 0pt\"><span style=\"color: #000000; font-family: Verdana; font-size: 13px; font-style: normal; font-variant: normal; font-weight: normal; text-decoration: none; vertical-align: baseline; background-color: transparent\">Tak robili tylko komuni\u015bci i to w stanie wojennym. Teraz mamy podobno stan wolno\u015bci. A wszystko na wniosek pe\u0142ni\u0105cego funkcj\u0119 prezydenta Polski Bronis\u0142awa Komorowskiego. Wszystko, co my\u015bla\u0142em o nim potwierdzi\u0142o si\u0119 dzisiaj po stokro\u0107. O Kopaczowej pisa\u0142 nie b\u0119d\u0119, bo to przypadek tak beznadziejny, \u017ce szkoda czasu. J\u0105 pokarze historia. <\/span><\/p>\n<p dir=\"ltr\" style=\"line-height: 1.15; margin-top: 0pt; margin-bottom: 0pt\"><span style=\"color: #000000; font-family: Verdana; font-size: 13px; font-style: normal; font-variant: normal; font-weight: normal; text-decoration: none; vertical-align: baseline; background-color: transparent\">Przy coraz wi\u0119kszej ilo\u015bci meldunk\u00f3w z terenu o nieprawid\u0142owo\u015bciach przy ostatnich wyborach, Komorowski \u201cnie daje zgody na m\u00f3wienie, i\u017c by\u0142y one nieuczciwe\u201d. Bredzi o jakich\u015b \u201codm\u0119tach szale\u0144stwa\u201d, to znaczy, \u017ce spo\u0142ecze\u0144stwo nawet nie mo\u017ce g\u0142o\u015bno powiedzie\u0107, \u017ce czuje, i\u017c co\u015b jest nie tak, \u017ce \u015bmierdzi przekr\u0119tem na odleg\u0142o\u015b\u0107. Demagogia, jak\u0105 ten facet uprawia jest przera\u017caj\u0105ca. Kopaczowa, a jak\u017ce pr\u00f3buje go w demagogii przeskoczy\u0107. <\/span><\/p>\n<p dir=\"ltr\" style=\"line-height: 1.15; margin-top: 0pt; margin-bottom: 0pt\"><span style=\"color: #000000; font-family: Verdana; font-size: 13px; font-style: normal; font-variant: normal; font-weight: normal; text-decoration: none; vertical-align: baseline; background-color: transparent\">Tu ju\u017c nie chodzi o uczciwe wybory, tu nie chodzi o udzia\u0142 w nich spo\u0142ecze\u0144stwa. Tu jest ju\u017c jawne postawienie sprawy: nikt nam w\u0142adzy odbiera\u0142 nie b\u0119dzie, nawet, je\u015bli spo\u0142ecze\u0144stwo p\u00f3jdzie do wybor\u00f3w w 100%, to wygra\u0107 musimy my.<\/span><\/p>\n<p dir=\"ltr\" style=\"line-height: 1.15; margin-top: 0pt; margin-bottom: 0pt\"><span style=\"color: #000000; font-family: Verdana; font-size: 13px; font-style: normal; font-variant: normal; font-weight: normal; text-decoration: none; vertical-align: baseline; background-color: transparent\">Dlaczego? Strach przed tym, co mo\u017ce si\u0119 sta\u0107, gdy opozycja przejmie w\u0142adz\u0119 jest przeokrutny, a oni wiedz\u0105 ile maj\u0105 za uszami.<\/span><\/p>\n<p dir=\"ltr\" style=\"line-height: 1.15; margin-top: 0pt; margin-bottom: 0pt\"><span style=\"color: #000000; font-family: Verdana; font-size: 13px; font-style: normal; font-variant: normal; font-weight: normal; text-decoration: none; vertical-align: baseline; background-color: transparent\">I dlatego dzi\u015b jeste\u015bmy sto lat za Rumuni\u0105. Byli\u015bmy ju\u017c u pocz\u0105tk\u00f3w obalenia komunizmu..<\/span><\/p>\n<p dir=\"ltr\" style=\"line-height: 1.15; margin-top: 0pt; margin-bottom: 0pt\"><span style=\"color: #000000; font-family: Verdana; font-size: 13px; font-style: normal; font-variant: normal; font-weight: normal; text-decoration: none; vertical-align: baseline; background-color: transparent\">Rumuni postawili Ceausescu pod \u015bcian\u0105 i z wyroku narodu zap\u0142acili mu za dziesi\u0105tki lat biedy, zacofania i zamordyzmu. Ka\u017cdy kat ko\u0144czy niechlubnie i m\u00f3wi o tym historia. My\u015bmy nawet naszym katom nie dali po pyskach. Ale za to, od Bolka i reszty postkomunistycznej nomenklatury dostali wysokie emerytury i do dzi\u015b \u015bmiej\u0105 si\u0119 ze spo\u0142ecze\u0144stwa, a najohydniejsze jest to, \u017ce \u015bmiej\u0105 si\u0119 ze swych ofiar.<\/span><\/p>\n<p dir=\"ltr\" style=\"line-height: 1.15; margin-top: 0pt; margin-bottom: 0pt\"><span style=\"color: #000000; font-family: Verdana; font-size: 13px; font-style: normal; font-variant: normal; font-weight: normal; text-decoration: none; vertical-align: baseline; background-color: transparent\">Dzi\u015b, decyzj\u0105 o aresztowaniu dziennikarzy, zamkni\u0119ciu ust ludziom niezale\u017cnych medi\u00f3w, urz\u0119duj\u0105cy prezydent Polski stan\u0105\u0142 w tym samym rz\u0119dzie z tamtymi kacykami. <\/span><\/p>\n<p dir=\"ltr\" style=\"line-height: 1.15; margin-top: 0pt; margin-bottom: 0pt\"><span style=\"color: #000000; font-family: Verdana; font-size: 13px; font-style: normal; font-variant: normal; font-weight: normal; text-decoration: none; vertical-align: baseline; background-color: transparent\">Nikt w tej chwili nie wie, jak zako\u0144czy si\u0119 sprawa najwi\u0119kszej kompromitacji wyborczej od czas\u00f3w pierwszych wybor\u00f3w w Polsce. Ale chyba do wszystkich dotar\u0142o wyra\u017anie, \u017ce mamy do czynienia z najgorsz\u0105 band\u0105 polityk\u00f3w od czasu rozbior\u00f3w Polski.<\/span><\/p>\n<p><\/strong><\/p>\n","protected":false},"excerpt":{"rendered":"<p>Jak blisko stoi to obok stanu wojennego. Jedna sylaba. Dzi\u015b, ci, kt\u00f3rzy maj\u0105 pe\u0142ne g\u0119by opowiadania, jak to walczyli z komun\u0105, niesprawiedliwo\u015bci\u0105, walczyli o wolno\u015b\u0107 s\u0142owa, prawd\u0119, robi\u0105 dok\u0142adnie to, co robili ci, przeciw kt\u00f3rym walczyli.<\/p>\n","protected":false},"author":2,"featured_media":0,"comment_status":"open","ping_status":"open","sticky":false,"template":"","format":"standard","meta":[],"categories":[4],"tags":[],"_links":{"self":[{"href":"https:\/\/sporek.com\/blog\/index.php?rest_route=\/wp\/v2\/posts\/476"}],"collection":[{"href":"https:\/\/sporek.com\/blog\/index.php?rest_route=\/wp\/v2\/posts"}],"about":[{"href":"https:\/\/sporek.com\/blog\/index.php?rest_route=\/wp\/v2\/types\/post"}],"author":[{"embeddable":true,"href":"https:\/\/sporek.com\/blog\/index.php?rest_route=\/wp\/v2\/users\/2"}],"replies":[{"embeddable":true,"href":"https:\/\/sporek.com\/blog\/index.php?rest_route=%2Fwp%2Fv2%2Fcomments&post=476"}],"version-history":[{"count":0,"href":"https:\/\/sporek.com\/blog\/index.php?rest_route=\/wp\/v2\/posts\/476\/revisions"}],"wp:attachment":[{"href":"https:\/\/sporek.com\/blog\/index.php?rest_route=%2Fwp%2Fv2%2Fmedia&parent=476"}],"wp:term":[{"taxonomy":"category","embeddable":true,"href":"https:\/\/sporek.com\/blog\/index.php?rest_route=%2Fwp%2Fv2%2Fcategories&post=476"},{"taxonomy":"post_tag","embeddable":true,"href":"https:\/\/sporek.com\/blog\/index.php?rest_route=%2Fwp%2Fv2%2Ftags&post=476"}],"curies":[{"name":"wp","href":"https:\/\/api.w.org\/{rel}","templated":true}]}}