{"id":477,"date":"2014-11-23T16:47:07","date_gmt":"2014-11-23T20:47:07","guid":{"rendered":"http:\/\/sporek.com\/blog\/?p=477"},"modified":"2014-11-23T17:12:04","modified_gmt":"2014-11-23T21:12:04","slug":"dziennikarze-a-dziennikarze","status":"publish","type":"post","link":"https:\/\/sporek.com\/blog\/?p=477","title":{"rendered":"Dziennikarze, a dziennikarze"},"content":{"rendered":"<p><strong style=\"font-weight: normal\"><span style=\"color: #000000; font-family: Verdana; font-size: 13px; font-style: normal; font-variant: normal; font-weight: normal; text-decoration: none; vertical-align: baseline; background-color: transparent\">Obejrza\u0142em \u201cSalonik polityczny Ziemkiewicza\u201d, w TV Republika i zapali\u0142o mi si\u0119 \u015bwiate\u0142ko ostrzegaj\u0105ce. W moim poprzednim artykule pisa\u0142em jedynie o aresztowanym red. Janie Pawlickim, a o wtargni\u0119ciu do siedziby PKW \u00a0powiedzia\u0142em, \u017ce lepszy efekt da\u0142aby 24-godzinna pikieta.<!--more--> Nie chcia\u0142bym jednak, aby my\u015blano, i\u017c pot\u0119piam Grzegorza Browna, czy Ew\u0119 Stankiewicz. W \u017cadnym wypadku. Uwa\u017cam ich wr\u0119cz za heroicznych \u00a0bohater\u00f3w, kt\u00f3rzy, przy swojej ogromnej wiedzy na temat sytuacji naszego kraju, rzucili si\u0119, jak ongi\u015b Raytan, by zaprotestowa\u0107 i po\u0142o\u017cy\u0107 kres k\u0142amstwom. Mam nadziej\u0119, \u017ce jak czyn Tadeusza Reytana, tak ich czyn historia oceni, jako desperack\u0105 pr\u00f3b\u0119 przeciw u\u015bmierceniu demokracji w Polsce. Przypomnijmy: Tadeusz Reytan, wesp\u00f3\u0142 z Samuelem Korsakiem i Stanis\u0142awem Bohuszewiczem, na pierwszej sesji sejmowej, w dniu 19 kwietnia, 1773 roku sprzeciwili si\u0119 zawi\u0105zaniu konfederacji pro przewodnictwem Adama Poni\u0144skiego, umo\u017cliwiwj\u0105cej zatwierdzenie traktatu I-go rozbioru Polski. Reytan ponadto, o czym wiemy te\u017c i z obraz\u00f3w Jana Matejki rzuci\u0142 si\u0119 na pr\u00f3g izby sejmowej, rozdzieraj\u0105c koszul\u0119 i zagradzaj\u0105c drog\u0119 sygnatariuszom rozbioru Polski. Zrobi\u0142 to w my\u015bl instrukcji, jak\u0105 otrzyma\u0142 przy wyborze na pos\u0142a, na sejmiku w Nowogr\u00f3dku: <\/span><span style=\"color: #000000; font-family: Verdana; font-size: 13px; font-style: italic; font-variant: normal; font-weight: normal; text-decoration: none; vertical-align: baseline; background-color: transparent\">\u201cBroni\u0107 ca\u0142o\u015bci Polski z nara\u017ceniem \u017cycia i imienia\u201d. <\/span><span style=\"color: #000000; font-family: Verdana; font-size: 13px; font-style: normal; font-variant: normal; font-weight: normal; text-decoration: none; vertical-align: baseline; background-color: transparent\">Jakie instrukcje maj\u0105 dzisiejsi pos\u0142owie? Przysi\u0119ga, jak\u0105 sk\u0142adaj\u0105 przy nominacji w Sejmie jest aktualna tylko przez pierwsze dziesi\u0119\u0107 minut. Potem ju\u017c tylko uk\u0142ady &#8211; byle jak najd\u0142u\u017cej utrzyma\u0107 swoje miejsca w poselskich \u0142awach, byle czerpa\u0107 pe\u0142nymi gar\u015bciami z pa\u0144stwowej skarbnicy, &#8211; bo im si\u0119 nale\u017cy. Gdzie s\u0105 teraz pos\u0142owie partii rz\u0105dz\u0105cych, aby zaalarmowa\u0107, \u017ce wszystko\u00a0z wyborami jest \u017ale, bardzo \u017ale? Nie ma ich i nie b\u0119dzie, bo oni maj\u0105 inny problem.<\/span><\/strong><\/p>\n<p><strong style=\"font-weight: normal\"><\/p>\n<p dir=\"ltr\" style=\"line-height: 1.15; margin-top: 0pt; margin-bottom: 0pt\"><span style=\"color: #000000; font-family: Verdana; font-size: 13px; font-style: normal; font-variant: normal; font-weight: normal; text-decoration: none; vertical-align: baseline; background-color: transparent\">Dziennikarze, kt\u00f3rzy wzi\u0119li udzia\u0142 w \u201cSaloniku Ziemkiewicza: &#8211; Andrzej Stankiewicz i \u0141ukarz Warzecha pokazali, \u017ce \u017cyj\u0105\u00a0w zupe\u0142nie innym \u015bwiecie, \u017ce kompletnie nie rozumiej\u0105 tego, co dzieje si\u0119 wok\u00f3\u0142. Wg nich Ewa Stankiewicz i Grzegorz Brown, to oszo\u0142omy. Ludzie, kt\u00f3rych nale\u017cy wy\u0142\u0105cznie krytykowa\u0107. Nie dostrzegli w ich poczynaniu walki o wolno\u015b\u0107 s\u0142owa, o demokracje, walki przeciw k\u0142amstwu. Mo\u017cna by nie dziwi\u0107 si\u0119 Monice Olejnik, czy Lisowi, Kra\u015bce i im podobnym, ale dziwi\u0119 si\u0119, \u017ce red. Warzecha (lubi\u0119 go za spok\u00f3j rozwag\u0119 i wiedz\u0119), ma tak mizerne rozeznanie w chorobie, jaka trawi Polsk\u0119. Chorobie, kt\u00f3ra 16 listopada i w kolejnych dniach p\u00f3\u017aniej rozwin\u0119\u0142a si\u0119 do stanu \u015bmiertelnego. W kraju, w kt\u00f3rym chroni si\u0119 przest\u0119pc\u00f3w, a pot\u0119pia ludzi walcz\u0105cych z tym ca\u0142ym z\u0142em w\u0142a\u015bnie od dziennikarzy mo\u017cna by oczekiwa\u0107, \u017ce b\u0119d\u0105 na to z\u0142o wskazywa\u0107, a nie wyszydza\u0107 walcz\u0105cych z nim.<\/span><\/p>\n<p><\/strong><\/p>\n<p dir=\"ltr\" style=\"line-height: 1.15; margin-top: 0pt; margin-bottom: 0pt\"><strong style=\"font-weight: normal\"><span style=\"color: #000000; font-family: Verdana; font-size: 13px; font-style: normal; font-variant: normal; font-weight: normal; text-decoration: none; vertical-align: baseline; background-color: transparent\">M\u00f3wi\u0142em tylko o Janie Pawlickim, ale opr\u00f3cz niego aresztowani zostali Tomasz Gzela z PAPu, Hanna Dobrowolska &#8211; korespondentka kilku portali internetowych, kt\u00f3ra prowadzi\u0142a video-rejestracj\u0119 wydarze\u0144 w PKW i Witold Zieli\u0144ski &#8211; realizator d\u017awi\u0119ku z Niepoprawnego Radia (niepoprawneradio.pl). Og\u00f3lnie jednak zar\u00f3wno TV Republika, jak dziennikarze niezale\u017cni wyst\u0119puj\u0105 w obronie Pawlickiego i Gzela, jakby zapominaj\u0105c, \u017ce Dobrowolska i Zieli\u0144ski nie maj\u0105 takich si\u0142 za sob\u0105, jak tych dw\u00f3ch pierwszych. Nie rozumiem, dlaczego \u00a0na li\u015bcie do obrony nie ma tych nazwisk: Dobrowolska, Zieli\u0144ski? Czy\u017cby byli dziennikarze i dziennikarze? Jednych broni\u0107, o drugich zapomnie\u0107? Jedni wa\u017cniejsi, drudzy mniej wa\u017cni, albo niewa\u017cni w og\u00f3le, bo z Internetu? A to w\u0142a\u015bnie <\/span><a href=\"http:\/\/www.niepoprawneradio.pl\/\" style=\"text-decoration: none\"><span style=\"color: #1155cc; font-family: Verdana; font-size: 13px; font-style: normal; font-variant: normal; font-weight: normal; text-decoration: underline; vertical-align: baseline; background-color: transparent\">www.niepoprawneradio.pl<\/span><\/a><span style=\"color: #000000; font-family: Verdana; font-size: 13px; font-style: normal; font-variant: normal; font-weight: normal; text-decoration: none; vertical-align: baseline; background-color: transparent\"> prowadzi\u0142o ca\u0142o\u015bciowo relacj\u0119 z tamtych wydarze\u0144. Chyba jedn\u0105 z najbardziej wstrz\u0105saj\u0105cych. Na \u017cywo. I robi\u0142 t\u0119 relacj\u0119 szef Niepoprawnego Radia, kt\u00f3ry nie zostawi\u0142 swojego kolegi, nie wy\u0142\u0105czy\u0142 mikrofonu. Bieg\u0142 przez Krucz\u0105, do Wilczej i relacjonowa\u0142, co si\u0119 dzieje. Polecam wys\u0142uchanie przem\u00f3wienia Grzegorza Browna na <\/span><a href=\"http:\/\/www.niepoprawneradio.pl\/\" style=\"text-decoration: none\"><span style=\"color: #1155cc; font-family: Verdana; font-size: 13px; font-style: normal; font-variant: normal; font-weight: normal; text-decoration: underline; vertical-align: baseline; background-color: transparent\">www.niepoprawneradio.pl<\/span><\/a><span style=\"color: #000000; font-family: Verdana; font-size: 13px; font-style: normal; font-variant: normal; font-weight: normal; text-decoration: none; vertical-align: baseline; background-color: transparent\"> Kogo z moich Czytelnik\u00f3w by\u0142oby sta\u0107 na tak\u0105 odwag\u0119, jak\u0105 wykaza\u0142 w swoim przem\u00f3wieniu ten znakomity re\u017cyser? Prosz\u0119 wej\u015b\u0107, zjecha\u0107 w d\u00f3\u0142 do \u201cWa\u017cne materia\u0142y Video&#8221;, gdzie jest relacja z rozprawy\u201d. Nie tylko odwaga nazywania rzeczy po imieniu, ale prawda, kt\u00f3r\u0105 ukazuje nt tego, co dzia\u0142o si\u0119 w PKW. Jak te\u017c i prawda o traktowaniu \u201cpolitycznych wi\u0119\u017ani\u00f3w\u201d; utrudnianie kontaktu z obro\u0144c\u0105, manipulowanie ta\u015bmiami, prowokacje, itd, itp. Wstrz\u0105saj\u0105c, bo wynika z tej relacji, jak bardzo zmanipulowano opini\u0119 publiczno\u015bci\u0105 na temat tamtych wydarze\u0144. Warto si\u0119 z tym zapozna\u0107, cho\u0107by po to, \u017ceby mie\u0107 w\u0142asny os\u0105d tego, o czym w mediach m\u00f3wi\u0142 Komorowski, o czym m\u00f3wi\u0142a Kopacz i, jak podawali te informacje dziennikarze medi\u00f3w tzw. g\u0142\u00f3wnego nurtu.<\/span><br \/>\n<\/strong><\/p>\n","protected":false},"excerpt":{"rendered":"<p>Obejrza\u0142em \u201cSalonik polityczny Ziemkiewicza\u201d, w TV Republika i zapali\u0142o mi si\u0119 \u015bwiate\u0142ko ostrzegaj\u0105ce. W moim poprzednim artykule pisa\u0142em jedynie o aresztowanym red. Janie Pawlickim, a o wtargni\u0119ciu do siedziby PKW \u00a0powiedzia\u0142em, \u017ce lepszy efekt da\u0142aby 24-godzinna pikieta.<\/p>\n","protected":false},"author":2,"featured_media":0,"comment_status":"open","ping_status":"open","sticky":false,"template":"","format":"standard","meta":[],"categories":[4],"tags":[],"_links":{"self":[{"href":"https:\/\/sporek.com\/blog\/index.php?rest_route=\/wp\/v2\/posts\/477"}],"collection":[{"href":"https:\/\/sporek.com\/blog\/index.php?rest_route=\/wp\/v2\/posts"}],"about":[{"href":"https:\/\/sporek.com\/blog\/index.php?rest_route=\/wp\/v2\/types\/post"}],"author":[{"embeddable":true,"href":"https:\/\/sporek.com\/blog\/index.php?rest_route=\/wp\/v2\/users\/2"}],"replies":[{"embeddable":true,"href":"https:\/\/sporek.com\/blog\/index.php?rest_route=%2Fwp%2Fv2%2Fcomments&post=477"}],"version-history":[{"count":0,"href":"https:\/\/sporek.com\/blog\/index.php?rest_route=\/wp\/v2\/posts\/477\/revisions"}],"wp:attachment":[{"href":"https:\/\/sporek.com\/blog\/index.php?rest_route=%2Fwp%2Fv2%2Fmedia&parent=477"}],"wp:term":[{"taxonomy":"category","embeddable":true,"href":"https:\/\/sporek.com\/blog\/index.php?rest_route=%2Fwp%2Fv2%2Fcategories&post=477"},{"taxonomy":"post_tag","embeddable":true,"href":"https:\/\/sporek.com\/blog\/index.php?rest_route=%2Fwp%2Fv2%2Ftags&post=477"}],"curies":[{"name":"wp","href":"https:\/\/api.w.org\/{rel}","templated":true}]}}