{"id":478,"date":"2014-11-26T23:05:09","date_gmt":"2014-11-27T03:05:09","guid":{"rendered":"http:\/\/sporek.com\/blog\/?p=478"},"modified":"2014-11-26T23:15:18","modified_gmt":"2014-11-27T03:15:18","slug":"pinokio-2","status":"publish","type":"post","link":"https:\/\/sporek.com\/blog\/?p=478","title":{"rendered":"Pinokio"},"content":{"rendered":"<p><span style=\"color: #000000; font-family: Verdana; font-size: 13px; font-style: normal; font-variant: normal; font-weight: normal; text-decoration: none; vertical-align: baseline; background-color: transparent\">\u201cDoniesienia prasowe\u201d<\/span><\/p>\n<p><strong style=\"font-weight: normal\"><\/p>\n<p dir=\"ltr\" style=\"line-height: 1.15; margin-top: 0pt; margin-bottom: 10pt\"><span style=\"color: #000000; font-family: Verdana; font-size: 13px; font-style: normal; font-variant: normal; font-weight: normal; text-decoration: none; vertical-align: baseline; background-color: transparent\">Bronis\u0142aw Komorowski, w 2012: <\/span><span style=\"color: #000000; font-family: Verdana; font-size: 13px; font-style: normal; font-variant: normal; font-weight: bold; text-decoration: none; vertical-align: baseline; background-color: transparent\">Jestem bardzo zaniepokojony.<!--more--><\/span><\/p>\n<p dir=\"ltr\" style=\"line-height: 1.15; margin-top: 0pt; margin-bottom: 10pt\"><span style=\"color: #000000; font-family: Verdana; font-size: 13px; font-style: normal; font-variant: normal; font-weight: normal; text-decoration: none; vertical-align: baseline; background-color: transparent\">\u201ePrezydent Bronis\u0142aw Komorowski w niedzielnej rozmowie z prezydentem Ukrainy, Wiktorem Janukowyczem wyrazi\u0142 zaniepokojenie op\u00f3\u017anieniem podania wynik\u00f3w wybor\u00f3w oraz mno\u017c\u0105cymi si\u0119 sygna\u0142ami o nieprawid\u0142owo\u015bciach w trakcie licznie g\u0142os\u00f3w w jednomandatowych okr\u0119gach wyborczych. Prezydent Komorowski podkre\u015bli\u0142, \u017ce ostatnie wydarzenia na Ukrainie negatywnie wp\u0142ywaj\u0105 na og\u00f3ln\u0105 ocen\u0119 wybor\u00f3w i mog\u0105 zahamowa\u0107 proces zbli\u017cania si\u0119 Ukrainy do Unii Europejskiej, w tym podpisanie i ratyfikacj\u0119 umowy stowarzyszeniowej\u201d.<\/span><\/p>\n<p dir=\"ltr\" style=\"line-height: 1.15; margin-top: 0pt; margin-bottom: 10pt\"><span style=\"color: #000000; font-family: Verdana; font-size: 13px; font-style: normal; font-variant: normal; font-weight: normal; text-decoration: none; vertical-align: baseline; background-color: transparent\">Bronis\u0142aw Komorowski, w 2014: <\/span><span style=\"color: #000000; font-family: Verdana; font-size: 13px; font-style: normal; font-variant: normal; font-weight: bold; text-decoration: none; vertical-align: baseline; background-color: transparent\">Nie rozumiem, dlaczego jeste\u015bcie zaniepokojeni\u2026<\/span><\/p>\n<p dir=\"ltr\" style=\"line-height: 1.15; margin-top: 0pt; margin-bottom: 10pt\"><span style=\"color: #000000; font-family: Verdana; font-size: 13px; font-style: normal; font-variant: normal; font-weight: normal; text-decoration: none; vertical-align: baseline; background-color: transparent\">\u201eApeluj\u0119 o uspokojenie debaty wok\u00f3\u0142 kwestii k\u0142opot\u00f3w ze sprawnym policzeniem g\u0142os\u00f3w w wyborach samorz\u0105dowych i sprawne ich policzenie. Te g\u0142osy b\u0119d\u0105 skutecznie i uczciwie policzone. To si\u0119 wszystko da policzy\u0107. Wa\u017cne, aby \u2013 chocia\u017c wolniej, ale skutecznie, poprawnie z gwarancj\u0105 uczciwo\u015bci \u2013 zosta\u0142y podane opinii publicznej wyniki g\u0142osowania w wyborach samorz\u0105dowych\u201d \u2013 powiedzia\u0142 prezydent Komorowski. \u201eWarto pami\u0119ta\u0107 o tym \u2013 doda\u0142 prezydent -, \u017ce gwarantami bezstronno\u015bci, uczciwo\u015bci i legalno\u015bci wybor\u00f3w s\u0105 cz\u0142onkowie PKW, &#8211; wyj\u0105tkowo do\u015bwiadczeni prawnicy, cho\u0107 niew\u0105tpliwie nie s\u0105 to specjali\u015bci od zarz\u0105dzania\u201d.<\/span><\/p>\n<p dir=\"ltr\" style=\"line-height: 1.15; margin-top: 0pt; margin-bottom: 10pt\"><span style=\"color: #000000; font-family: Verdana; font-size: 13px; font-style: normal; font-variant: normal; font-weight: normal; text-decoration: none; vertical-align: baseline; background-color: transparent\">Szkoda, \u017ce pan nie doda\u0142, prezydencie, po-solidarno\u015bciowy, i\u017c te wszystkie \u201eLe\u015bne Dziadki\u201d s\u0105 po kursach w PRL-u I w Moskwie. Trudno si\u0119 dziwi\u0107, skoro zaprosi\u0142e\u015b pan Jaruzelskiego do Rady Bezpiecze\u0144stwa. I taki to z Komorowskiego \u201cwalcz\u0105cy niegdy\u015b o wolno\u015b\u0107\u201d.<\/span><\/p>\n<p><\/strong><\/p>\n","protected":false},"excerpt":{"rendered":"<p>\u201cDoniesienia prasowe\u201d Bronis\u0142aw Komorowski, w 2012: Jestem bardzo zaniepokojony.<\/p>\n","protected":false},"author":2,"featured_media":0,"comment_status":"open","ping_status":"open","sticky":false,"template":"","format":"standard","meta":[],"categories":[4],"tags":[],"_links":{"self":[{"href":"https:\/\/sporek.com\/blog\/index.php?rest_route=\/wp\/v2\/posts\/478"}],"collection":[{"href":"https:\/\/sporek.com\/blog\/index.php?rest_route=\/wp\/v2\/posts"}],"about":[{"href":"https:\/\/sporek.com\/blog\/index.php?rest_route=\/wp\/v2\/types\/post"}],"author":[{"embeddable":true,"href":"https:\/\/sporek.com\/blog\/index.php?rest_route=\/wp\/v2\/users\/2"}],"replies":[{"embeddable":true,"href":"https:\/\/sporek.com\/blog\/index.php?rest_route=%2Fwp%2Fv2%2Fcomments&post=478"}],"version-history":[{"count":0,"href":"https:\/\/sporek.com\/blog\/index.php?rest_route=\/wp\/v2\/posts\/478\/revisions"}],"wp:attachment":[{"href":"https:\/\/sporek.com\/blog\/index.php?rest_route=%2Fwp%2Fv2%2Fmedia&parent=478"}],"wp:term":[{"taxonomy":"category","embeddable":true,"href":"https:\/\/sporek.com\/blog\/index.php?rest_route=%2Fwp%2Fv2%2Fcategories&post=478"},{"taxonomy":"post_tag","embeddable":true,"href":"https:\/\/sporek.com\/blog\/index.php?rest_route=%2Fwp%2Fv2%2Ftags&post=478"}],"curies":[{"name":"wp","href":"https:\/\/api.w.org\/{rel}","templated":true}]}}