{"id":479,"date":"2014-11-30T03:03:35","date_gmt":"2014-11-30T07:03:35","guid":{"rendered":"http:\/\/sporek.com\/blog\/?p=479"},"modified":"2014-11-30T03:23:21","modified_gmt":"2014-11-30T07:23:21","slug":"badzmy-wdzieczni-idiotom","status":"publish","type":"post","link":"https:\/\/sporek.com\/blog\/?p=479","title":{"rendered":"B\u0105d\u017amy wdzi\u0119czni idiotom&#8230;"},"content":{"rendered":"<p><span style=\"color: #000000; font-family: Verdana; font-size: 13px; font-style: normal; font-variant: normal; font-weight: normal; text-decoration: none; vertical-align: baseline; background-color: transparent\">16 listopada, 2014 i w nast\u0119pnych dw\u00f3ch tygodniach po wyborach Polsce wyrz\u0105dzono najwi\u0119ksz\u0105 krzywd\u0119 od czasu Okr\u0105g\u0142ego Sto\u0142u. Zrobili to ludzie, kt\u00f3rzy podaj\u0105 si\u0119 za walcz\u0105cych pod \u201dsztandarami Solidarno\u015bci&#8221;. <!--more-->Ka\u017cda ryba gnije od g\u0142owy. Solidarno\u015b\u0107 zacz\u0119\u0142a gni\u0107 od swojego &#8222;wodza&#8221;, potem gangrena rozla\u0142a si\u0119 szeroko, ale nadal tkwi w \u201cg\u0142owie\u201d, czyli w\u015br\u00f3d rz\u0105dz\u0105cych. \u017bal mi zwyk\u0142ych ludzi w Polsce, kt\u00f3rzy nie zd\u0105\u017cyli za\u0142apa\u0107 si\u0119 na \u017caden biznes, kt\u00f3rzy wierzyli, \u017ce b\u0119d\u0105 pracowa\u0107 w stoczniach, w hutach, cukrowniach, kopalniach. Dzi\u015b maj\u0105 podci\u0119te skrzyd\u0142a, strach o nast\u0119pny dzie\u0144, strach o rodzin\u0119, sp\u0142acanie kredyt\u00f3w, strach przed staro\u015bci\u0105, a ci, kt\u00f3rym uda\u0142o si\u0119 zrobi\u0107 jaki\u015b biznes nawet tym, w ma\u0142ych miejscowo\u015bciach zachowuj\u0105 si\u0119, jak syty w rozmowie z g\u0142odnym; m\u00f3wi\u0105 &#8211; \u201cprzyjed\u017acie tutaj i zobaczcie, jak jest fajnie\u201d. &#8211; \u00a0Ci ustawieni, bardzo cz\u0119sto dzi\u0119ki ogromnej, ci\u0119\u017ckiej pracy i wyrzeczeniom, gdzie\u015b po drodze zagubili wyczucie i zdolno\u015b\u0107 oceny sytuacji. Ale to ju\u017c Sokrates powiedzia\u0142: <\/span><span style=\"color: #000000; font-family: Verdana; font-size: 13px; font-style: italic; font-variant: normal; font-weight: bold; text-decoration: none; vertical-align: baseline; background-color: transparent\">\u201cD\u0142ugie sza\u00adty kr\u0119puj\u0105 cia\u0142o, a bo\u00adgac\u00adtwa dusz\u0119\u201d<\/span><span style=\"color: #000000; font-family: Verdana; font-size: 13px; font-style: normal; font-variant: normal; font-weight: normal; text-decoration: none; vertical-align: baseline; background-color: transparent\"> Nie wnikaj\u0105, kto rz\u0105dzi krajem, nie wnikaj\u0105, czy kraj jest w niebezpiecze\u0144stwie, czy s\u0105 jakie\u015b obce si\u0142y, kt\u00f3re czekaj\u0105 na dogodn\u0105 sytuacj\u0119, aby wreszcie \u00a0wej\u015b\u0107 \u00a0i zagrabi\u0107 to, co zagrabi\u0107 si\u0119 da, czyli bezbronne, bezprzemys\u0142owe, bez zorganizowanej, planowanej gospodarki pa\u0144stwo, kt\u00f3rego rz\u0105dz\u0105cy zupe\u0142nie nie przejmuj\u0105 si\u0119, co b\u0119dzie dalej. Dla nich najwa\u017cniejsze jest &#8222;dzi\u015b&#8221;. Oni przeniesli Urbanowy slogan \u201crz\u0105d si\u0119 jako\u015b wy\u017cywi\u201d do czas\u00f3w obecnych i tak \u00a0rz\u0105dz\u0105, aby Nar\u00f3d sta\u0142 si\u0119 bezwolnym stadem, \u0142atwym do manewrowania, \u0142atwym do opanowania. Przed Solidarno\u015bci\u0105 to, czego ba\u0142a si\u0119 w\u0142adza komunistyczna, to by\u0142y zak\u0142ady pracy. Szczeg\u00f3lnie te wiod\u0105ce w gospodarce; g\u00f3rnictwo, hutnictwo, stocznie. Dzi\u015b ju\u017c nie ma tych dziedzin; albo je zlikwidowano, albo sprywatyzowano. \u015awiat pracy nie istnieje. Poder\u017cni\u0119to gard\u0142o pa\u0144stwu i ze spokojem patrzono, jak rz\u0119zi. Strachem, wyszydzaniem, kpin\u0105 wyprano m\u00f3zgi \u00a0wi\u0119kszo\u015bci spo\u0142ecze\u0144stwa, a rozbudowan\u0105 administracj\u0105 zapewniono sobie wieloletnie rz\u0105dy, bo w\u0142a\u015bnie ludzie zatrudnieni w tzw. \u201cbud\u017cet\u00f3wce\u201d s\u0105 naj\u0142atwiej daj\u0105cymi si\u0119 sterowa\u0107 manekinami; wdzi\u0119czni losowi i rz\u0105dz\u0105cym &#8211; w\u00f3jtom, prezydentom miast, wojewodom i innym kacykom p\u00f3jd\u0105 do urn i b\u0119d\u0105 g\u0142osowa\u0107 na tych, kt\u00f3rych si\u0119 boj\u0105. <\/span><\/p>\n<p><strong style=\"font-weight: normal\"><\/p>\n<p dir=\"ltr\" style=\"line-height: 1.15; margin-top: 0pt; margin-bottom: 10pt\"><span style=\"color: #000000; font-family: Verdana; font-size: 13px; font-style: normal; font-variant: normal; font-weight: normal; text-decoration: none; vertical-align: baseline; background-color: transparent\">Polacy, to strasznie dziwni ludzie; kiedy niemiecki brukowiec szydzi\u0142 ze \u015bp. Prezydenta Lecha Kaczy\u0144skiego wi\u0119kszo\u015b\u0107 wyszydza\u0142a go, jak ma\u0142py powtarzaj\u0105c bzdety o \u201ckartoflu\u201d, etc. Dzi\u015b, gdy \u015bmiej\u0105 si\u0119 z nas, bo nie potrafimy doliczy\u0107 si\u0119 g\u0142os\u00f3w wyborczych, wi\u0119kszo\u015b\u0107 udaje, \u017ce nic si\u0119 nie sta\u0142o. Podsumowa\u0142 takie zachowania Mark Twain: <\/span><span style=\"color: #000000; font-family: Verdana; font-size: 13px; font-style: italic; font-variant: normal; font-weight: normal; text-decoration: none; vertical-align: baseline; background-color: transparent\">\u201cB\u0105d\u017amy wdzi\u0119czni idiotom. Gdyby nie oni, reszta nigdy nie osi\u0105gn\u0119\u0142aby sukcesu\u201d. \u00a0<\/span><\/p>\n<p dir=\"ltr\" style=\"line-height: 1.15; margin-top: 0pt; margin-bottom: 10pt\"><span style=\"color: #000000; font-family: Verdana; font-size: 13px; font-style: normal; font-variant: normal; font-weight: normal; text-decoration: none; vertical-align: baseline; background-color: transparent\">Polska jest na najlepszej drodze do samounicestwienia; sp\u00f3jrzcie na tych szef\u00f3w partii, na spor\u0105 liczb\u0119 pos\u0142\u00f3w; jak oni m\u00f3wi\u0105, jak si\u0119 zachowuj\u0105. Jak d\u0142ugo ju\u017c siedz\u0105 w \u0142awach sejmowych, z jakim uporem walcz\u0105, aby, bro\u0144 Bo\u017ce nie wprowadzi\u0107 kadencyjno\u015bci. Dzi\u015b polityka, to przede wszystkim pieni\u0105dze. Po to pchaj\u0105 si\u0119 do niej przer\u00f3\u017cne &#8222;buraki&#8221;, kt\u00f3re siedz\u0105 w sejmie po wiele kadencji, a powinno by\u0107 tak, \u017ce je\u015bli jaki\u015b pose\u0142 przez dwie kadencje nie przemawia\u0142, nie wnosi\u0142 interpelacji, nie zrobi\u0142 nic, co przynosi\u0142oby po\u017cytek pa\u0144stwu, to powinno si\u0119 mu podzi\u0119kowa\u0107.- Nie wykona\u0142 zadania, to po jak\u0105 choler\u0119 ma zajmowa\u0107 miejsce? Przeci\u0119tny Polak, kt\u00f3ry chce swojemu adwersarzowi t\u0142umaczy\u0107 wy\u017cszo\u015b\u0107 obecnie rz\u0105dz\u0105cych nad opozycj\u0105 powtarza w k\u00f3\u0142ko, \u017ce Europa, \u017ce autostrady, ale \u017caden z nich nie zastanawia si\u0119, ile przy okazji zmarnotrawiono, ile mog\u0142oby by\u0107, gdyby rz\u0105dz\u0105cy byli prawdziwymi gospodarzami kraju. Przyk\u0142adem najwi\u0119kszego idiotyzmu jest Pendolino. Ale, jak\u017ce pob\u0142ogos\u0142awione. \u201c<\/span><span style=\"color: #000000; font-family: Verdana; font-size: 13px; font-style: italic; font-variant: normal; font-weight: normal; text-decoration: none; vertical-align: baseline; background-color: transparent\">B\u0105d\u017amy wdzi\u0119czni idiotom\u2026<\/span><span style=\"color: #000000; font-family: Verdana; font-size: 13px; font-style: normal; font-variant: normal; font-weight: normal; text-decoration: none; vertical-align: baseline; background-color: transparent\">\u201d<\/span><\/p>\n<p dir=\"ltr\" style=\"line-height: 1.15; margin-top: 0pt; margin-bottom: 10pt\"><span style=\"color: #000000; font-family: Verdana; font-size: 13px; font-style: normal; font-variant: normal; font-weight: normal; text-decoration: none; vertical-align: baseline; background-color: transparent\">Przyk\u0142adem idiotyzmu s\u0105 koleje: kto\u015b inny jest w\u0142a\u015bcicielem tor\u00f3w, kto\u015b inny trakcji, kto\u015b inny ma sk\u0142ady wagon\u00f3w, a kto\u015b inny lokomotywy.<\/span><\/p>\n<p dir=\"ltr\" style=\"line-height: 1.15; margin-top: 0pt; margin-bottom: 10pt\"><span style=\"color: #000000; font-family: Verdana; font-size: 13px; font-style: normal; font-variant: normal; font-weight: normal; text-decoration: none; vertical-align: baseline; background-color: transparent\">Czy kogo\u015b, kto ma w\u0142asny biznes i dobrze mu si\u0119 powodzi b\u0119dzie obchodzi\u0142o Pendolino? Nie, on ma samoch\u00f3d, dwa, albo trzy i w d\u2026 pendolino. Je\u015bli jego dochody s\u0105 rz\u0119du tysi\u0119cy z\u0142otych miesi\u0119cznie, to, czy zrozumie on kogo\u015b, kto ma 600 z\u0142otych? Nie ma takiej opcji.<\/span><\/p>\n<p dir=\"ltr\" style=\"line-height: 1.15; margin-top: 0pt; margin-bottom: 10pt\"><span style=\"color: #000000; font-family: Verdana; font-size: 13px; font-style: normal; font-variant: normal; font-weight: normal; text-decoration: none; vertical-align: baseline; background-color: transparent\">Polska dzi\u015b, najbole\u015bniej, ponosi konsekwencje dzie\u0142a Hitlera, Stalina i komunistycznej nomenklatury: zlikwidowano polskie elity, te z prawdziwego zdarzenia. zlikwidowano \u015bwiat nauki, kultury, \u015bwiat my\u015blenia. Dzi\u015b przyrz\u0105dowe przydupasy maj\u0105 si\u0119 za elity. Kto\u015b ich wybra\u0142, wi\u0119c <em>\u201cB\u0105d\u017amy wdzi\u0119czni idiotom. Gdyby nie oni, reszta nigdy nie osi\u0105gn\u0119\u0142aby sukcesu\u201d<\/em>. Przeci\u0119tny Polak nie wie, bo nie chce wiedzie\u0107, \u017ce tu\u017c za progiem \u00a0wyczekuj\u0105 pewne, nienawidz\u0105ce nas nacje. Przeci\u0119tny Polak nie zdaje sobie sprawy z zagro\u017ce\u0144 zewn\u0119trznych, ale, jak mo\u017ce sobie zdawa\u0107 z tego spraw\u0119, skoro nie ma poj\u0119cia o zagro\u017ceniach wewn\u0119trznych? <\/span><\/p>\n<p><\/strong><strong style=\"font-weight: normal\"><span style=\"color: #000000; font-family: Verdana; font-size: 13px; font-style: normal; font-variant: normal; font-weight: normal; text-decoration: none; vertical-align: baseline; background-color: transparent\">Co poka\u017c\u0105 i, jak sko\u0144cz\u0105 si\u0119 dzisiejsze wybory w Polsce, zobaczymy. Powt\u00f3rz\u0119 jednak: pami\u0119tajcie, Drodzy Rodacy, pozostawienie tej w\u0142adzy przy rz\u0105dowym \u017c\u0142obie, to koniec Polski, to los, jaki szykujecie swoim dzieciom, z kt\u00f3rych ka\u017cde ju\u017c ma ponad 80 tysi\u0119cy z\u0142otych d\u0142ugu.<\/span><br \/>\n<\/strong><\/p>\n","protected":false},"excerpt":{"rendered":"<p>16 listopada, 2014 i w nast\u0119pnych dw\u00f3ch tygodniach po wyborach Polsce wyrz\u0105dzono najwi\u0119ksz\u0105 krzywd\u0119 od czasu Okr\u0105g\u0142ego Sto\u0142u. Zrobili to ludzie, kt\u00f3rzy podaj\u0105 si\u0119 za walcz\u0105cych pod \u201dsztandarami Solidarno\u015bci&#8221;.<\/p>\n","protected":false},"author":2,"featured_media":0,"comment_status":"open","ping_status":"open","sticky":false,"template":"","format":"standard","meta":[],"categories":[4],"tags":[],"_links":{"self":[{"href":"https:\/\/sporek.com\/blog\/index.php?rest_route=\/wp\/v2\/posts\/479"}],"collection":[{"href":"https:\/\/sporek.com\/blog\/index.php?rest_route=\/wp\/v2\/posts"}],"about":[{"href":"https:\/\/sporek.com\/blog\/index.php?rest_route=\/wp\/v2\/types\/post"}],"author":[{"embeddable":true,"href":"https:\/\/sporek.com\/blog\/index.php?rest_route=\/wp\/v2\/users\/2"}],"replies":[{"embeddable":true,"href":"https:\/\/sporek.com\/blog\/index.php?rest_route=%2Fwp%2Fv2%2Fcomments&post=479"}],"version-history":[{"count":0,"href":"https:\/\/sporek.com\/blog\/index.php?rest_route=\/wp\/v2\/posts\/479\/revisions"}],"wp:attachment":[{"href":"https:\/\/sporek.com\/blog\/index.php?rest_route=%2Fwp%2Fv2%2Fmedia&parent=479"}],"wp:term":[{"taxonomy":"category","embeddable":true,"href":"https:\/\/sporek.com\/blog\/index.php?rest_route=%2Fwp%2Fv2%2Fcategories&post=479"},{"taxonomy":"post_tag","embeddable":true,"href":"https:\/\/sporek.com\/blog\/index.php?rest_route=%2Fwp%2Fv2%2Ftags&post=479"}],"curies":[{"name":"wp","href":"https:\/\/api.w.org\/{rel}","templated":true}]}}