{"id":480,"date":"2014-12-02T00:41:37","date_gmt":"2014-12-02T04:41:37","guid":{"rendered":"http:\/\/sporek.com\/blog\/?p=480"},"modified":"2015-02-10T02:57:46","modified_gmt":"2015-02-10T06:57:46","slug":"na-dwoje-babka%e2%80%a6","status":"publish","type":"post","link":"https:\/\/sporek.com\/blog\/?p=480","title":{"rendered":"Na dwoje babka\u2026."},"content":{"rendered":"<p><span style=\"color: #000000; font-family: Verdana; font-size: 13px; font-style: normal; font-variant: normal; font-weight: normal; text-decoration: none; vertical-align: baseline; background-color: transparent\">Wypada najzwyczajniej pogratulowa\u0107 zwyci\u0119zcom, wi\u0119c &#8211; gratuluj\u0119. Ale trudno oprze\u0107 si\u0119 uczuciu pewnej zgagi i zniesmaczenia po tym wszystkim, czego \u015bwiadkami byli\u015bmy od 17 listopada. I trudno nie ukaza\u0107, jak podw\u00f3jne standardy dyktuj\u0105 polityczn\u0105 rzeczywisto\u015b\u0107 w mojej Ojczy\u017anie. I jest mi po prostu wstyd.<!--more--><\/span><\/p>\n<p><strong style=\"font-weight: normal\"><\/p>\n<p dir=\"ltr\" style=\"line-height: 1.15; margin-top: 0pt; margin-bottom: 0pt\"><span style=\"color: #000000; font-family: Verdana; font-size: 13px; font-style: normal; font-variant: normal; font-weight: normal; text-decoration: none; vertical-align: baseline; background-color: transparent\">Jak zmienia\u0142 si\u0119 stosunek Platformy Obywatelskiej do monitorowania uczciwo\u015bci wybor\u00f3w w Polsce: Bronis\u0142aw Komorowski, 20 wrze\u015bnia, 2007:<\/span><\/p>\n<p dir=\"ltr\" style=\"line-height: 1.15; margin-top: 0pt; margin-bottom: 0pt\"><span style=\"color: #000000; font-family: Verdana; font-size: 13px; font-style: normal; font-variant: normal; font-weight: normal; text-decoration: none; vertical-align: baseline; background-color: transparent\">\u201eNiewpuszczenie OBWE (obserwator\u00f3w europejskich) do Polski przynosi szkod\u0119 Polsce i jej opinii na \u015bwiecie i rodzi podejrzenia, \u017ce nie wszystko jest w porz\u0105dku. To powa\u017cny b\u0142\u0105d rz\u0105du. Polska sama siebie stawia w \u015bwietle podejrze\u0144. Przypominamy panu premierowi, \u017ce m\u00f3wi\u0142, \u017ce kto\u015b, kto nie ma nic na sumieniu, nie musi si\u0119 ba\u0107. Czego pan si\u0119 boi, panie premierze? Nieprzyj\u0119cie obserwator\u00f3w OBWE w Polsce oznacza, \u017ce Polska sam siebie stawia w \u015bwietle podejrze\u0144, \u017ce co\u015b tu jest do ukrycia\u201d.<\/span><\/p>\n<p dir=\"ltr\" style=\"line-height: 1.15; margin-top: 0pt; margin-bottom: 0pt\"><span style=\"color: #000000; font-family: Verdana; font-size: 13px; font-style: normal; font-variant: normal; font-weight: normal; text-decoration: none; vertical-align: baseline; background-color: transparent\">A tutaj kr\u00f3tki film z \u201ep\u0142omiennym\u201d przem\u00f3wieniem Bronis\u0142awa Komorowskiego:<\/span><a href=\"http:\/\/www.youtube.com\/watch?v=XEQazlk3KAI\" style=\"text-decoration: none\"><span style=\"color: #000000; font-family: Verdana; font-size: 13px; font-style: normal; font-variant: normal; font-weight: normal; text-decoration: none; vertical-align: baseline; background-color: transparent\"> <\/span><span style=\"color: #1155cc; font-family: Verdana; font-size: 13px; font-style: normal; font-variant: normal; font-weight: normal; text-decoration: underline; vertical-align: baseline; background-color: transparent\">http:\/\/www.youtube.com\/watch?v=XEQazlk3KAI<\/span><\/a><\/p>\n<p dir=\"ltr\" style=\"line-height: 1.15; margin-top: 0pt; margin-bottom: 0pt\"><span style=\"color: #000000; font-family: Verdana; font-size: 13px; font-style: normal; font-variant: normal; font-weight: normal; text-decoration: none; vertical-align: baseline; background-color: transparent\">Film ten zawiera wypowied\u017a z 2007 roku oraz wypowied\u017a z tego roku, w kt\u00f3rej pad\u0142y s\u0142ynne ju\u017c i, jak\u017ce obra\u017aliwe dla sporej cz\u0119\u015bci spo\u0142ecze\u0144stwa s\u0142owa o &#8222;odm\u0119tach szale\u0144stwa&#8221;.<\/span><\/p>\n<p dir=\"ltr\" style=\"line-height: 1.15; margin-top: 0pt; margin-bottom: 0pt\"><span style=\"color: #000000; font-family: Verdana; font-size: 13px; font-style: normal; font-variant: normal; font-weight: normal; text-decoration: none; vertical-align: baseline; background-color: transparent\">Trzeba tu zaznaczy\u0107, \u017ce ostatecznie, w 2007 roku\u00a0obserwatorzy OBWE przyjechali, obserwowali wybory i&#8230;nie z\u0142o\u017cyli wniosk\u00f3w o jakichkolwiek nieprawid\u0142owo\u015bciach. Wygra\u0142a Platforma, &#8211; pretensji \u017cadnych te\u017c nie zg\u0142asza\u0142a.<\/span><\/p>\n<p dir=\"ltr\" style=\"line-height: 1.15; margin-top: 0pt; margin-bottom: 0pt\"><span style=\"color: #000000; font-family: Verdana; font-size: 13px; font-style: normal; font-variant: normal; font-weight: normal; text-decoration: none; vertical-align: baseline; background-color: transparent\">Donald Tusk, kwiecie\u0144, 2014:<\/span><\/p>\n<p dir=\"ltr\" style=\"line-height: 1.15; margin-top: 0pt; margin-bottom: 0pt\"><span style=\"color: #000000; font-family: Verdana; font-size: 13px; font-style: normal; font-variant: normal; font-weight: normal; text-decoration: none; vertical-align: baseline; background-color: transparent\">\u201eJe\u015bli kto\u015b m\u00f3wi, \u017ce w Polsce trzeba alternatywnie liczy\u0107 g\u0142osy, to obra\u017ca Polsk\u0119 i wystawia \u015bwidectwo w\u0142asnej ojczy\u017anie, z\u0142e, czarne, niesprawiedliwe \u015bwiadectwo. To szkodzi Polsce.\u201d<\/span><\/p>\n<p dir=\"ltr\" style=\"line-height: 1.15; margin-top: 0pt; margin-bottom: 0pt\"><span style=\"color: #000000; font-family: Verdana; font-size: 13px; font-style: normal; font-variant: normal; font-weight: normal; text-decoration: none; vertical-align: baseline; background-color: transparent\">Dwa tygodnie temu \u00a0Ewa Kopacz wykrzykiwa\u0142a, \u017ce \u017c\u0105danie zaproszenia obserwator\u00f3w, to \u201edonoszenie\u201d na w\u0142asny kraj.<\/span><\/p>\n<p dir=\"ltr\" style=\"line-height: 1.15; margin-top: 0pt; margin-bottom: 0pt\"><span style=\"color: #000000; font-family: Verdana; font-size: 13px; font-style: normal; font-variant: normal; font-weight: normal; text-decoration: none; vertical-align: baseline; background-color: transparent\">Dzi\u015b, po ponad dw\u00f3ch tygodniach od pami\u0119tnego, 16 listopada wyniki wybor\u00f3w nadal s\u0105 &#8222;s\u0142odk\u0105 tajemnic\u0105&#8221; PKW, wiemy tylko o &#8222;druzgocz\u0105cym&#8221; zwyci\u0119stwie ludowc\u00f3w, na kt\u00f3rych g\u0142osowano nawet tam, gdzie nigdy przedtem na nich nie g\u0142osowano&#8230;<\/span><\/p>\n<p dir=\"ltr\" style=\"line-height: 1.15; margin-top: 0pt; margin-bottom: 0pt\"><span style=\"color: #000000; font-family: Verdana; font-size: 13px; font-style: normal; font-variant: normal; font-weight: normal; text-decoration: none; vertical-align: baseline; background-color: transparent\">Meldunk\u00f3w o nieprawid\u0142owo\u015bciach, nadu\u017cyciach i machlojkach przy ostatnich wyborach wp\u0142yn\u0119\u0142o ju\u017c grubo ponad 500 (pi\u0119\u0107set). Co zrobi\u0105 z tym s\u0119dziowie? Jestem pewien, \u017ce we wszystkich przypadkach dezycje s\u0105d\u00f3w b\u0119d\u0105 zgodne z obecnie panuj\u0105cymi &#8222;standardami&#8221;, czyli &#8222;Polacy, nic si\u0119 nie sta\u0142o&#8221;, a dok\u0142adnie: &#8222;zg\u0142oszone nadu\u017cycia nie wp\u0142yn\u0119\u0142y w spos\u00f3b istotny na ostateczne wyniki wybor\u00f3w&#8221;.<\/span><\/p>\n<p dir=\"ltr\" style=\"line-height: 1.15; margin-top: 0pt; margin-bottom: 0pt\"><span style=\"color: #000000; font-family: Verdana; font-size: 13px; font-style: normal; font-variant: normal; font-weight: normal; text-decoration: none; vertical-align: baseline; background-color: transparent\">A kto\u015b zna &#8222;ostateczne&#8221; wyniki wybor\u00f3w?<\/span><\/p>\n<p><\/strong><\/p>\n","protected":false},"excerpt":{"rendered":"<p>Wypada najzwyczajniej pogratulowa\u0107 zwyci\u0119zcom, wi\u0119c &#8211; gratuluj\u0119. Ale trudno oprze\u0107 si\u0119 uczuciu pewnej zgagi i zniesmaczenia po tym wszystkim, czego \u015bwiadkami byli\u015bmy od 17 listopada. I trudno nie ukaza\u0107, jak podw\u00f3jne standardy dyktuj\u0105 polityczn\u0105 rzeczywisto\u015b\u0107 w mojej Ojczy\u017anie. I jest mi po prostu wstyd.<\/p>\n","protected":false},"author":2,"featured_media":0,"comment_status":"open","ping_status":"open","sticky":false,"template":"","format":"standard","meta":[],"categories":[4],"tags":[],"_links":{"self":[{"href":"https:\/\/sporek.com\/blog\/index.php?rest_route=\/wp\/v2\/posts\/480"}],"collection":[{"href":"https:\/\/sporek.com\/blog\/index.php?rest_route=\/wp\/v2\/posts"}],"about":[{"href":"https:\/\/sporek.com\/blog\/index.php?rest_route=\/wp\/v2\/types\/post"}],"author":[{"embeddable":true,"href":"https:\/\/sporek.com\/blog\/index.php?rest_route=\/wp\/v2\/users\/2"}],"replies":[{"embeddable":true,"href":"https:\/\/sporek.com\/blog\/index.php?rest_route=%2Fwp%2Fv2%2Fcomments&post=480"}],"version-history":[{"count":0,"href":"https:\/\/sporek.com\/blog\/index.php?rest_route=\/wp\/v2\/posts\/480\/revisions"}],"wp:attachment":[{"href":"https:\/\/sporek.com\/blog\/index.php?rest_route=%2Fwp%2Fv2%2Fmedia&parent=480"}],"wp:term":[{"taxonomy":"category","embeddable":true,"href":"https:\/\/sporek.com\/blog\/index.php?rest_route=%2Fwp%2Fv2%2Fcategories&post=480"},{"taxonomy":"post_tag","embeddable":true,"href":"https:\/\/sporek.com\/blog\/index.php?rest_route=%2Fwp%2Fv2%2Ftags&post=480"}],"curies":[{"name":"wp","href":"https:\/\/api.w.org\/{rel}","templated":true}]}}