{"id":481,"date":"2014-12-12T01:53:35","date_gmt":"2014-12-12T05:53:35","guid":{"rendered":"http:\/\/sporek.com\/blog\/?p=481"},"modified":"2014-12-12T02:00:37","modified_gmt":"2014-12-12T06:00:37","slug":"a-nie-mowilem%e2%80%a6","status":"publish","type":"post","link":"https:\/\/sporek.com\/blog\/?p=481","title":{"rendered":"A nie m\u00f3wilem\u2026?"},"content":{"rendered":"<p><strong style=\"font-weight: normal\"><\/p>\n<p dir=\"ltr\" style=\"line-height: 1.15; margin-top: 0pt; margin-bottom: 0pt\" id=\"docs-internal-guid-c28c85c2-3d0d-f8b4-507d-abc22c6ca8bc\"><span style=\"color: #000000; font-family: Verdana; font-size: 13px; font-style: normal; font-variant: normal; font-weight: normal; text-decoration: none; vertical-align: baseline; background-color: transparent\">Gdyby \u017cy\u0142 \u015bp. Andrzej Lepper, tak w\u0142a\u015bnie by zapyta\u0142.<\/span><\/p>\n<p dir=\"ltr\" style=\"line-height: 1.15; margin-top: 0pt; margin-bottom: 0pt\"><span style=\"color: #000000; font-family: Verdana; font-size: 13px; font-style: normal; font-variant: normal; font-weight: normal; text-decoration: none; vertical-align: baseline; background-color: transparent\">-Tajne wi\u0119zienie CIA. Uznano go za idiot\u0119. Ale sedno sytuacji Polski, ju\u017c 13 lat temu, zmar\u0142y w niejasnej sytuacji przewodnicz\u0105cy Samoobrony na\u015bwietli\u0142 niezwykle dok\u0142adnie. <!--more-->Je\u015bli u\u015bwiadomimy sobie w jaki marazm \u201cwyzwoliciele\u201d Polski z Wa\u0142\u0119s\u0105 na czele wp\u0119dzili nasz\u0105 Ojczyzn\u0119, to pytanie rodzi si\u0119 samo: jakie szanse ma Polska na odbicie si\u0119 z tego zamulonego dna?<\/span><\/p>\n<p dir=\"ltr\" style=\"line-height: 1.15; margin-top: 0pt; margin-bottom: 0pt\"><span style=\"color: #000000; font-family: Verdana; font-size: 13px; font-style: normal; font-variant: normal; font-weight: normal; text-decoration: none; vertical-align: baseline; background-color: transparent\">Andrzej Lepper poszed\u0142 wtedy jeszcze dalej: wymieni\u0142 z nazwiska pos\u0142\u00f3w i ministr\u00f3w, kt\u00f3rym r\u00f3wnie\u017c \u201czacytowa\u0142\u201d sumy pieni\u0119dzy, jakie brali w r\u00f3\u017cnych miejscach i okoliczno\u015bciach, m\u00f3wi\u0142 przekr\u0119tach, jakie robili, za kt\u00f3re nigdy nie zostali nie tylko, \u017ce nie skazaniIm si\u0119 nadal dobrze \u017cyje Gdyby ukradli prywatnie Tuskowi, Buzkowi, Kwa\u015bniewskiemu, Wa\u0142\u0119sie, czy Belce, oj mieliby problem. Ale oni ukradli pa\u0144stwu, oni pa\u0144stwo narazili na straty No, i co z tego.Przecie\u017c to nasi kumple. Dzi\u015b wida\u0107, \u017ce kra\u015b\u0107, oszukiwa\u0107 i bogaci\u0107 si\u0119 na rachunek pa\u0144stwa, to rodzaj \u201chonoru\u201d, to nobilitacja. Film, do kt\u00f3rego za\u0142\u0105czam link jest na pocz\u0105tku kilkakrotnie przerywany. Warto jednak wys\u0142ucha\u0107, co ten polityk m\u00f3wi\u0142 z sejmowej m\u00f3wnicy. I to w 2001 roku!<\/span><\/p>\n<p dir=\"ltr\" style=\"line-height: 1.15; margin-top: 0pt; margin-bottom: 0pt\"><a href=\"https:\/\/www.youtube.com\/watch?v=A2EFjHIyD-Y\" style=\"text-decoration: none\"><span style=\"color: #1155cc; font-family: Verdana; font-size: 13px; font-style: normal; font-variant: normal; font-weight: normal; text-decoration: underline; vertical-align: baseline; background-color: transparent\">https:\/\/www.youtube.com\/watch?v=A2EFjHIyD-Y<\/span><\/a><\/p>\n<p dir=\"ltr\" style=\"line-height: 1.15; margin-top: 0pt; margin-bottom: 0pt\"><span style=\"color: #000000; font-family: Verdana; font-size: 13px; font-style: normal; font-variant: normal; font-weight: normal; text-decoration: none; vertical-align: baseline; background-color: transparent\">Co si\u0119 zmieni\u0142o? Nic. No, mo\u017ce opr\u00f3cz tego, \u017ce jest po prostu gorzej:<\/span><\/p>\n<p dir=\"ltr\" style=\"line-height: 1.15; margin-top: 0pt; margin-bottom: 0pt\"><span style=\"color: #000000; font-family: Verdana; font-size: 13px; font-style: normal; font-variant: normal; font-weight: normal; text-decoration: none; vertical-align: baseline; background-color: transparent\">Od pi\u0119ciu lat s\u0119dzia s\u0105du najwy\u017cszego, przy\u0142apany \u201cta\u015bmowo\u201d na instruowaniu, jak poprawi\u0107 powa\u017cny dokument o kasacji, za czym sta\u0142o te\u017c wyre\u017cyserowane wr\u0119czenie mu \u0142ap\u00f3wki, nadal sobie urz\u0119duje, bierze lukratywne pensje\u2026 Prokuratuje analizuje spraw\u0119\u2026 \u00a0Sprawa podr\u00f3\u017cy Sikorskiego doko\u0142a \u015bwiata i to wzd\u0142u\u017c R\u00f3wnika rozejdzie si\u0119 po ko\u015bciach, to pewne. 1.100 km miesi\u0119cznie! Kiedy ten facet pracowa\u0142? Vice- minister zdrowia, Neuman \u201cdolecia\u0142\u201d do Ksi\u0119\u017cyca, za pa\u0144stwowe pieni\u0105dze, wydaj\u0105c, w dw\u00f3ch, kolejnych latach 35 tysi\u0119cy z\u0142otych na paliwo. Mo\u017cna g\u0142osowa\u0107 za podwy\u017ck\u0105 cen benzyny. Im p\u0142aci spo\u0142ecze\u0144stwo. <\/span><\/p>\n<p dir=\"ltr\" style=\"line-height: 1.15; margin-top: 0pt; margin-bottom: 0pt\"><span style=\"color: #000000; font-family: Verdana; font-size: 13px; font-style: normal; font-variant: normal; font-weight: normal; text-decoration: none; vertical-align: baseline; background-color: transparent\">Zapraszam moich adwersa\u017cy do poparcia tego typu zachowa\u0144. Zapraszam do dania \u015bwiadectwa t\u0119pocie, oboj\u0119tno\u015bci i m\u00f3wienia na przek\u00f3r tylko po to, \u017ceby co\u015b powiedzie\u0107. Mo\u017cna by\u0107 \u015blepym, ale g\u0142uchym jednocze\u015bnie, to ju\u017c jaki\u015b wybryk natury. <\/span><\/p>\n<p dir=\"ltr\" style=\"line-height: 1.15; margin-top: 0pt; margin-bottom: 0pt\"><span style=\"color: #000000; font-family: Verdana; font-size: 13px; font-style: normal; font-variant: normal; font-weight: normal; text-decoration: none; vertical-align: baseline; background-color: transparent\">A my do dzi\u015b nie wiemy, jakie s\u0105 wyniki wybor\u00f3w, czy ktokolwiek poniesie odpowiedzialno\u015b\u0107 za ten burdel. Kochajcie Platform\u0119, kochajcie Tuska, czyli kochajcie aferzyst\u00f3w, kochajcie z\u0142odziei, kochajcie wrog\u00f3w Polski i tych wszystkich, kt\u00f3rzy zgotowali jej los najbardziej zad\u0142u\u017conego pa\u0144stwa wszechczas\u00f3w. Kochajcie tych, kt\u00f3rzy chc\u0105 zdejmowa\u0107 krzy\u017ce, kochajcie Nardela i Czubaszek, kochajcie MPiK, bo ich promuje. Kochajcie ca\u0142e z\u0142o, kt\u00f3rym zara\u017cona jest Polska. Sied\u017acie cicho i krytykujcie tych, kt\u00f3rzy o tym m\u00f3wi\u0105, \u015bcigajcie tych, kt\u00f3rzy odkrywaj\u0105 afery, ka\u017ccie tych, kt\u00f3rzy domagaj\u0105 si\u0119 zmian. Bo nie wolno. Bo tak powiedzia\u0142 facet z pa\u0142acu prezydenckiego, tak powiedzia\u0142a pani z fotela premierowskiego.<\/span><\/p>\n<p dir=\"ltr\" style=\"line-height: 1.15; margin-top: 0pt; margin-bottom: 0pt\"><span style=\"color: #000000; font-family: Verdana; font-size: 13px; font-style: normal; font-variant: normal; font-weight: normal; text-decoration: none; vertical-align: baseline; background-color: transparent\">Europa jest przera\u017cona dokumentem, jaki profesorowie Legutko i Krasnod\u0119bski przestawili w parlamencie europejskim, ale na kogo spadnie odium tej kompromitacji? Oczywi\u015bcie na Profesor\u00f3w. Bo Gajowy zabroni\u0142 m\u00f3wi\u0107 o sfa\u0142szowaniu wybor\u00f3w i wys\u0142a\u0142 wszystkich do \u201codm\u0119t\u00f3w szale\u0144stwa\u201d. Trzy miliony idiot\u00f3w, kt\u00f3rzy nie potrafili postawi\u0107 prawid\u0142owo krzy\u017cyka! Niech w to wierz\u0105 idioci. Najbardziej ulubionym zwrotem rz\u0105dz\u0105cych jest \u201cspraw\u0119 uwa\u017camy za zamkni\u0119t\u0105\u201d. Basta! Nie b\u0119dzie sprawy Sikorskiego, Neumana, Halickiego, Iwi\u0144skiego. Zwolennicy Platformy wiedz\u0105 tylko o Hofmanie, Rogackim i Kami\u0144skim &#8211; pojechali do Madrytu. To nawet nie jest jedna dziesi\u0105ta dooko\u0142a \u015bwiata, czy na Ksi\u0119\u017cyc. Ale, jaka jest r\u00f3\u017cnica mi\u0119dzy tymi trzema, a tymi wymienionymi wy\u017cej? Ich ju\u017c nie ma, zostali usuni\u0119ci, a tamci: Halicki, Iwinski, Sikorski, Neuman? &#8211; Maj\u0105 si\u0119 dobrze i p\u00f3ki Platforma \u017cyje, w\u0142os im z g\u0142owy nie spadnie. Chocia\u017c co\u015b mi si\u0119 wydaje, \u017ce Sikorski jest na wylocie, ale to nie z powodu rajd\u00f3w samochodowych. On jest przeznaczony na \u015bci\u0119cie ju\u017c od pewnego czasu. Oby mi si\u0119 spe\u0142ni\u0142o. Przynajmniej tyle. <\/span><\/p>\n<p dir=\"ltr\" style=\"line-height: 1.15; margin-top: 0pt; margin-bottom: 0pt\"><span style=\"color: #000000; font-family: Verdana; font-size: 13px; font-style: normal; font-variant: normal; font-weight: normal; text-decoration: none; vertical-align: baseline; background-color: transparent\">I na koniec, daj\u0105ca powa\u017cne powody do niepokoju wypowied\u017a \u201cnajwa\u017cniejszego cz\u0142owieka Europy,\u201d Donaldinio Tuska. o\u015bwiadczy\u0142 on, ni mniej, ni wi\u0119cej tylko tyle,<\/span><span style=\"color: #000000; font-family: Verdana; font-size: 13px; font-style: normal; font-variant: normal; font-weight: bold; text-decoration: none; vertical-align: baseline; background-color: transparent\"> \u017ce Polska na rzecz Europy b\u0119dzie musia\u0142a si\u0119 po\u015bwi\u0119ci\u0107.<\/span><\/p>\n<p><\/strong><strong style=\"font-weight: normal\"><span style=\"color: #000000; font-family: Verdana; font-size: 13px; font-style: normal; font-variant: normal; font-weight: normal; text-decoration: none; vertical-align: baseline; background-color: transparent\">Mo\u017ce eksperci od mi\u0142o\u015bci do Platfomy i Donalda wyja\u015bni\u0105, \u00a0co autor mia\u0142 na my\u015bli?<\/span><br \/>\n<\/strong><\/p>\n","protected":false},"excerpt":{"rendered":"<p>Gdyby \u017cy\u0142 \u015bp. Andrzej Lepper, tak w\u0142a\u015bnie by zapyta\u0142. -Tajne wi\u0119zienie CIA. Uznano go za idiot\u0119. Ale sedno sytuacji Polski, ju\u017c 13 lat temu, zmar\u0142y w niejasnej sytuacji przewodnicz\u0105cy Samoobrony na\u015bwietli\u0142 niezwykle dok\u0142adnie.<\/p>\n","protected":false},"author":2,"featured_media":0,"comment_status":"open","ping_status":"open","sticky":false,"template":"","format":"standard","meta":[],"categories":[4],"tags":[],"_links":{"self":[{"href":"https:\/\/sporek.com\/blog\/index.php?rest_route=\/wp\/v2\/posts\/481"}],"collection":[{"href":"https:\/\/sporek.com\/blog\/index.php?rest_route=\/wp\/v2\/posts"}],"about":[{"href":"https:\/\/sporek.com\/blog\/index.php?rest_route=\/wp\/v2\/types\/post"}],"author":[{"embeddable":true,"href":"https:\/\/sporek.com\/blog\/index.php?rest_route=\/wp\/v2\/users\/2"}],"replies":[{"embeddable":true,"href":"https:\/\/sporek.com\/blog\/index.php?rest_route=%2Fwp%2Fv2%2Fcomments&post=481"}],"version-history":[{"count":0,"href":"https:\/\/sporek.com\/blog\/index.php?rest_route=\/wp\/v2\/posts\/481\/revisions"}],"wp:attachment":[{"href":"https:\/\/sporek.com\/blog\/index.php?rest_route=%2Fwp%2Fv2%2Fmedia&parent=481"}],"wp:term":[{"taxonomy":"category","embeddable":true,"href":"https:\/\/sporek.com\/blog\/index.php?rest_route=%2Fwp%2Fv2%2Fcategories&post=481"},{"taxonomy":"post_tag","embeddable":true,"href":"https:\/\/sporek.com\/blog\/index.php?rest_route=%2Fwp%2Fv2%2Ftags&post=481"}],"curies":[{"name":"wp","href":"https:\/\/api.w.org\/{rel}","templated":true}]}}