{"id":483,"date":"2014-12-24T00:51:07","date_gmt":"2014-12-24T04:51:07","guid":{"rendered":"http:\/\/sporek.com\/blog\/?p=483"},"modified":"2014-12-24T00:53:14","modified_gmt":"2014-12-24T04:53:14","slug":"zyczenia-2","status":"publish","type":"post","link":"https:\/\/sporek.com\/blog\/?p=483","title":{"rendered":"\u017cyczenia"},"content":{"rendered":"<p><strong style=\"font-weight: normal\"><\/p>\n<p dir=\"ltr\" style=\"line-height: 1.15; margin-top: 0pt; margin-bottom: 0pt\" id=\"docs-internal-guid-b5dc1faa-7aa0-2ea0-af0c-68a4275f66c1\"><span style=\"color: #ff0000; font-family: Verdana; font-size: 13px; font-style: normal; font-variant: normal; font-weight: bold; text-decoration: none; vertical-align: baseline; background-color: transparent\">Bo\u017ce Narodzenie, 2014<\/span><\/p>\n<p dir=\"ltr\" style=\"line-height: 1.15; margin-top: 0pt; margin-bottom: 0pt\"><span style=\"color: #ff0000; font-family: Verdana; font-size: 13px; font-style: normal; font-variant: normal; font-weight: bold; text-decoration: none; vertical-align: baseline; background-color: transparent\">Wszystkim Czytelnikom mojego bloga; tym, kt\u00f3rzy si\u0119 ze mn\u0105 zgadzaj\u0105 i tym, kt\u00f3rzy maj\u0105 odmienne pogl\u0105dy i opinie sk\u0142adam najserdeczniejsze \u017cyczenia zdrowych, spokojnych i B\u0142ogos\u0142awionych \u015awi\u0105t Bo\u017cego Narodzenia. Niech dyskusje zamieni\u0105 si\u0119 w konstruktywn\u0105 polemik\u0119, a dyskutuj\u0105cy niech oka\u017c\u0105 sobie wzajemny szacunek do swoich pogl\u0105d\u00f3w, niech naszym celem stanie si\u0119 dobro nas wszystkich w oparciu o dobro naszej Ojczyzny.<\/span><\/p>\n<p dir=\"ltr\" style=\"line-height: 1.15; margin-top: 0pt; margin-bottom: 0pt\"><span style=\"color: #ff0000; font-family: Verdana; font-size: 16px; font-style: normal; font-variant: normal; font-weight: bold; text-decoration: none; vertical-align: baseline; background-color: transparent\">\u017c<\/span><span style=\"color: #ff0000; font-family: Verdana; font-size: 13px; font-style: normal; font-variant: normal; font-weight: bold; text-decoration: none; vertical-align: baseline; background-color: transparent\">ycz\u0119 wszystkim, aby Nowy, 2015 Rok by\u0142 rokiem spe\u0142nienia Waszych, naszych cel\u00f3w, plan\u00f3w, pragnie\u0144 i marze\u0144 i niech zawsze b\u0119dzie gdzie\u015b tam w naszych umys\u0142ach \u015bwiadomo\u015b\u0107, \u017ce wszyscy, w jaki\u015b spos\u00f3b jeste\u015bmy okaleczni emigracj\u0105; przymusow\u0105, czy te\u017c z wyboru, ale zawsze to jednak z dala od Ojczyzny. Tym bardziej my, tu na obcej ziemi powinni\u015bmy trzyma\u0107 si\u0119 razem. Aby wszystko nam si\u0119 jako\u015b uk\u0142ada\u0142o potrzebne jest nam zdrowie i tego \u017cycz\u0119 Wam wszystkim i sobie te\u017c, najbardziej.<\/span><\/p>\n<p dir=\"ltr\" style=\"line-height: 1.15; margin-top: 0pt; margin-bottom: 0pt\"><span style=\"color: #ff0000; font-family: Verdana; font-size: 13px; font-style: normal; font-variant: normal; font-weight: bold; text-decoration: none; vertical-align: baseline; background-color: transparent\">Dzi\u0119kuj\u0119, \u017ce czytacie, dzi\u0119kuj\u0119, \u017ce komentujecie, dzi\u0119kuj\u0119, \u017ce jeste\u015bcie. Niech B\u00f3g b\u0142ogos\u0142awi nam wszystkim.<\/span><\/p>\n<p><\/strong><strong style=\"font-weight: normal\"><span style=\"color: #ff0000; font-family: Verdana; font-size: 12px; font-style: italic; font-variant: normal; font-weight: normal; text-decoration: none; vertical-align: baseline; background-color: transparent\">Janusz sporek<\/span><br \/>\n<\/strong><\/p>\n","protected":false},"excerpt":{"rendered":"<p>Bo\u017ce Narodzenie, 2014 Wszystkim Czytelnikom mojego bloga; tym, kt\u00f3rzy si\u0119 ze mn\u0105 zgadzaj\u0105 i tym, kt\u00f3rzy maj\u0105 odmienne pogl\u0105dy i opinie sk\u0142adam najserdeczniejsze \u017cyczenia zdrowych, spokojnych i B\u0142ogos\u0142awionych \u015awi\u0105t Bo\u017cego Narodzenia. Niech dyskusje zamieni\u0105 si\u0119 w konstruktywn\u0105 polemik\u0119, a dyskutuj\u0105cy niech oka\u017c\u0105 sobie wzajemny szacunek do swoich pogl\u0105d\u00f3w, niech naszym celem stanie si\u0119 dobro nas [&hellip;]<\/p>\n","protected":false},"author":2,"featured_media":0,"comment_status":"open","ping_status":"open","sticky":false,"template":"","format":"standard","meta":[],"categories":[1],"tags":[],"_links":{"self":[{"href":"https:\/\/sporek.com\/blog\/index.php?rest_route=\/wp\/v2\/posts\/483"}],"collection":[{"href":"https:\/\/sporek.com\/blog\/index.php?rest_route=\/wp\/v2\/posts"}],"about":[{"href":"https:\/\/sporek.com\/blog\/index.php?rest_route=\/wp\/v2\/types\/post"}],"author":[{"embeddable":true,"href":"https:\/\/sporek.com\/blog\/index.php?rest_route=\/wp\/v2\/users\/2"}],"replies":[{"embeddable":true,"href":"https:\/\/sporek.com\/blog\/index.php?rest_route=%2Fwp%2Fv2%2Fcomments&post=483"}],"version-history":[{"count":0,"href":"https:\/\/sporek.com\/blog\/index.php?rest_route=\/wp\/v2\/posts\/483\/revisions"}],"wp:attachment":[{"href":"https:\/\/sporek.com\/blog\/index.php?rest_route=%2Fwp%2Fv2%2Fmedia&parent=483"}],"wp:term":[{"taxonomy":"category","embeddable":true,"href":"https:\/\/sporek.com\/blog\/index.php?rest_route=%2Fwp%2Fv2%2Fcategories&post=483"},{"taxonomy":"post_tag","embeddable":true,"href":"https:\/\/sporek.com\/blog\/index.php?rest_route=%2Fwp%2Fv2%2Ftags&post=483"}],"curies":[{"name":"wp","href":"https:\/\/api.w.org\/{rel}","templated":true}]}}