{"id":484,"date":"2015-01-27T15:53:45","date_gmt":"2015-01-27T19:53:45","guid":{"rendered":"http:\/\/sporek.com\/blog\/?p=484"},"modified":"2015-01-27T15:55:39","modified_gmt":"2015-01-27T19:55:39","slug":"70-rocznica","status":"publish","type":"post","link":"https:\/\/sporek.com\/blog\/?p=484","title":{"rendered":"70 rocznica"},"content":{"rendered":"<p><span style=\"color: #000000; font-family: Verdana; font-size: 13px; font-style: normal; font-variant: normal; font-weight: normal; text-decoration: none; vertical-align: baseline; background-color: transparent\">70 lat temu wyzwolono wi\u0119\u017ani\u00f3w z obozu koncentracyjnego w O\u015bwi\u0119cimiu. I, jak zwykle musia\u0142o doj\u015b\u0107 do momentu wstydu; nie znalaz\u0142y si\u0119 miejsca dla dwojga, \u017cyj\u0105cych dzieci Rotmistrza Pileckiego. <!--more-->Da\u0142 si\u0119 uwi\u0119zi\u0107, za\u0142o\u017cy\u0142 nawet organizacj\u0119 wi\u0119zienn\u0105, a potem brawurowa ucieczka i informowanie \u015bwiata o bestialstwie niemieckich nazist\u00f3w. Dzieci Rotmistrza nie wiedz\u0105, gdzie jest jego gr\u00f3b, czy w og\u00f3le jest. Okrutnie torturowany przez s\u0142u\u017cby bezpiecze\u0144stwa podleg\u0142ej ruskiemu bandycie, Polsce otrzyma\u0142 \u015bmiertelny strza\u0142 w ty\u0142 g\u0142owy. Miesi\u0105c p\u00f3\u017aniej wdowie po Rotmistrzu s\u0142u\u017cby wi\u0119zienne oznajmi\u0142y, \u017ce czuje si\u0119 on dobrze i niebawem wyjdzie na wolno\u015b\u0107, ale na razie nie mo\u017ce si\u0119 ona z nim zobaczy\u0107. Czego obawiali si\u0119 organizatorzy obchod\u00f3w wyzwolenia obozu? Bartoszewskiego, kt\u00f3ry kiedy\u015b sprzeciwi\u0142 si\u0119 przyznaniu Orderu Or\u0142a Bia\u0142ego Pileckiemu, a sam w dziwny spos\u00f3b wyszed\u0142 z obozu na L-4? Czy obawiali si\u0119 \u017byd\u00f3w, kt\u00f3rych jedynym bohaterem jest Karski, ale dziwnym zbiegiem okoliczno\u015bci, to nie oni, a Polacy buduj\u0105 \u201c\u0142aweczki Karskiego\u201d i to pod polskimi, a nie pod izraelskimi konsulatami.<\/span><\/p>\n<p><strong style=\"font-weight: normal\"><\/p>\n<p dir=\"ltr\" style=\"line-height: 1.15; margin-top: 0pt; margin-bottom: 0pt\"><span style=\"color: #000000; font-family: Verdana; font-size: 13px; font-style: normal; font-variant: normal; font-weight: normal; text-decoration: none; vertical-align: baseline; background-color: transparent\">Gdzie by\u0142 \u017cyrandolowy prezydent, \u017ceby zaprotestowa\u0107 i zachowa\u0107 si\u0119, jak patriota? Du\u017co m\u00f3wi\u0142 o poszanowaniu wolno\u015bci, ostrzega\u0142 przed losem, jak zgotowa\u0142 ludziom Hitler, ale jako\u015b dziwnie unika\u0142 okre\u015blenia \u201cniemieccy nazi\u015bci\u201d. <\/span><\/p>\n<p dir=\"ltr\" style=\"line-height: 1.15; margin-top: 0pt; margin-bottom: 0pt\"><span style=\"color: #000000; font-family: Verdana; font-size: 13px; font-style: normal; font-variant: normal; font-weight: normal; text-decoration: none; vertical-align: baseline; background-color: transparent\">No, ale ma wstydu, gdy obiecuje si\u0119 wyr\u00f3wnanie krzywd w wysoko\u015bci miliard\u00f3w dolar\u00f3w. Krzywd, kt\u00f3rych nie wyrz\u0105dzi\u0142a Polska. Krzywd, kt\u00f3re w\u0142a\u015bnie wyrz\u0105dzili niemieccy nazi\u015bci. \u201cKr\u00f3l Europy\u201d (obecny), niejaki Donald Tusk obieca\u0142 i, jak wida\u0107 s\u0142owa dotrzymuje. Polska b\u0119dzie p\u0142aci\u0107. A \u201ckr\u00f3l\u201d da\u0142 n<\/span><span style=\"color: #000000; font-family: Arial; font-size: 15px; font-style: normal; font-variant: normal; font-weight: normal; text-decoration: none; vertical-align: baseline; background-color: transparent\">og\u0119. I jestem pewien, \u017ce, jako wysokich lot\u00f3w historyk niewiele wie o Rotmistrzu Pileckim.<\/span><\/p>\n<p><\/strong><\/p>\n","protected":false},"excerpt":{"rendered":"<p>70 lat temu wyzwolono wi\u0119\u017ani\u00f3w z obozu koncentracyjnego w O\u015bwi\u0119cimiu. I, jak zwykle musia\u0142o doj\u015b\u0107 do momentu wstydu; nie znalaz\u0142y si\u0119 miejsca dla dwojga, \u017cyj\u0105cych dzieci Rotmistrza Pileckiego.<\/p>\n","protected":false},"author":2,"featured_media":0,"comment_status":"open","ping_status":"open","sticky":false,"template":"","format":"standard","meta":[],"categories":[4],"tags":[],"_links":{"self":[{"href":"https:\/\/sporek.com\/blog\/index.php?rest_route=\/wp\/v2\/posts\/484"}],"collection":[{"href":"https:\/\/sporek.com\/blog\/index.php?rest_route=\/wp\/v2\/posts"}],"about":[{"href":"https:\/\/sporek.com\/blog\/index.php?rest_route=\/wp\/v2\/types\/post"}],"author":[{"embeddable":true,"href":"https:\/\/sporek.com\/blog\/index.php?rest_route=\/wp\/v2\/users\/2"}],"replies":[{"embeddable":true,"href":"https:\/\/sporek.com\/blog\/index.php?rest_route=%2Fwp%2Fv2%2Fcomments&post=484"}],"version-history":[{"count":0,"href":"https:\/\/sporek.com\/blog\/index.php?rest_route=\/wp\/v2\/posts\/484\/revisions"}],"wp:attachment":[{"href":"https:\/\/sporek.com\/blog\/index.php?rest_route=%2Fwp%2Fv2%2Fmedia&parent=484"}],"wp:term":[{"taxonomy":"category","embeddable":true,"href":"https:\/\/sporek.com\/blog\/index.php?rest_route=%2Fwp%2Fv2%2Fcategories&post=484"},{"taxonomy":"post_tag","embeddable":true,"href":"https:\/\/sporek.com\/blog\/index.php?rest_route=%2Fwp%2Fv2%2Ftags&post=484"}],"curies":[{"name":"wp","href":"https:\/\/api.w.org\/{rel}","templated":true}]}}