{"id":486,"date":"2015-02-10T02:56:45","date_gmt":"2015-02-10T06:56:45","guid":{"rendered":"http:\/\/sporek.com\/blog\/?p=486"},"modified":"2015-02-10T03:07:32","modified_gmt":"2015-02-10T07:07:32","slug":"woda-i-mrozdialog","status":"publish","type":"post","link":"https:\/\/sporek.com\/blog\/?p=486","title":{"rendered":"Woda i mr\u00f3z=dialog"},"content":{"rendered":"<p><span style=\"color: #000000; font-family: Verdana; font-size: 13px; font-style: normal; font-variant: normal; font-weight: normal; text-decoration: none; vertical-align: baseline; background-color: transparent\">Armatki wodne przeciwko g\u00f3rnikom, &#8211; tak wygl\u0105da dialog ze \u015bwiatem pracy pod rz\u0105dami Ewy K\u0142amacz, jak s\u0142usznie nazwa\u0142 \u201crejonow\u0105 docht\u00f3rk\u0119\u201d, pe\u0142ni\u0105c\u0105 obowi\u0105zki premiera, Janusz Rewi\u0144ski. <!--more-->A tyle mia\u0142a o dialogu do powiedzenia w swoim expose\u2026 Zrobiono z g\u00f3rnik\u00f3w niewolnik\u00f3w. Jaka jest r\u00f3\u017cnica mi\u0119dzy stanem wojennym z czas\u00f3w PZPR-ZSL, a demokracj\u0105 w III RP za rz\u0105d\u00f3w PO-PSL? Nie ma \u017cadnej. Jeszcze niedawno \u015bpiewa\u0142 z g\u00f3rnikami by\u0142y (Bogu dzi\u0119ki) premier i by\u0142a (Bogu dzi\u0119ki) ministra od wszystkiego. Oboje zwiali do Europy. Z\u0142ot\u00f3wki ju\u017c im tak \u015bmierdzia\u0142y, \u017ce wbrew temu, co m\u00f3wi\u0142 w\u0142a\u015bnie by\u0142y premier, \u017ce Polska jest dla niego du\u017co wa\u017cniejsza, ni\u017c funkcje w Europie, sprzeda\u0142 si\u0119 za euro.<\/span><\/p>\n<p><strong style=\"font-weight: normal\"><\/p>\n<p dir=\"ltr\" style=\"line-height: 1.38; margin-top: 0pt; margin-bottom: 0pt\"><span style=\"color: #000000; font-family: Verdana; font-size: 13px; font-style: normal; font-variant: normal; font-weight: normal; text-decoration: none; vertical-align: baseline; background-color: transparent\">Niemcy odrzuci\u0142y GMO, ustaw\u0119 przemocow\u0105, obni\u017cy\u0142y wiek emerytalny, dofinansowa\u0142y stocznie, banki i fabryki samochod\u00f3w; wykupi\u0142y p\u00f3\u0142 Polski, w tym pok\u0142ady w\u0119gla &#8211; otwieraj\u0105 kopalni\u0119, bo si\u0119 op\u0142aca. Sprzedajny i zak\u0142amany rz\u0105d Polski nie widzi op\u0142acalno\u015bci w niczym, co mog\u0142oby Polsk\u0119 wyci\u0105gn\u0105\u0107 z marazmu, w jaki j\u0105 wp\u0119dzi\u0142. <\/span><\/p>\n<p dir=\"ltr\" style=\"line-height: 1.38; margin-top: 0pt; margin-bottom: 0pt\"><span style=\"color: #000000; font-family: Verdana; font-size: 13px; font-style: normal; font-variant: normal; font-weight: normal; text-decoration: none; vertical-align: baseline; background-color: transparent\">Ju\u017c widz\u0119 te komentarze: wieje od pana z\u0142o\u015bci\u0105, nienawi\u015bci\u0105, itp. Tak, jestem w\u015bciek\u0142y i nie bed\u0119 ukrywa\u0142, bo takiego dna ludzkiego, jakie reprezentuj\u0105 obecni rzadz\u0105cy nie widzia\u0142em nawet w komitecie centralnym PZPR.<\/span><\/p>\n<p dir=\"ltr\" style=\"line-height: 1.38; margin-top: 0pt; margin-bottom: 0pt\"><span style=\"color: #000000; font-family: Verdana; font-size: 13px; font-style: normal; font-variant: normal; font-weight: normal; text-decoration: none; vertical-align: baseline; background-color: transparent\">Dlaczego w szpitalach chorzy musz\u0105 p\u0142aci\u0107 za ogl\u0105danie telewizji, a w wi\u0119zieniach przest\u0119pcy mog\u0105 sobie ogl\u0105da\u0107 do woli i za friko? Odpowied\u017a jest tylko jedna: nie mo\u017ce by\u0107 inaczej, bo prawo ustanawiaj\u0105 przest\u0119pcy.<\/span><\/p>\n<p dir=\"ltr\" style=\"line-height: 1.38; margin-top: 0pt; margin-bottom: 0pt\"><span style=\"color: #000000; font-family: Verdana; font-size: 13px; font-style: normal; font-variant: normal; font-weight: normal; text-decoration: none; vertical-align: baseline; background-color: transparent\">Jak\u017ce si\u0119 ciesz\u0119, \u017ce za\u015bwieci\u0142o \u015bwiate\u0142ko w tym cholernym, ciemnym tunelu. Andrzej Duda! Swoim niesamowitym przem\u00f3wieniem wprowadzi\u0142 w stan najwy\u017cszej norwowo\u015bci celebryt\u00f3w z <\/span><span style=\"color: #000000; font-family: Verdana; font-size: 13px; font-style: italic; font-variant: normal; font-weight: normal; text-decoration: none; vertical-align: baseline; background-color: transparent\">tefauenu<\/span><span style=\"color: #000000; font-family: Verdana; font-size: 13px; font-style: normal; font-variant: normal; font-weight: normal; text-decoration: none; vertical-align: baseline; background-color: transparent\">. Pyta prezenter TVN, redaktora Warzech\u0119, czy dostaje pieni\u0105dze za pozytywne oceny przem\u00f3wienia Dudy. Sam zapomnia\u0142, \u017ce bierze i to du\u017ce, za wychwalanie obecnej w\u0142adzy. Tak zawsze jest, &#8211; najg\u0142o\u015bniej z\u0142odziej wrzeszczy, \u017ceby z\u0142odzieja \u0142apa\u0107.<\/span><\/p>\n<p dir=\"ltr\" style=\"line-height: 1.38; margin-top: 0pt; margin-bottom: 0pt\"><span style=\"color: #000000; font-family: Verdana; font-size: 13px; font-style: normal; font-variant: normal; font-weight: normal; text-decoration: none; vertical-align: baseline; background-color: transparent\">Przyjrzyjmy si\u0119 tym rz\u0105dz\u0105cym, przecie\u017c to ludzie, kt\u00f3rzy chyba nigdy, nigdzie nie pracowali, nie wiadomo, co oni potrafi\u0105. Oj, przepraszam, &#8211; jedno potrafi\u0105 i to wy\u015bmienicie: \u017cy\u0107 na koszt podatnika. A, \u017ce chc\u0105 \u017cy\u0107 dostatnio, to podatnika trzeba ci\u0105\u0107 po kieszeni, bo przecie\u017c oni sami niczego nie produkuj\u0105, niczego nie wytwarzaj\u0105. Widzieli\u015bcie map\u0119 PIT-u w Europie, na moim Facebooku? Polska ma najmniejsz\u0105 kwot\u0119 woln\u0105 od podatku. Z ca\u0142ej reszty podatnik musi zap\u0142aci\u0107 rz\u0105dz\u0105cym za to, \u017ce s\u0105. Cz\u0142owiek w og\u00f3le jest jedynym rodzajem \u017cyj\u0105cym na ziemi, kt\u00f3ry musi za to, \u017ce tu \u017cyje p\u0142aci\u0107, ale Polacy musz\u0105 p\u0142aci\u0107 najwi\u0119cej. No, to wybierajcie Komorowskiego w maju,dajcie jeszcze raz dow\u00f3d na poparcie z\u0142odziei, aferzyst\u00f3w, nieudacznik\u00f3w, ludzi bez honoru. Komorowski: \u201c<\/span><span style=\"color: #000000; font-family: Verdana; font-size: 13px; font-style: italic; font-variant: normal; font-weight: bold; text-decoration: none; vertical-align: baseline; background-color: transparent\">odejd\u0119 z polityki, je\u015bli Szeremetiew zostanie uniewinniony\u201d.<\/span><span style=\"color: #000000; font-family: Verdana; font-size: 13px; font-style: normal; font-variant: normal; font-weight: normal; text-decoration: none; vertical-align: baseline; background-color: transparent\"> No i wszyscy widzieli\u015bmy to honorowe odej\u015bcie; wepcha\u0142 si\u0119 z powrotem i jeszcze chce drug\u0105 kadencj\u0119. Ot, honor. I takich przyk\u0142ad\u00f3w jest w tym rz\u0105dzie na p\u0119czki. \u201cFacecik od zegareczk\u00f3w\u201d szykowany jest na europejski fotelik. Panowie ze sp\u00f3\u0142ek w\u0119glowych zarabiaj\u0105 krocie, g\u00f3rnik\u00f3w leje si\u0119 wod\u0105 w \u015brodku zimy. A gdzie wywozi si\u0119 rannych g\u00f3rnik\u00f3w, bo nie trafili do szpitali\u2026? Oto ca\u0142y artyku\u0142 &#8211; \u015bwiadectwo c\u00f3rki g\u00f3rnika: <\/span><a href=\"http:\/\/blogpublika.com\/2015\/02\/09\/corka-gornika-policja-wywozi-rannych-w-ostrzale-z-broni-gladkolufowej-gornikow-w-niewiadomym-kierunku\/\" style=\"text-decoration: none\"><span style=\"color: #1155cc; font-family: Verdana; font-size: 13px; font-style: normal; font-variant: normal; font-weight: normal; text-decoration: underline; vertical-align: baseline; background-color: transparent\">http:\/\/blogpublika.com\/2015\/02\/09\/corka-gornika-policja-wywozi-rannych-w-ostrzale-z-broni-gladkolufowej-gornikow-w-niewiadomym-kierunku\/<\/span><\/a><\/p>\n<p dir=\"ltr\" style=\"line-height: 1.38; margin-top: 0pt; margin-bottom: 0pt\"><span style=\"color: #000000; font-family: Verdana; font-size: 13px; font-style: normal; font-variant: normal; font-weight: normal; text-decoration: none; vertical-align: baseline; background-color: transparent\">Wa\u0142esie potrzebne nowe BMW, bo n\u00f3\u017ck\u0119 biedak z\u0142ama\u0142, a starcy w kolejkach mdlej\u0105 i odsy\u0142ani s\u0105 \u201cdo zobaczenia za par\u0119 lat\u201d. A jest to jeden z tych w\u0142adc\u00f3w Polski, kt\u00f3rzy powinni, jak <\/span><\/p>\n<p dir=\"ltr\" style=\"line-height: 1.38; margin-top: 0pt; margin-bottom: 0pt\"><span style=\"color: #000000; font-family: Verdana; font-size: 13px; font-style: normal; font-variant: normal; font-weight: normal; text-decoration: none; vertical-align: baseline; background-color: transparent\">Napoleon zosta\u0107 wywiezieni na ich \u201cKret\u0119\u201d z raz na miesi\u0105c dostarczan\u0105 \u017cywno\u015bci\u0105 i wod\u0105 pitn\u0105.<\/span><\/p>\n<p dir=\"ltr\" style=\"line-height: 1.38; margin-top: 0pt; margin-bottom: 0pt\"><span style=\"color: #000000; font-family: Verdana; font-size: 13px; font-style: normal; font-variant: normal; font-weight: normal; text-decoration: none; vertical-align: baseline; background-color: transparent\">G\u0142osujcie, Rodacy na Komorowskiego, wspierajcie rz\u0105dz\u0105cych cwaniak\u00f3w, kt\u00f3rzy zdzieraj\u0105 z Was ostatni grosz, \u017ceby \u201cgodnie\u201d \u017cy\u0107 na Wasz rachunek.<\/span><\/p>\n<p dir=\"ltr\" style=\"line-height: 1.38; margin-top: 0pt; margin-bottom: 0pt\"><span style=\"color: #000000; font-family: Verdana; font-size: 13px; font-style: normal; font-variant: normal; font-weight: normal; text-decoration: none; vertical-align: baseline; background-color: transparent\">10 maja zbli\u017ca si\u0119 szybkimi krokami. Stoicie przed najwa\u017cniejsz\u0105 chyba pr\u00f3b\u0105 w ca\u0142ej historii tzw. Wolnej Polski. Najwa\u017cniejsz\u0105 dlatego, \u017ce to ju\u017c niestety ostatni dzwonek. Ju\u017c nied\u0142ugo g\u00f3rnictwo trafi szlag, lasy p\u00f3jd\u0105 si\u0119 rucha\u0107 w krzaki, \u201ckapelusznicy\u201d zjad\u0105 falangami i b\u0119d\u0105 zak\u0142ada\u0107 fabryki, podkupywa\u0107 kamienice i dopiero zobaczycie, co to jest prawdziwy czynsz i co to jest praca niewolnika. Ale to ju\u017c b\u0119dzie wy\u0142\u0105cznie na Wasz\u0105 pro\u015bb\u0119.<\/span><\/p>\n<p><\/strong><\/p>\n","protected":false},"excerpt":{"rendered":"<p>Armatki wodne przeciwko g\u00f3rnikom, &#8211; tak wygl\u0105da dialog ze \u015bwiatem pracy pod rz\u0105dami Ewy K\u0142amacz, jak s\u0142usznie nazwa\u0142 \u201crejonow\u0105 docht\u00f3rk\u0119\u201d, pe\u0142ni\u0105c\u0105 obowi\u0105zki premiera, Janusz Rewi\u0144ski.<\/p>\n","protected":false},"author":2,"featured_media":0,"comment_status":"open","ping_status":"open","sticky":false,"template":"","format":"standard","meta":[],"categories":[4],"tags":[],"_links":{"self":[{"href":"https:\/\/sporek.com\/blog\/index.php?rest_route=\/wp\/v2\/posts\/486"}],"collection":[{"href":"https:\/\/sporek.com\/blog\/index.php?rest_route=\/wp\/v2\/posts"}],"about":[{"href":"https:\/\/sporek.com\/blog\/index.php?rest_route=\/wp\/v2\/types\/post"}],"author":[{"embeddable":true,"href":"https:\/\/sporek.com\/blog\/index.php?rest_route=\/wp\/v2\/users\/2"}],"replies":[{"embeddable":true,"href":"https:\/\/sporek.com\/blog\/index.php?rest_route=%2Fwp%2Fv2%2Fcomments&post=486"}],"version-history":[{"count":0,"href":"https:\/\/sporek.com\/blog\/index.php?rest_route=\/wp\/v2\/posts\/486\/revisions"}],"wp:attachment":[{"href":"https:\/\/sporek.com\/blog\/index.php?rest_route=%2Fwp%2Fv2%2Fmedia&parent=486"}],"wp:term":[{"taxonomy":"category","embeddable":true,"href":"https:\/\/sporek.com\/blog\/index.php?rest_route=%2Fwp%2Fv2%2Fcategories&post=486"},{"taxonomy":"post_tag","embeddable":true,"href":"https:\/\/sporek.com\/blog\/index.php?rest_route=%2Fwp%2Fv2%2Ftags&post=486"}],"curies":[{"name":"wp","href":"https:\/\/api.w.org\/{rel}","templated":true}]}}