{"id":487,"date":"2015-02-20T10:54:32","date_gmt":"2015-02-20T14:54:32","guid":{"rendered":"http:\/\/sporek.com\/blog\/?p=487"},"modified":"2015-02-20T10:57:18","modified_gmt":"2015-02-20T14:57:18","slug":"a-zyc-trzeba","status":"publish","type":"post","link":"https:\/\/sporek.com\/blog\/?p=487","title":{"rendered":"&#8230;A \u017cy\u0107 trzeba"},"content":{"rendered":"<p><span style=\"color: #000000; font-family: Verdana; font-size: 13px; font-style: normal; font-variant: normal; font-weight: normal; text-decoration: none; vertical-align: baseline; background-color: transparent\">Polityka, polityk\u0105, a \u017cy\u0107 trzeba. Od kilku lat, zajmuj\u0105c si\u0119 polityk\u0105 jedynie do tego dok\u0142ada\u0142em, chocia\u017c niejaki Rosowski twierdzi, \u017ce \u201ckrad\u0142em\u201d i \u017ce jestem agentem SB, ale nie b\u0119d\u0119 si\u0119 tu zajmowa\u0142 psychiczno-umys\u0142owymi problemami ma\u0142ych ludzi.<!--more--> Od kilku miesi\u0119cy zacz\u0105\u0142em regularnie zarabia\u0107 w tzw. Multi Level Marketing, a dok\u0142adnie w Monavie i najnowszym \u201cdziecku\u201d tej firmy &#8211; \u201cMYNT\u201d. Ju\u017c w 2010 roku, kiedy \u201cetatowo\u201d pisa\u0142em \u015brodowe felietony do Nowego Dziennika, napisa\u0142em tekst, w kt\u00f3rym wysnu\u0142em tez\u0119, \u017ce biznesy networkowe s\u0105 antidotum na kryzysy ekonomiczne. Jako\u017c dy\u017curni, polonijni krytykanci \u201czjechali\u201d mnie r\u00f3wno, ale wcale mi si\u0119 nie odmieni\u0142o. Wr\u0119cz odwrotnie. Mam wiele dowod\u00f3w na to, \u017ce mo\u017cna w tych biznesach zarobi\u0107, a dodatkowo zadba\u0107 o zdrowie.<\/span><\/p>\n<p><strong style=\"font-weight: normal\"><\/p>\n<p dir=\"ltr\" style=\"line-height: 1.38; margin-top: 0pt; margin-bottom: 0pt\"><span style=\"color: #000000; font-family: Verdana; font-size: 13px; font-style: normal; font-variant: normal; font-weight: normal; text-decoration: none; vertical-align: baseline; background-color: transparent\">Dowodem jest m\u00f3j syn w Polsce, kt\u00f3ry po o\u015bmiu miesi\u0105cach \u201cdochrapa\u0142\u201d si\u0119 premii w postaci mercedesa, dowodem jest \u0141ukasz Ig\u0142a w naszej, nowojorskiej grupie, kt\u00f3ry wszed\u0142 do biznesu 2 listopada, 2014 i za dwa tygodnie prawdopodobnie odbierze nowiutkie subaru, jako premi\u0119. Dowodem jest w ko\u0144cu moje konto, na kt\u00f3re, co tydzie\u0144 sp\u0142ywa, niewielka jeszcze sumka, ale za to regularnie. <\/span><\/p>\n<p dir=\"ltr\" style=\"line-height: 1.38; margin-top: 0pt; margin-bottom: 0pt\"><span style=\"color: #000000; font-family: Verdana; font-size: 13px; font-style: normal; font-variant: normal; font-weight: normal; text-decoration: none; vertical-align: baseline; background-color: transparent\">Co odstrasza Polak\u00f3w od tych biznes\u00f3w? Przede wszystkim wszyscy <\/span><span style=\"color: #000000; font-family: Verdana; font-size: 13px; font-style: italic; font-variant: normal; font-weight: normal; text-decoration: none; vertical-align: baseline; background-color: transparent\">\u201cwiedz\u0105, jak to dzia\u0142a\u201d<\/span><span style=\"color: #000000; font-family: Verdana; font-size: 13px; font-style: normal; font-variant: normal; font-weight: normal; text-decoration: none; vertical-align: baseline; background-color: transparent\">. To <\/span><span style=\"color: #000000; font-family: Verdana; font-size: 13px; font-style: italic; font-variant: normal; font-weight: normal; text-decoration: none; vertical-align: baseline; background-color: transparent\">\u201cwiem, jak to dzia\u0142a\u201d<\/span><span style=\"color: #000000; font-family: Verdana; font-size: 13px; font-style: normal; font-variant: normal; font-weight: normal; text-decoration: none; vertical-align: baseline; background-color: transparent\"> jest m\u00f3wione z ironi\u0105, ale jednocze\u015bnie ogromn\u0105 pewno\u015bci\u0105 siebie. Ale na pytanie, czy by\u0142e\u015b, by\u0142a\u015b w takim biznesie odpowiadaj\u0105 &#8211; <\/span><span style=\"color: #000000; font-family: Verdana; font-size: 13px; font-style: italic; font-variant: normal; font-weight: normal; text-decoration: none; vertical-align: baseline; background-color: transparent\">NIE, ale m\u00f3j znajomy by\u0142<\/span><span style=\"color: #000000; font-family: Verdana; font-size: 13px; font-style: normal; font-variant: normal; font-weight: normal; text-decoration: none; vertical-align: baseline; background-color: transparent\">.<\/span><\/p>\n<p dir=\"ltr\" style=\"line-height: 1.38; margin-top: 0pt; margin-bottom: 10pt\"><span style=\"color: #000000; font-family: Verdana; font-size: 13px; font-style: normal; font-variant: normal; font-weight: normal; text-decoration: none; vertical-align: baseline; background-color: transparent\">Trzeba przyzna\u0107; &#8211; \u201cmocny\u201d argument. Na pytanie, czy tw\u00f3j znajomy pracowa\u0142, czy tylko by\u0142? &#8211; odpowied\u017a jest z regu\u0142y taka sama: \u201c<\/span><span style=\"color: #000000; font-family: Verdana; font-size: 13px; font-style: italic; font-variant: normal; font-weight: normal; text-decoration: none; vertical-align: baseline; background-color: transparent\">by\u0142, kupowa\u0142 te produkty, ale zarabiaj\u0105 tylko ci na g\u00f3rze, bo to piramida\u201d<\/span><span style=\"color: #000000; font-family: Verdana; font-size: 13px; font-style: normal; font-variant: normal; font-weight: normal; text-decoration: none; vertical-align: baseline; background-color: transparent\">. No i nasze panie wol\u0105 biega\u0107 od \u201cplejsu, do plejsu\u201d, a panowie harowa\u0107 ci\u0119\u017cko na budowach, albo inni siedzie\u0107 w biurach po osiem, dziesi\u0119\u0107 godzin. \u017badnych zmian. Do roboty i z roboty. A tymczasem, jak si\u0119 dobrze zastanowi\u0107, to wszyscy jeste\u015bmy w jakiej\u015b piramidzie: prezydent, zast\u0119pcy, kongres, senat, urz\u0119dasy i spo\u0142ecze\u0144stwo, to najwi\u0119ksza piramida. Szef, zast\u0119pcy, pomagierzy, donosiciele, a na dole, robole &#8211; piramida. Firmy sprowadzaj\u0105ce \u017cywno\u015b\u0107: producent, hurtonie, \u201cselsmeni\u201d, sklepy, na ko\u0144cu klienci &#8211; piramida. A, czy jaki\u015b sklep zaoferowa\u0142 wam towar za darmo, albo za p\u00f3\u0142 ceny za to, \u017ce polecili\u015bcie go swojemu znajomemu? A kosmetyczka da\u0142a ulg\u0119 za us\u0142ug\u0119, bo powiedzieli\u015bmy o niej kole\u017cance? Odpowiedzcie sobie sami. A network takie ulgi daje i jeszcze daje zarobi\u0107. Za networkiem optowa\u0142 \u015bp. Steve Jobs, szalenie pozytywnie ocenia je Donald Trump, a doktor Oz chwali produkty Monavie i mynta. Firmy networkowe zarabiaj\u0105 najwi\u0119ksze pieni\u0105dze na \u015bwiecie. Os\u0142awiony Amway, to ponad 11 miliard\u00f3w dolar\u00f3w, a Monavie zrobi\u0142o pierwszy miliard dolar\u00f3w w ci\u0105gu trzech lat i sta\u0142o si\u0119 przebojem w\u015br\u00f3d MLM-\u00f3w. Dla por\u00f3wnania, nasza Unia, czeka\u0142a na sw\u00f3j pierwszy miliard ponad trzydzie\u015bci lat &#8211; kilkadziesi\u0105t tysi\u0119cy cz\u0142onk\u00f3w. A od kogo w ko\u0144cu uczy\u0107 si\u0119 robi\u0107 pieni\u0105dze, jak nie od tych, kt\u00f3rzy potrafi\u0105 zarabia\u0107? Kolega z mojej bran\u017cy poradzi mi jedynie, \u017cebym zbiera\u0142, jak najwi\u0119cej uczni\u00f3w i prosi\u0142 Boga, \u017ceby doba mia\u0142a 48 godzin, to mi si\u0119 polepszy (z troski o mnie pewnie nie doda\u0142, \u017ce na koniec roku szkolnego b\u0119d\u0119 si\u0119 nadawa\u0142 do intensywnego leczenia i nawet dwumiesi\u0119czne wakacje nie zregeneruj\u0105 mojego organizmu); kolega z budowy poradzi jedynie: id\u017a i zasuwaj. Ale kolega z networku pomo\u017ce mi wprowadzi\u0107 si\u0119 w biznes i b\u0119dzie mi pomaga\u0142 robi\u0107 pieni\u0105dze, bo on b\u0119dzie je mia\u0142 tym wi\u0119ksze, im wi\u0119cej ja b\u0119d\u0119 zarabia\u0142. <\/span><\/p>\n<p dir=\"ltr\" style=\"line-height: 1.38; margin-top: 0pt; margin-bottom: 10pt\"><span style=\"color: #000000; font-family: Verdana; font-size: 13px; font-style: normal; font-variant: normal; font-weight: normal; text-decoration: none; vertical-align: baseline; background-color: transparent\">Ot\u00f3\u017c w\u0142a\u015bnie ludzie tacy, jak m\u00f3j syn, jak \u0141ukasz, \u00a0a najbardziej Steve Merritt i jego \u017cona, Gina, kt\u00f3rzy weszli do Monavie, gdy by\u0142o tam ju\u017c ponad 50 tysi\u0119cy ludzi, a dzisiaj zarabiaj\u0105 oko\u0142o 300 tysi\u0119cy dolar\u00f3w miesi\u0119cznie, s\u0105 dowodem na to, \u017ce nie tylko \u201cg\u00f3ra\u201d. T\u0105 \u201cg\u00f3r\u0105\u201d mo\u017cna si\u0119 sta\u0107 bardzo szybko, je\u015bli tylko potraktuje si\u0119 ten biznes z sensem i powa\u017cnie. Steve i Gina, to nasza \u201cg\u00f3ra\u201d. Grupa nowojorska jest pod nimi i musz\u0119 powiedzie\u0107, \u017ce nie widzia\u0142em takiego miejsca pracy, w kt\u00f3rym \u201cg\u00f3ra\u201d by\u0142aby tak zainteresowana, aby \u201cdo\u0142om\u201d si\u0119 uda\u0142o. Pa\u0144stwo Merritt pomagaj\u0105 nam, jak mog\u0105, czujemy ich wsparcie i biznes od pewnego czasu zacz\u0105\u0142 si\u0119 mocno kr\u0119ci\u0107. W grupie nowojorskiej jest ju\u017c kilka os\u00f3b, kt\u00f3re zarabiaj\u0105 tysi\u0105c dolc\u00f3w na tydzie\u0144. Mo\u017cna? Oczywi\u015bcie, \u017ce mo\u017cna, &#8211; wystarczy chcie\u0107.<\/span><\/p>\n<p dir=\"ltr\" style=\"line-height: 1.38; margin-top: 0pt; margin-bottom: 0pt\"><span style=\"color: #000000; font-family: Verdana; font-size: 13px; font-style: normal; font-variant: normal; font-weight: normal; text-decoration: none; vertical-align: baseline; background-color: transparent\">Nie czekajmy na zmiany ekonomiczne, bo i tak, je\u015bli nast\u0105pi\u0105, to na gorsze. Nie czekajmy na podwy\u017cszenie emerytur, bo i tak, je\u015bli ma si\u0119 co\u015b w tym temacie zmieni\u0107, to na gorsze. Nasza Unia daje w tej chwili 0.10% na nasze wk\u0142ady. To jaka\u015b paranoja. Nie ograniczajmy naszego \u017cycia do codziennych o\u015bmiu godzin dla kogo\u015b, kto i tak \u017ceruje na naszej pracy. Jeszcze nie spotka\u0142em \u201cbosa\u201d, kt\u00f3ry powiedzia\u0142by swojemu pracownikowi: \u201cej, ty, od dzisiaj dostajesz moj\u0105 pensj\u0119, a ja bior\u0119 twoj\u0105\u201d. Podwy\u017cka? Owszem &#8211; 25 cent\u00f3w na godzin\u0119, raz na dwa lata. Podwy\u017cka w Monavie zale\u017cy ode mnie.<\/span><\/p>\n<p dir=\"ltr\" style=\"line-height: 1.38; margin-top: 0pt; margin-bottom: 0pt\"><span style=\"color: #000000; font-family: Verdana; font-size: 13px; font-style: normal; font-variant: normal; font-weight: normal; text-decoration: none; vertical-align: baseline; background-color: transparent\">Warto\u015b\u0107 dodatkowa, to produkt: wspania\u0142y, zdrowy sok, wspania\u0142e suplementy proteinowe. Od dw\u00f3ch lat pij\u0119 sok \u201cPulse\u201d, z czerwon\u0105 szyjk\u0105, bo jest na kr\u0105\u017cenie i w efekcie bardzo mocny lek na rozrzedzenie krwi, kt\u00f3ry mia\u0142em wg lekarzy za\u017cywa\u0107 do 95 roku \u017cycia (jestem po dw\u00f3ch zawa\u0142ach) ci sami lekarze wycofali mi p\u00f3\u0142 roku temu. Czy nie lepiej zapobiega\u0107, wpsiera\u0107 sw\u00f3j organizm, zamiast si\u0119 leczy\u0107?<\/span><\/p>\n<p dir=\"ltr\" style=\"line-height: 1.38; margin-top: 0pt; margin-bottom: 0pt\"><span style=\"color: #000000; font-family: Verdana; font-size: 13px; font-style: normal; font-variant: normal; font-weight: bold; text-decoration: none; vertical-align: baseline; background-color: transparent\">\u201cSzale\u0144stwem jest oczekiwa\u0107 zmian, robi\u0105c ci\u0105gle to samo\u201d <\/span><span style=\"color: #000000; font-family: Verdana; font-size: 13px; font-style: normal; font-variant: normal; font-weight: normal; text-decoration: none; vertical-align: baseline; background-color: transparent\">&#8211; <\/span><span style=\"color: #000000; font-family: Verdana; font-size: 13px; font-style: italic; font-variant: normal; font-weight: normal; text-decoration: none; vertical-align: baseline; background-color: transparent\">Albert Einstein<\/span><\/p>\n<p dir=\"ltr\" style=\"line-height: 1.38; margin-top: 0pt; margin-bottom: 0pt\"><span style=\"color: #000000; font-family: Verdana; font-size: 13px; font-style: normal; font-variant: normal; font-weight: normal; text-decoration: none; vertical-align: baseline; background-color: transparent\">Zainteresowanych zach\u0119cam: zadzwo\u0144cie, my Wam pomo\u017cemy. Pod jednym warunkiem:<\/span><\/p>\n<p dir=\"ltr\" style=\"line-height: 1.38; margin-top: 0pt; margin-bottom: 0pt\"><span style=\"color: #000000; font-family: Verdana; font-size: 13px; font-style: normal; font-variant: normal; font-weight: normal; text-decoration: none; vertical-align: baseline; background-color: transparent\">musicie chcie\u0107 co\u015b w swoim \u017cyciu zmieni\u0107. Mo\u017cemy stworzy\u0107 nowojorsk\u0105 grup\u0119 Polak\u00f3w zarabiaj\u0105cych ogromne pieni\u0105dze. A co w tym kraju liczy si\u0119 najbardziej?<\/span><\/p>\n<p dir=\"ltr\" style=\"line-height: 1.38; margin-top: 0pt; margin-bottom: 0pt\"><span style=\"color: #000000; font-family: Verdana; font-size: 13px; font-style: normal; font-variant: normal; font-weight: normal; text-decoration: none; vertical-align: baseline; background-color: transparent\">Skoro uda\u0142o si\u0119 ludziom dzia\u0142aj\u0105cym w Monavie w Polsce stworzy\u0107 najmocniejsz\u0105 grup\u0119 w Europie (\u015brednia pensja, niekt\u00f3rych z nich, to kilkaset tysi\u0119cy dolar\u00f3w rocznie plus wakacje na Hawajach, na koszt firmy; wstaj\u0105, jak si\u0119 wy\u015bpi\u0105, pracuj\u0105, jak maj\u0105 ochot\u0119, i \u017cadnego szefa), to czemu mia\u0142oby si\u0119 nie uda\u0107 w Nowym Jorku?<\/span><\/p>\n<p><\/strong><strong style=\"font-weight: normal\"><span style=\"color: #000000; font-family: Verdana; font-size: 13px; font-style: normal; font-variant: normal; font-weight: normal; text-decoration: none; vertical-align: baseline; background-color: transparent\">A co jest prostsze: Samemu zarobi\u0107 sto dolar\u00f3w, czy zarobi\u0107 dolara od stu os\u00f3b? Na tym polega network. S\u0142u\u017c\u0119 rad\u0105 i wsparciem: 718-486-6780<\/span><br \/>\n<\/strong><\/p>\n","protected":false},"excerpt":{"rendered":"<p>Polityka, polityk\u0105, a \u017cy\u0107 trzeba. Od kilku lat, zajmuj\u0105c si\u0119 polityk\u0105 jedynie do tego dok\u0142ada\u0142em, chocia\u017c niejaki Rosowski twierdzi, \u017ce \u201ckrad\u0142em\u201d i \u017ce jestem agentem SB, ale nie b\u0119d\u0119 si\u0119 tu zajmowa\u0142 psychiczno-umys\u0142owymi problemami ma\u0142ych ludzi.<\/p>\n","protected":false},"author":2,"featured_media":0,"comment_status":"open","ping_status":"open","sticky":false,"template":"","format":"standard","meta":[],"categories":[1],"tags":[],"_links":{"self":[{"href":"https:\/\/sporek.com\/blog\/index.php?rest_route=\/wp\/v2\/posts\/487"}],"collection":[{"href":"https:\/\/sporek.com\/blog\/index.php?rest_route=\/wp\/v2\/posts"}],"about":[{"href":"https:\/\/sporek.com\/blog\/index.php?rest_route=\/wp\/v2\/types\/post"}],"author":[{"embeddable":true,"href":"https:\/\/sporek.com\/blog\/index.php?rest_route=\/wp\/v2\/users\/2"}],"replies":[{"embeddable":true,"href":"https:\/\/sporek.com\/blog\/index.php?rest_route=%2Fwp%2Fv2%2Fcomments&post=487"}],"version-history":[{"count":0,"href":"https:\/\/sporek.com\/blog\/index.php?rest_route=\/wp\/v2\/posts\/487\/revisions"}],"wp:attachment":[{"href":"https:\/\/sporek.com\/blog\/index.php?rest_route=%2Fwp%2Fv2%2Fmedia&parent=487"}],"wp:term":[{"taxonomy":"category","embeddable":true,"href":"https:\/\/sporek.com\/blog\/index.php?rest_route=%2Fwp%2Fv2%2Fcategories&post=487"},{"taxonomy":"post_tag","embeddable":true,"href":"https:\/\/sporek.com\/blog\/index.php?rest_route=%2Fwp%2Fv2%2Ftags&post=487"}],"curies":[{"name":"wp","href":"https:\/\/api.w.org\/{rel}","templated":true}]}}