{"id":488,"date":"2015-03-04T08:45:13","date_gmt":"2015-03-04T12:45:13","guid":{"rendered":"http:\/\/sporek.com\/blog\/?p=488"},"modified":"2015-03-04T08:50:09","modified_gmt":"2015-03-04T12:50:09","slug":"pamietnik-postepowej-europejki","status":"publish","type":"post","link":"https:\/\/sporek.com\/blog\/?p=488","title":{"rendered":"Pami\u0119tnik post\u0119powej Europejki"},"content":{"rendered":"<p><strong style=\"font-weight: normal\"><\/p>\n<p dir=\"ltr\" style=\"line-height: 1.38; margin-top: 0pt; margin-bottom: 0pt\" id=\"docs-internal-guid-e5d014c8-e4d0-3d45-8190-aff79eab87e3\"><span style=\"color: #ff0000; font-family: Verdana; font-size: 13px; font-style: normal; font-variant: normal; font-weight: normal; text-decoration: none; vertical-align: baseline; background-color: transparent\">Poniedzia\u0142ek<\/span><\/p>\n<p dir=\"ltr\" style=\"line-height: 1.38; margin-top: 0pt; margin-bottom: 0pt\"><span style=\"color: #000000; font-family: Verdana; font-size: 13px; font-style: normal; font-variant: normal; font-weight: normal; text-decoration: none; vertical-align: baseline; background-color: transparent\">Z rana jad\u0119 odwiedzi\u0107 swoj\u0105 babci\u0119 w szpitalu. Mo\u017ce tym razem uda mi si\u0119 nam\u00f3wi\u0107 j\u0105 na eutanazj\u0119? Popo\u0142udniu id\u0119 na wiec przeciwnik\u00f3w Kary \u015amierci.<!--more--><\/span><\/p>\n<p dir=\"ltr\" style=\"line-height: 1.38; margin-top: 0pt; margin-bottom: 0pt\"><span style=\"color: #ff0000; font-family: Verdana; font-size: 13px; font-style: normal; font-variant: normal; font-weight: normal; text-decoration: none; vertical-align: baseline; background-color: transparent\">Wtorek<\/span><\/p>\n<p dir=\"ltr\" style=\"line-height: 1.38; margin-top: 0pt; margin-bottom: 0pt\"><span style=\"color: #000000; font-family: Verdana; font-size: 13px; font-style: normal; font-variant: normal; font-weight: normal; text-decoration: none; vertical-align: baseline; background-color: transparent\">Dzisiaj z moim Mi\u015bkiem mam zamiar spr\u00f3bowa\u0107 czego\u015b nowego. Misiek zaprosi\u0142 koleg\u0119, chcemy zobaczy\u0107, jak b\u0119dzie nam w tr\u00f3jk\u0105cie. By\u0142o fajowo! Wieczorem przysz\u0142a mama Mi\u015bka. Namawia\u0142a nas na \u015blub i dziecko. D\u0142ugi czas jej t\u0142umaczyli\u015bmy, \u017ce ma\u0142\u017ce\u0144stwo jest nie w modzie. Po co si\u0119 wi\u0105za\u0107? Lepiej by\u0107 wolnym jak ptaszek. A dziecko? To same k\u0142opoty!<\/span><\/p>\n<p dir=\"ltr\" style=\"line-height: 1.38; margin-top: 0pt; margin-bottom: 0pt\"><span style=\"color: #ff0000; font-family: Verdana; font-size: 13px; font-style: normal; font-variant: normal; font-weight: normal; text-decoration: none; vertical-align: baseline; background-color: transparent\">\u015aroda<\/span><\/p>\n<p dir=\"ltr\" style=\"line-height: 1.38; margin-top: 0pt; margin-bottom: 0pt\"><span style=\"color: #000000; font-family: Verdana; font-size: 13px; font-style: normal; font-variant: normal; font-weight: normal; text-decoration: none; vertical-align: baseline; background-color: transparent\">Dzisiaj uczestniczy\u0142am w prote\u015bcie gej\u00f3w i lesbijek. Domagali\u015bmy si\u0119 zalegalizowania zwi\u0105zk\u00f3w ma\u0142\u017ce\u0144skich homoseksualnych oraz prawa do adopcji dla ma\u0142\u017ce\u0144stw tej samej p\u0142ci.<\/span><\/p>\n<p dir=\"ltr\" style=\"line-height: 1.38; margin-top: 0pt; margin-bottom: 0pt\"><span style=\"color: #ff0000; font-family: Verdana; font-size: 13px; font-style: normal; font-variant: normal; font-weight: normal; text-decoration: none; vertical-align: baseline; background-color: transparent\">Czwartek<\/span><\/p>\n<p dir=\"ltr\" style=\"line-height: 1.38; margin-top: 0pt; margin-bottom: 0pt\"><span style=\"color: #000000; font-family: Verdana; font-size: 13px; font-style: normal; font-variant: normal; font-weight: normal; text-decoration: none; vertical-align: baseline; background-color: transparent\">Z rana wymiotowa\u0142am. Zrobi\u0142am test. Jestem w ci\u0105\u017cy. Czym pr\u0119dzej uda\u0142am si\u0119 do odpowiedniego specjalisty, aby pozby\u0107 si\u0119 niechcianego ci\u0119\u017caru. Jeszcze tego samego dnia uczestniczy\u0142am w prote\u015bcie przeciwko budowie obwodnicy na miejscu siedliska bardzo rzadkiego chrz\u0105szcza. Szkoda robaczka&#8230;<\/span><\/p>\n<p dir=\"ltr\" style=\"line-height: 1.38; margin-top: 0pt; margin-bottom: 0pt\"><span style=\"color: #ff0000; font-family: Verdana; font-size: 13px; font-style: normal; font-variant: normal; font-weight: normal; text-decoration: none; vertical-align: baseline; background-color: transparent\">Pi\u0105tek<\/span><\/p>\n<p dir=\"ltr\" style=\"line-height: 1.38; margin-top: 0pt; margin-bottom: 0pt\"><span style=\"color: #000000; font-family: Verdana; font-size: 13px; font-style: normal; font-variant: normal; font-weight: normal; text-decoration: none; vertical-align: baseline; background-color: transparent\">Chyba jednak bardziej poci\u0105gaj\u0105 mnie kobiety. Dzisiaj um\u00f3wi\u0142am si\u0119 z jedn\u0105, aby spr\u00f3bowa\u0107&#8230; by\u0142o super! Wieczorem wyzna\u0142am o tym Mi\u015bkowi a on przyzna\u0142 mi si\u0119 do kontakt\u00f3w z innymi m\u0119\u017cczyznami&#8230;! Zrozumieli\u015bmy, \u017ce oboje pragniemy czego\u015b innego. Zostali\u015bmy przyjaci\u00f3\u0142mi.<\/span><\/p>\n<p dir=\"ltr\" style=\"line-height: 1.38; margin-top: 0pt; margin-bottom: 0pt\"><span style=\"color: #ff0000; font-family: Verdana; font-size: 13px; font-style: normal; font-variant: normal; font-weight: normal; text-decoration: none; vertical-align: baseline; background-color: transparent\">Sobota<\/span><\/p>\n<p dir=\"ltr\" style=\"line-height: 1.38; margin-top: 0pt; margin-bottom: 0pt\"><span style=\"color: #000000; font-family: Verdana; font-size: 13px; font-style: normal; font-variant: normal; font-weight: normal; text-decoration: none; vertical-align: baseline; background-color: transparent\">Nagle dosta\u0142am przeb\u0142ysku! Chc\u0119 by\u0107 facetem! Jeszcze tego samego dnia poszpera\u0142am w internecie i wiecie co? Zrobi\u0119 to!<\/span><\/p>\n<p dir=\"ltr\" style=\"line-height: 1.38; margin-top: 0pt; margin-bottom: 0pt\"><span style=\"color: #ff0000; font-family: Verdana; font-size: 13px; font-style: normal; font-variant: normal; font-weight: normal; text-decoration: none; vertical-align: baseline; background-color: transparent\">Niedziela<\/span><span style=\"color: #000000; font-family: Verdana; font-size: 13px; font-style: normal; font-variant: normal; font-weight: normal; text-decoration: none; vertical-align: baseline; background-color: transparent\">, <\/span><span style=\"color: #ff0000; font-family: Verdana; font-size: 13px; font-style: normal; font-variant: normal; font-weight: normal; text-decoration: none; vertical-align: baseline; background-color: transparent\">lecz kilka miesi\u0119cy p\u00f3\u017aniej<\/span><\/p>\n<p dir=\"ltr\" style=\"line-height: 1.38; margin-top: 0pt; margin-bottom: 0pt\"><span style=\"color: #000000; font-family: Verdana; font-size: 13px; font-style: normal; font-variant: normal; font-weight: normal; text-decoration: none; vertical-align: baseline; background-color: transparent\">Powoli ucz\u0119 si\u0119 coraz bardziej m\u0119skich zachowa\u0144, zaczynam podrywa\u0107 kobiety. Dzisiaj um\u00f3wi\u0142em si\u0119 z jedn\u0105 przez internet. Randka w ciemno. Ona nie wie, \u017ce by\u0142em kobiet\u0105. Ciekawe, jak zareaguje? Um\u00f3wi\u0142em si\u0119 na g. 19. Stoj\u0119, czekam i co widz\u0119? <\/span><\/p>\n<p><\/strong><strong style=\"font-weight: normal\"><span style=\"color: #000000; font-family: Verdana; font-size: 13px; font-style: normal; font-variant: normal; font-weight: normal; text-decoration: none; vertical-align: baseline; background-color: transparent\">Oczom nie wierz\u0119! MISIEK???<\/span><br \/>\n<\/strong><\/p>\n","protected":false},"excerpt":{"rendered":"<p>Poniedzia\u0142ek Z rana jad\u0119 odwiedzi\u0107 swoj\u0105 babci\u0119 w szpitalu. Mo\u017ce tym razem uda mi si\u0119 nam\u00f3wi\u0107 j\u0105 na eutanazj\u0119? Popo\u0142udniu id\u0119 na wiec przeciwnik\u00f3w Kary \u015amierci.<\/p>\n","protected":false},"author":2,"featured_media":0,"comment_status":"open","ping_status":"open","sticky":false,"template":"","format":"standard","meta":[],"categories":[1],"tags":[],"_links":{"self":[{"href":"https:\/\/sporek.com\/blog\/index.php?rest_route=\/wp\/v2\/posts\/488"}],"collection":[{"href":"https:\/\/sporek.com\/blog\/index.php?rest_route=\/wp\/v2\/posts"}],"about":[{"href":"https:\/\/sporek.com\/blog\/index.php?rest_route=\/wp\/v2\/types\/post"}],"author":[{"embeddable":true,"href":"https:\/\/sporek.com\/blog\/index.php?rest_route=\/wp\/v2\/users\/2"}],"replies":[{"embeddable":true,"href":"https:\/\/sporek.com\/blog\/index.php?rest_route=%2Fwp%2Fv2%2Fcomments&post=488"}],"version-history":[{"count":0,"href":"https:\/\/sporek.com\/blog\/index.php?rest_route=\/wp\/v2\/posts\/488\/revisions"}],"wp:attachment":[{"href":"https:\/\/sporek.com\/blog\/index.php?rest_route=%2Fwp%2Fv2%2Fmedia&parent=488"}],"wp:term":[{"taxonomy":"category","embeddable":true,"href":"https:\/\/sporek.com\/blog\/index.php?rest_route=%2Fwp%2Fv2%2Fcategories&post=488"},{"taxonomy":"post_tag","embeddable":true,"href":"https:\/\/sporek.com\/blog\/index.php?rest_route=%2Fwp%2Fv2%2Ftags&post=488"}],"curies":[{"name":"wp","href":"https:\/\/api.w.org\/{rel}","templated":true}]}}