{"id":489,"date":"2015-03-28T00:48:21","date_gmt":"2015-03-28T04:48:21","guid":{"rendered":"http:\/\/sporek.com\/blog\/?p=489"},"modified":"2015-03-28T01:09:15","modified_gmt":"2015-03-28T05:09:15","slug":"%e2%80%a6-to-sie-uda","status":"publish","type":"post","link":"https:\/\/sporek.com\/blog\/?p=489","title":{"rendered":"\u2026 To si\u0119 uda"},"content":{"rendered":"<p><strong style=\"font-weight: normal\"><\/p>\n<p dir=\"ltr\" style=\"line-height: 1.38; margin-top: 0pt; margin-bottom: 0pt\" id=\"docs-internal-guid-a0e722a5-5eb5-3b04-25de-f9d87c01bc4c\"><span style=\"color: #000000; font-family: Verdana; font-size: 13px; font-style: normal; font-variant: normal; font-weight: normal; text-decoration: none; vertical-align: baseline; background-color: transparent\">To musi si\u0119 uda\u0107, Andrzeju Duda, w przeciwnym razie na ratunek Polski nie b\u0119dzie ju\u017c szans. Je\u015bli Polska pozostanie w r\u0119kach ludzi, kt\u00f3rzy praktycznie bior\u0105c s\u0105 jej wrogami, to naprawd\u0119 niewiele dobrego mo\u017cemy si\u0119 spodziewa\u0107 w najbli\u017cszych latach.<!--more--><\/span><\/p>\n<p dir=\"ltr\" style=\"line-height: 1.38; margin-top: 0pt; margin-bottom: 0pt\"><span style=\"color: #000000; font-family: Verdana; font-size: 13px; font-style: normal; font-variant: normal; font-weight: normal; text-decoration: none; vertical-align: baseline; background-color: transparent\">Po raz kolejny ogl\u0105da\u0142em, dzi\u015b w nocy film o rotmistrzu Pileckim, z Markiem Proboszem w roli g\u0142\u00f3wnej i zaraz potem, na tym samym linku obejrza\u0142em \u201cInk\u0119\u201d. Taki \u201cwiecz\u00f3r pami\u0119ci\u201d sobie urz\u0105dzi\u0142em w dzie\u0144 po wyst\u0119pie Jana Pietrzaka. On zawsze dzia\u0142a na mnie niesamowicie patriotycznie. Wi\u0119c nie liczy\u0142em mijaj\u0105cych godzin. I po raz kolejny nie mog\u0119 zrozumie\u0107, jak mog\u0142o w wolnej Polsce doj\u015b\u0107 do ochrony i nietykalno\u015bci kat\u00f3w i, jak mog\u0142o doj\u015b\u0107 do tak strasznego poni\u017cenia ofiar; &#8211; tych \u017cyj\u0105cych i tych, kt\u00f3re zgin\u0119\u0142y z r\u0105k komunist\u00f3w. I nie mam innego wyt\u0142umaczenia, jak tylko w\u0142a\u015bnie to, \u017ce \u201cwladcy\u201d wolnej Polski, po obaleniu rz\u0105du Jana Olszewskiego byli i s\u0105 wrogami Polski. M\u00f3g\u0142bym si\u0119 nie dziwi\u0107 ekipie Kwa\u015bniewskiego, to s\u0105 pozosta\u0142o\u015bci po komunie, czyli w\u0142a\u015bnie po katach. Kiedy ods\u0142oni\u0119to przesz\u0142o\u015b\u0107 Wa\u0142\u0119sy, jemu te\u017c przesta\u0142em si\u0119 dziwi\u0107, pozosta\u0142a jedynie pogarda. Ale nigdy nie zrozumiem obecnie rz\u0105dz\u0105cej ekipy Tuska, Komorowskiego, Pawlaka, Niesio\u0142owskiego i tych wszystkich, kt\u00f3rzy che\u0142pi\u0105 si\u0119 solidarno\u015bciow\u0105 przesz\u0142o\u015bci\u0105; walk\u0105 o dobro Polski, o wolno\u015b\u0107 s\u0142owa, godne \u017cycie obywateli. Wyrzekli si\u0119 wszystkiego: idei Solidarno\u015bci, honoru, patriotyzmu, chrze\u015bcija\u0144skiej historii i historii w og\u00f3le.<\/span><\/p>\n<p dir=\"ltr\" style=\"line-height: 1.38; margin-top: 0pt; margin-bottom: 0pt\"><span style=\"color: #000000; font-family: Verdana; font-size: 13px; font-style: normal; font-variant: normal; font-weight: normal; text-decoration: none; vertical-align: baseline; background-color: transparent\">A teraz zastanawiam si\u0119, czy mo\u017cliwe jest, aby wznie\u015b\u0107 si\u0119 ponad wszelkie podzia\u0142y prowokowane przez malutkich ludzi \u017c\u0105dnych przyw\u00f3dczych funkcji, rzucaj\u0105cyh fa\u0142szywe oskar\u017cnienia, byle tylko zaistnie\u0107, byle pokrzycze\u0107 sobie na rogu ulicy \u201craz sierpem, raz m\u0142otem\u2026\u201d, byle nazywa\u0107 si\u0119 \u201cprawicowcem\u201d, byle mie\u0107 jak\u0105\u015b funkcj\u0119.<\/span><\/p>\n<p dir=\"ltr\" style=\"line-height: 1.38; margin-top: 0pt; margin-bottom: 0pt\"><span style=\"color: #000000; font-family: Verdana; font-size: 13px; font-style: normal; font-variant: normal; font-weight: normal; text-decoration: none; vertical-align: baseline; background-color: transparent\">Tomasz Sakiewicz w artykule o zbli\u017caj\u0105cej si\u0119 Pi\u0105tej Rocznicy Katastrofy Smole\u0144skiej pisze o jakich\u015b destrukcyjnych akcjach w\u015br\u00f3d ameryka\u0144skiej Polonii. By\u0142oby \u015bwietnie, gdyby napisa\u0142 dok\u0142adnie, kto takie akcje prowadzi, &#8211; z imienia, nazwiska, nazwy organizacji. Nie mo\u017cna pisa\u0107 og\u00f3lnikami. W\u0142a\u015bnie dlatego, \u017ce kiedy\u015b, na pocz\u0105tku transformacji nie nazywano rzeczy i ludzi po imieniu dowiedzieli\u015bmy si\u0119 o zdrajcach, agentach, tajnych wsp\u00f3\u0142pracownikach zbyt p\u00f3\u017ano. Zabezpieczyli sobie, &#8211; zd\u0105\u017cyli -, wszystko, co by\u0142o potrzebne do wygodnego \u017cycia, do nietykalno\u015bci.<\/span><\/p>\n<p dir=\"ltr\" style=\"line-height: 1.38; margin-top: 0pt; margin-bottom: 0pt\"><span style=\"color: #000000; font-family: Verdana; font-size: 13px; font-style: normal; font-variant: normal; font-weight: normal; text-decoration: none; vertical-align: baseline; background-color: transparent\">Jak\u017cesz cz\u0119sto z\u0142odziej wrzeszczy \u201c\u0142apa\u0107 z\u0142odzieja\u201d. I tak jest w wielu przypadkach tych, kt\u00f3rzy rzucaj\u0105 oskar\u017cenia. Wi\u0119c lepiej powiedzie\u0107, kto bojkotuje, kto dzia\u0142a destrukcyjnie.<\/span><\/p>\n<p dir=\"ltr\" style=\"line-height: 1.38; margin-top: 0pt; margin-bottom: 0pt\"><span style=\"color: #000000; font-family: Verdana; font-size: 13px; font-style: normal; font-variant: normal; font-weight: normal; text-decoration: none; vertical-align: baseline; background-color: transparent\">W miejsce samorozwi\u0105zanego Klubu Gazety Polskiej w Nowym Jorku powo\u0142ali\u015bmy do \u017cycia stowarzyszenie pn \u201cRuch Prawicowy\u201d. Nie widz\u0119 \u017cadnego problemu, aby wsp\u00f3\u0142pracowa\u0107, wsp\u00f3\u0142dzia\u0142a\u0107 z ka\u017cd\u0105 organizacj\u0105, kt\u00f3rej celem jest zmiana w\u0142adzy w Polsce. Pod jednym wszak\u017ce warunkiem, \u017ce te organizacje nie bed\u0105 widzia\u0142y problemu, aby wsp\u00f3\u0142pracowa\u0107 z nami i nas do tej wsp\u00f3\u0142pracy dopu\u015bci\u0107. Pi\u0105ta Rocznica Smole\u0144ska, wybory prezydenckie, to niezwykle wa\u017cne wydarzenia tej wiosny. B\u0119dziemy ci\u0105gn\u0105\u0107 ten w\u00f3z w jedn\u0105, wsp\u00f3ln\u0105 stron\u0119, czy b\u0119dziemy si\u0119 rozszarpywa\u0107 na strz\u0119py? Czas poka\u017ce.<\/span><\/p>\n<p dir=\"ltr\" style=\"line-height: 1.38; margin-top: 0pt; margin-bottom: 0pt\"><span style=\"color: #000000; font-family: Verdana; font-size: 13px; font-style: normal; font-variant: normal; font-weight: normal; text-decoration: none; vertical-align: baseline; background-color: transparent\">Polska ma za du\u017co do stracenia, \u017ceby\u015bmy teraz pozwalali sobie na nieodpowiedzialne ruchy, na konflikty po naszej, prawicowej stronie p\u0142otu. <\/span><\/p>\n<p><\/strong><\/p>\n","protected":false},"excerpt":{"rendered":"<p>To musi si\u0119 uda\u0107, Andrzeju Duda, w przeciwnym razie na ratunek Polski nie b\u0119dzie ju\u017c szans. Je\u015bli Polska pozostanie w r\u0119kach ludzi, kt\u00f3rzy praktycznie bior\u0105c s\u0105 jej wrogami, to naprawd\u0119 niewiele dobrego mo\u017cemy si\u0119 spodziewa\u0107 w najbli\u017cszych latach.<\/p>\n","protected":false},"author":2,"featured_media":0,"comment_status":"open","ping_status":"open","sticky":false,"template":"","format":"standard","meta":[],"categories":[1,4],"tags":[],"_links":{"self":[{"href":"https:\/\/sporek.com\/blog\/index.php?rest_route=\/wp\/v2\/posts\/489"}],"collection":[{"href":"https:\/\/sporek.com\/blog\/index.php?rest_route=\/wp\/v2\/posts"}],"about":[{"href":"https:\/\/sporek.com\/blog\/index.php?rest_route=\/wp\/v2\/types\/post"}],"author":[{"embeddable":true,"href":"https:\/\/sporek.com\/blog\/index.php?rest_route=\/wp\/v2\/users\/2"}],"replies":[{"embeddable":true,"href":"https:\/\/sporek.com\/blog\/index.php?rest_route=%2Fwp%2Fv2%2Fcomments&post=489"}],"version-history":[{"count":0,"href":"https:\/\/sporek.com\/blog\/index.php?rest_route=\/wp\/v2\/posts\/489\/revisions"}],"wp:attachment":[{"href":"https:\/\/sporek.com\/blog\/index.php?rest_route=%2Fwp%2Fv2%2Fmedia&parent=489"}],"wp:term":[{"taxonomy":"category","embeddable":true,"href":"https:\/\/sporek.com\/blog\/index.php?rest_route=%2Fwp%2Fv2%2Fcategories&post=489"},{"taxonomy":"post_tag","embeddable":true,"href":"https:\/\/sporek.com\/blog\/index.php?rest_route=%2Fwp%2Fv2%2Ftags&post=489"}],"curies":[{"name":"wp","href":"https:\/\/api.w.org\/{rel}","templated":true}]}}